{"id":188123,"date":"2025-10-19T23:20:14","date_gmt":"2025-10-19T23:20:14","guid":{"rendered":"https:\/\/www.europesays.com\/es\/188123\/"},"modified":"2025-10-19T23:20:14","modified_gmt":"2025-10-19T23:20:14","slug":"esta-vida-es-una-carcel-moral-me-rebelare-siempre","status":"publish","type":"post","link":"https:\/\/www.europesays.com\/es\/188123\/","title":{"rendered":"Esta vida es una c\u00e1rcel moral. Me rebelar\u00e9 siempre"},"content":{"rendered":"<p class=\"article-text\">\n        \u201cAll\u00e1 en el fondo, todas las palabras que dijimos y de las que ya no guardamos recuerdo, duermen bajo las aguas. \/ Duermen aquellas que no supinos decir y esperan su turno para salir a flote. Las cartas que hemos roto, las no recibidas y las veces que hemos dicho adi\u00f3s. La pena que sentimos y que ahora, al recordarla, nos parece peque\u00f1a. La risa o el llanto que no lleg\u00f3 a brotar. La amistad que buscamos en el momento dif\u00edcil y que result\u00f3 m\u00e1s d\u00e9bil que nosotros, m\u00e1s falta de ayuda. La persona a quien quisimos consolar y nos sirvi\u00f3 de consuelo&#8230;. \/ Todo duerme all\u00ed, en ese fondo\u201d.\n    <\/p>\n<p class=\"article-text\">\n        La infancia es un para\u00edso perdido; al menos, para quienes tienen la fortuna de disfrutar de una ni\u00f1ez sin carencias graves, arropados por una familia. Para la escritora Carmen Kurtz (Barcelona, 1911-1999), a pesar de perder a su madre a temprana edad, esos d\u00edas quedaron como un oasis antes de que los acontecimientos que escapaban a su control y al de cualquier individuo mandaran al traste la existencia de todo un pa\u00eds, primero, y de varios continentes, poco despu\u00e9s. Nacida unos a\u00f1os antes que la generaci\u00f3n de <a href=\"https:\/\/www.eldiario.es\/cultura\/libros\/hija-madre-madre-hija-hilo-maternofilial-teje-vida-obra-carmen-martin-gaite_1_12535920.html\" target=\"_blank\" data-mrf-recirculation=\"links-noticia\" class=\"link\" rel=\"nofollow noopener\">Carmen Mart\u00edn Gaite<\/a>, <a href=\"https:\/\/www.eldiario.es\/cultura\/libros\/ana-maria-matute-nina-eterna-fascinada-bosques-guerra-le-hizo-perder-inocencia_1_12483686.html\" target=\"_blank\" data-mrf-recirculation=\"links-noticia\" class=\"link\" rel=\"nofollow noopener\">Ana Mar\u00eda Matute<\/a>, <a href=\"https:\/\/www.eldiario.es\/cultura\/si-quieres-descubrir-juan-marse-no-fies-peliculas-hicieron-libros_1_6115640.html\" target=\"_blank\" data-mrf-recirculation=\"links-noticia\" class=\"link\" rel=\"nofollow noopener\">Juan Mars\u00e9<\/a>, <a href=\"https:\/\/www.eldiario.es\/cultura\/libros\/regreso-jesus-fernandez-santos-escritor-cineasta-olvidado-generacion-50_1_12532390.html\" target=\"_blank\" data-mrf-recirculation=\"links-noticia\" class=\"link\" rel=\"nofollow noopener\">Jes\u00fas Fern\u00e1ndez Santos<\/a> y tantos otros, a ella la guerra no le rompi\u00f3 la infancia, pero le trunc\u00f3 los sue\u00f1os de juventud.\n    <\/p>\n","protected":false},"excerpt":{"rendered":"\u201cAll\u00e1 en el fondo, todas las palabras que dijimos y de las que ya no guardamos recuerdo, duermen&hellip;\n","protected":false},"author":2,"featured_media":188124,"comment_status":"","ping_status":"","sticky":false,"template":"","format":"standard","meta":{"footnotes":""},"categories":[172],"tags":[224,4280,14750,146,147,25,24,4936,52821,225,911,16463,52822,2687,23,2606],"class_list":{"0":"post-188123","1":"post","2":"type-post","3":"status-publish","4":"format-standard","5":"has-post-thumbnail","7":"category-libros","8":"tag-books","9":"tag-carcel","10":"tag-carmen","11":"tag-entertainment","12":"tag-entretenimiento","13":"tag-es","14":"tag-espana","15":"tag-generacion","16":"tag-kurtz","17":"tag-libros","18":"tag-memoria","19":"tag-moral","20":"tag-rebelare","21":"tag-rota","22":"tag-spain","23":"tag-vida"},"share_on_mastodon":{"url":"","error":""},"_links":{"self":[{"href":"https:\/\/www.europesays.com\/es\/wp-json\/wp\/v2\/posts\/188123","targetHints":{"allow":["GET"]}}],"collection":[{"href":"https:\/\/www.europesays.com\/es\/wp-json\/wp\/v2\/posts"}],"about":[{"href":"https:\/\/www.europesays.com\/es\/wp-json\/wp\/v2\/types\/post"}],"author":[{"embeddable":true,"href":"https:\/\/www.europesays.com\/es\/wp-json\/wp\/v2\/users\/2"}],"replies":[{"embeddable":true,"href":"https:\/\/www.europesays.com\/es\/wp-json\/wp\/v2\/comments?post=188123"}],"version-history":[{"count":0,"href":"https:\/\/www.europesays.com\/es\/wp-json\/wp\/v2\/posts\/188123\/revisions"}],"wp:featuredmedia":[{"embeddable":true,"href":"https:\/\/www.europesays.com\/es\/wp-json\/wp\/v2\/media\/188124"}],"wp:attachment":[{"href":"https:\/\/www.europesays.com\/es\/wp-json\/wp\/v2\/media?parent=188123"}],"wp:term":[{"taxonomy":"category","embeddable":true,"href":"https:\/\/www.europesays.com\/es\/wp-json\/wp\/v2\/categories?post=188123"},{"taxonomy":"post_tag","embeddable":true,"href":"https:\/\/www.europesays.com\/es\/wp-json\/wp\/v2\/tags?post=188123"}],"curies":[{"name":"wp","href":"https:\/\/api.w.org\/{rel}","templated":true}]}}