{"id":188139,"date":"2025-10-19T23:30:14","date_gmt":"2025-10-19T23:30:14","guid":{"rendered":"https:\/\/www.europesays.com\/es\/188139\/"},"modified":"2025-10-19T23:30:14","modified_gmt":"2025-10-19T23:30:14","slug":"muere-una-montanera-de-27-anos-de-pamplona-en-un-accidente-en-panticosa","status":"publish","type":"post","link":"https:\/\/www.europesays.com\/es\/188139\/","title":{"rendered":"Muere una monta\u00f1era de 27 a\u00f1os de Pamplona en un accidente en Panticosa"},"content":{"rendered":"<p>            Muere una monta\u00f1era de 27 a\u00f1os de Pamplona en un accidente en Panticosa                <\/p>\n<p>Muere una monta\u00f1era de 27 a\u00f1os de Pamplona en un accidente en Panticosa<\/p>\n<p class=\"epigraph\">Un familiar alert\u00f3 a la Guardia Civil despu\u00e9s de que el s\u00e1bado no regresara a casa. Ya son 24 las personas que han perdido la vida este a\u00f1o en actividades deportivas en la naturaleza en Arag\u00f3n.<\/p>\n<p class=\"paragraph\">Nueva jornada tr\u00e1gica en el <b>Pirineo aragon\u00e9s<\/b>. Una monta\u00f1era de<b> 27 a\u00f1os <\/b>de edad y vecina de <b>Pamplona <\/b>(Navarra) fue hallada <b>muerta<\/b> este domingo tras sufrir un accidente en el <b>Pico de las Neveras<\/b> (2.890 metros de altitud), en el t\u00e9rmino municipal de <b>Panticosa<\/b>, en la provincia de <b>Huesca<\/b>.<\/p>\n<p>            Conforme a los criterios de<br \/>\n            <a class=\"trustproject_img\" id=\"trustproject_img\" href=\"https:\/\/thetrustproject.org\/\" target=\"_blank\" rel=\"nofollow noopener\" aria-label=\"Trust Project\"><img decoding=\"async\" loading=\"lazy\" src=\"https:\/\/www.heraldo.es\/images\/Trust-Logo-Horizontal.svg\" alt=\"Logo Trust Project\" width=\"200\" height=\"34\"\/><\/a><\/p>\n<p>                <img decoding=\"async\" loading=\"lazy\" src=\"https:\/\/www.europesays.com\/es\/wp-content\/uploads\/2025\/08\/ruben-dario-nunez.jpeg\" class=\"author-image\" width=\"120\" height=\"120\" alt=\"Rub\u00e9n Dar\u00edo N\u00fa\u00f1ez\"\/><\/p>\n<p>        <a href=\"https:\/\/www.henneo.com\/\" title=\"Grupo Henneo\" class=\"logo\" rel=\"nofollow noopener\" target=\"_blank\"><br \/>\n            <img decoding=\"async\" src=\"https:\/\/www.heraldo.es\/images\/logo_henneo_gris.svg\" alt=\"Logo Henneo\" width=\"559\" height=\"389\" loading=\"lazy\"\/><br \/>\n        <\/a><\/p>\n<p>\u00a9 HERALDO DE ARAGON EDITORA, S.L.U.<br \/>Tel\u00e9fono 976 765 000 \/ &#8211; P\u00ba. Independencia, 29, 50001 Zaragoza &#8211; CIF: B99288763 &#8211; Inscrita en el Registro Mercantil de Zaragoza al Tomo 3796, Libro 0, Folio 177, Secci\u00f3n 8, Hoja Z-50564<br \/>Queda prohibida toda reproducci\u00f3n sin permiso escrito de la empresa a los efectos del art\u00edculo 32.1, p\u00e1rrafo segundo, de la Ley de Propiedad Intelectual<\/p>\n<p>\n                P\u00ba Independencia, 29, 50001 Zaragoza<br \/> Tel\u00e9fono 976 765 000\n            <\/p>\n<p>                    Actualmente tu navegador no permite ejecutar JavaScript. Para poder disfrutar de nuestro contenido es necesario que lo permita.<br \/>\n                                        <img decoding=\"async\" loading=\"lazy\" alt=\"Heraldo logo\" src=\"https:\/\/dkumiip2e9ary.cloudfront.net\/xalok\/heraldo\/especiales\/hola-de-nuevo\/logo-heraldo.svg\" width=\"215\" height=\"43\"\/><\/p>\n","protected":false},"excerpt":{"rendered":"Muere una monta\u00f1era de 27 a\u00f1os de Pamplona en un accidente en Panticosa Muere una monta\u00f1era de 27&hellip;\n","protected":false},"author":2,"featured_media":188140,"comment_status":"","ping_status":"","sticky":false,"template":"","format":"standard","meta":{"footnotes":""},"categories":[8],"tags":[4205,17,18,25,24,13,14,11,19,20,52825,8938,9,10,15,16,1358,52824,23,12,21,22],"class_list":{"0":"post-188139","1":"post","2":"type-post","3":"status-publish","4":"format-standard","5":"has-post-thumbnail","7":"category-espana","8":"tag-accidente","9":"tag-breaking-news","10":"tag-breakingnews","11":"tag-es","12":"tag-espana","13":"tag-featured-news","14":"tag-featurednews","15":"tag-headlines","16":"tag-latest-news","17":"tag-latestnews","18":"tag-montanera","19":"tag-muere","20":"tag-news","21":"tag-noticias","22":"tag-noticias-destacadas","23":"tag-noticiasdestacadas","24":"tag-pamplona","25":"tag-panticosa","26":"tag-spain","27":"tag-titulares","28":"tag-ultimas-noticias","29":"tag-ultimasnoticias"},"share_on_mastodon":{"url":"","error":""},"_links":{"self":[{"href":"https:\/\/www.europesays.com\/es\/wp-json\/wp\/v2\/posts\/188139","targetHints":{"allow":["GET"]}}],"collection":[{"href":"https:\/\/www.europesays.com\/es\/wp-json\/wp\/v2\/posts"}],"about":[{"href":"https:\/\/www.europesays.com\/es\/wp-json\/wp\/v2\/types\/post"}],"author":[{"embeddable":true,"href":"https:\/\/www.europesays.com\/es\/wp-json\/wp\/v2\/users\/2"}],"replies":[{"embeddable":true,"href":"https:\/\/www.europesays.com\/es\/wp-json\/wp\/v2\/comments?post=188139"}],"version-history":[{"count":0,"href":"https:\/\/www.europesays.com\/es\/wp-json\/wp\/v2\/posts\/188139\/revisions"}],"wp:featuredmedia":[{"embeddable":true,"href":"https:\/\/www.europesays.com\/es\/wp-json\/wp\/v2\/media\/188140"}],"wp:attachment":[{"href":"https:\/\/www.europesays.com\/es\/wp-json\/wp\/v2\/media?parent=188139"}],"wp:term":[{"taxonomy":"category","embeddable":true,"href":"https:\/\/www.europesays.com\/es\/wp-json\/wp\/v2\/categories?post=188139"},{"taxonomy":"post_tag","embeddable":true,"href":"https:\/\/www.europesays.com\/es\/wp-json\/wp\/v2\/tags?post=188139"}],"curies":[{"name":"wp","href":"https:\/\/api.w.org\/{rel}","templated":true}]}}