{"id":188143,"date":"2025-10-19T23:32:09","date_gmt":"2025-10-19T23:32:09","guid":{"rendered":"https:\/\/www.europesays.com\/es\/188143\/"},"modified":"2025-10-19T23:32:09","modified_gmt":"2025-10-19T23:32:09","slug":"el-virgen-de-la-victoria-roza-el-triunfo-pero-acaba-empatando-en-la-cancha-del-bm-malaga-34-34","status":"publish","type":"post","link":"https:\/\/www.europesays.com\/es\/188143\/","title":{"rendered":"El Virgen de la Victoria roza el triunfo pero acaba empatando en la cancha del BM. M\u00e1laga (34-34)"},"content":{"rendered":"<p><strong>El Club Melilla Balonmano Virgen de la Victoria sum\u00f3 este domingo un importante empate (34-34) en la cancha del BM. M\u00e1laga, en un partido de alta intensidad y emoci\u00f3n de principio a fin. H\u00e9ctor Chicano lider\u00f3 a los melillenses con 13 goles, bien secundado por Santi Bedoya y Simao, con 7 tantos cada uno. Con este resultado, el equipo que dirige Oriol Ferr\u00e9 se sit\u00faa a solo tres y dos puntos de las dos primeras posiciones de la clasificaci\u00f3n.<\/strong><\/p>\n<p>La primera mitad comenz\u00f3 con un ritmo fren\u00e9tico y constante intercambio de goles. H\u00e9ctor Chicano anot\u00f3 varios tantos consecutivos que mantuvieron al equipo melillense en la pelea y llev\u00f3 la iniciativa en el marcador en los primeros veinticinco minutos, como as\u00ed lo reflejan los parciales cada cinco minutos: 2-1, 3-5, 4-8, 8-9 y 11-13, aunque antes del descanso los malague\u00f1os remontaron para irse a los vestuarios con ventaja de 16-15.<\/p>\n<p><strong>Segunda parte<\/strong><\/p>\n<p>La vuelta a la cancha no le sent\u00f3 nada m\u00e1s bien a los melillenses, ya que el BM. M\u00e1laga ampli\u00f3 ventaja y parec\u00eda que conseguir\u00eda la victoria con ventajas de 20-16, 24-18, 27-24, aunque fue entonces cuando el Melilla Balonmano Virgen de la Victoria respondi\u00f3 con determinaci\u00f3n, reduciendo la ventaja en 28-25 y 32-29 en los dos siguientes parciales, y a falta de dos minutos para el final, el equipo de Oriol Ferr\u00e9 le dio la vuelta al marcador y parec\u00eda tener el triunfo en la mano con un 32-34.<\/p>\n<p><strong>Final de \u2018infarto\u2019<\/strong><\/p>\n<p>Sin embargo, los locales recortaron distancias y empataron a diecis\u00e9is segundos del final. La \u00faltima posesi\u00f3n fue para el conjunto de la Ciudad Aut\u00f3noma, pero finalmente el choque termin\u00f3 en tablas (34-34)H\u00e9ctor Chicano fue la figura destacada del partido con 13 goles, seguido de Santi Bedoya y Simao, que anotaron siete tantos cada uno. Su rendimiento permiti\u00f3 a Melilla mantenerse competitivo hasta los \u00faltimos segundos y sumar un punto valioso fuera de casa.<\/p>\n<p id=\"pvc_stats_10329897\" class=\"pvc_stats total_only  pvc_load_by_ajax_update\" data-element-id=\"10329897\" style=\"\"> <img loading=\"lazy\" class=\"lazy\" decoding=\"async\" width=\"16\" height=\"16\" alt=\"Loading\" src=\"https:\/\/www.europesays.com\/es\/wp-content\/uploads\/2025\/10\/1759987271_991_ajax-loader-2x.gif\" border=\"0\"\/><\/p>\n<p> p:last-of-type {<br \/>\n\tdisplay: inline;<br \/>\n}<\/p>\n<p>.aioseo-author-bio-compact-right .aioseo-author-bio-compact-main .author-bio-link {<br \/>\n\tdisplay: inline-flex;<br \/>\n}<\/p>\n<p>.aioseo-author-bio-compact-right .aioseo-author-bio-compact-main .author-bio-link a {<br \/>\n\tdisplay: flex;<br \/>\n\talign-items: center;<br \/>\n}<\/p>\n<p>.aioseo-author-bio-compact-right .aioseo-author-bio-compact-main .author-bio-link a svg {<br \/>\n\tfill: black;<br \/>\n}<\/p>\n<p>.aioseo-author-bio-compact-right .aioseo-author-bio-compact-footer .author-expertises {<br \/>\n\tdisplay: flex;<br \/>\n\tflex-wrap: wrap;<br \/>\n\tgap: 10px;<br \/>\n}<\/p>\n<p>.aioseo-author-bio-compact-right .aioseo-author-bio-compact-footer .author-expertises .author-expertise {<br \/>\n\tpadding: 4px 8px;<\/p>\n<p>\tfont-size: 14px;<\/p>\n<p>\tborder-radius: 4px;<br \/>\n\tbackground-color: #DCDDE1;<br \/>\n\tcolor: inherit;<br \/>\n}<\/p>\n<p>.aioseo-author-bio-compact-right .aioseo-author-bio-compact-footer .author-socials {<br \/>\n\tmargin-top: 12px;<\/p>\n<p>\tdisplay: flex;<br \/>\n\tgap: 6px;<br \/>\n}<\/p>\n<p>.aioseo-author-bio-compact-right .aioseo-author-bio-compact-footer .author-socials .aioseo-social-icon-tumblrUrl {<br \/>\n\tmargin-left: -2px;<br \/>\n}<\/p>\n<p>.aioseo-author-bio-compact-site-editor-disclaimer {<br \/>\n\tcolor: black;<br \/>\n\tmargin-bottom: 12px;<br \/>\n\tfont-style: italic;<br \/>\n}<\/p>\n<p>@media screen and (max-width: 430px ) {<br \/>\n\t.aioseo-author-bio-compact {<br \/>\n\t\tflex-direction: column;<br \/>\n\t\tgap: 20px;<br \/>\n\t}<\/p>\n<p>\t.aioseo-author-bio-compact-left .aioseo-author-bio-compact-image {<br \/>\n\t\tdisplay: block;<br \/>\n\t\tmargin: 0 auto;<br \/>\n\t\twidth: 160px;<br \/>\n\t\theight: 160px;<br \/>\n\t}<\/p>\n<p>\t.aioseo-author-bio-compact-right {<br \/>\n\t\ttext-align: center;<br \/>\n\t}<\/p>\n<p>\t.aioseo-author-bio-compact-right .aioseo-author-bio-compact-header {<br \/>\n\t\tjustify-content: center;<br \/>\n\t}<\/p>\n<p>\t.aioseo-author-bio-compact-right .aioseo-author-bio-compact-footer .author-socials {<br \/>\n\t\tjustify-content: center;<br \/>\n\t}<br \/>\n}<br \/>\n]]><\/p>\n<p>\t\t\t<img decoding=\"async\" class=\"aioseo-author-bio-compact-image lazy\" src=\"https:\/\/www.europesays.com\/es\/wp-content\/uploads\/2025\/10\/1760916729_777_12617fd1044ec1cdf84c9fcc894e40ee529e9240cb60f6449ec8152bfef3fe40\" alt=\"avatar de autor\"\/><\/p>\n","protected":false},"excerpt":{"rendered":"El Club Melilla Balonmano Virgen de la Victoria sum\u00f3 este domingo un importante empate (34-34) en la cancha&hellip;\n","protected":false},"author":2,"featured_media":188144,"comment_status":"","ping_status":"","sticky":false,"template":"","format":"standard","meta":{"footnotes":""},"categories":[278],"tags":[376,168,25,24,375,23,167],"class_list":{"0":"post-188143","1":"post","2":"type-post","3":"status-publish","4":"format-standard","5":"has-post-thumbnail","7":"category-balonmano","8":"tag-balonmano","9":"tag-deportes","10":"tag-es","11":"tag-espana","12":"tag-handball","13":"tag-spain","14":"tag-sports"},"share_on_mastodon":{"url":"","error":""},"_links":{"self":[{"href":"https:\/\/www.europesays.com\/es\/wp-json\/wp\/v2\/posts\/188143","targetHints":{"allow":["GET"]}}],"collection":[{"href":"https:\/\/www.europesays.com\/es\/wp-json\/wp\/v2\/posts"}],"about":[{"href":"https:\/\/www.europesays.com\/es\/wp-json\/wp\/v2\/types\/post"}],"author":[{"embeddable":true,"href":"https:\/\/www.europesays.com\/es\/wp-json\/wp\/v2\/users\/2"}],"replies":[{"embeddable":true,"href":"https:\/\/www.europesays.com\/es\/wp-json\/wp\/v2\/comments?post=188143"}],"version-history":[{"count":0,"href":"https:\/\/www.europesays.com\/es\/wp-json\/wp\/v2\/posts\/188143\/revisions"}],"wp:featuredmedia":[{"embeddable":true,"href":"https:\/\/www.europesays.com\/es\/wp-json\/wp\/v2\/media\/188144"}],"wp:attachment":[{"href":"https:\/\/www.europesays.com\/es\/wp-json\/wp\/v2\/media?parent=188143"}],"wp:term":[{"taxonomy":"category","embeddable":true,"href":"https:\/\/www.europesays.com\/es\/wp-json\/wp\/v2\/categories?post=188143"},{"taxonomy":"post_tag","embeddable":true,"href":"https:\/\/www.europesays.com\/es\/wp-json\/wp\/v2\/tags?post=188143"}],"curies":[{"name":"wp","href":"https:\/\/api.w.org\/{rel}","templated":true}]}}