{"id":188181,"date":"2025-10-20T00:01:09","date_gmt":"2025-10-20T00:01:09","guid":{"rendered":"https:\/\/www.europesays.com\/es\/188181\/"},"modified":"2025-10-20T00:01:09","modified_gmt":"2025-10-20T00:01:09","slug":"max-verstappen-y-su-advertencia-a-lando-norris-y-oscar-piastri-en-el-gp-de-estados-unidos-hay-opciones","status":"publish","type":"post","link":"https:\/\/www.europesays.com\/es\/188181\/","title":{"rendered":"Max Verstappen y su advertencia a Lando Norris y Oscar Piastri en el GP de Estados Unidos: \u00abHay opciones&#8230;\u00bb"},"content":{"rendered":"<p data-journey-content=\"true\" data-node-id=\"3\" class=\"css-6wxqfj emevuu60\">Antes del par\u00f3n de verano, Max Verstappen lleg\u00f3 a admitir en rueda de prensa que el mundial estaba pr\u00e1cticamente imposible. Pero claro, eso lo dec\u00eda cuando la distancia con Oscar Piastri era superior a los 100 puntos, una mala tendencia que ha cambiado radicalmente en los \u00faltimos Grandes Premios. Hasta el GP de Italia, el neerland\u00e9s tan s\u00f3lo hab\u00eda logrado dos victorias, y ahora, en las \u00faltimas cuatro carreras, ha materializado tres victorias y una segunda posici\u00f3n. <\/p>\n<p>Max Verstappen, a la caza de McLaren <\/p>\n<p data-journey-content=\"true\" data-node-id=\"7\" class=\"css-6wxqfj emevuu60\">La batalla en el GP de Singapur comenzaba ya durante la jornada de viernes, teniendo en cuenta que <strong data-node-id=\"7.1\">este fin de semana hab\u00eda formato Sprint. En ella, <a href=\"https:\/\/www.caranddriver.com\/es\/formula-1\/a69078321\/max-verstappen-reto-lando-norris-oscar-piastri-gp-estados-unidos-nivel\/\" target=\"_blank\" data-vars-ga-outbound-link=\"https:\/\/www.caranddriver.com\/es\/formula-1\/a69078321\/max-verstappen-reto-lando-norris-oscar-piastri-gp-estados-unidos-nivel\/\" data-vars-ga-ux-element=\"Hyperlink\" data-vars-ga-call-to-action=\"el neerland\u00e9s logr\u00f3 la pole y la victoria\" data-node-id=\"7.1.1\" class=\"body-link css-168zq96 emevuu60\" rel=\"nofollow noopener\">el neerland\u00e9s logr\u00f3 la pole y la victoria<\/a>, mientras que Lando Norris y Oscar Piastri terminaban fuera de carrera<\/strong>. De cara al domingo, con tan s\u00f3lo una vuelta de Q3, el de Red Bull ten\u00eda la pole en el bolsillo, aunque todav\u00eda faltaba finiquitar el trabajo. Desde la salida, no solamente ver\u00edamos a un Max Verstappen imperial, sino que marcar\u00eda los tiempos sin rival en pista. <\/p>\n<p data-journey-content=\"true\" data-node-id=\"9\" class=\"css-6wxqfj emevuu60\">Aprovechando el \u2018pique\u2019 entre Charles Leclerc y Lando Norris, su distancia entre ambos pilotos lleg\u00f3 a ser superior a los diez segundos. Tras la parada, el monegasco contar\u00eda con la ventaja estrat\u00e9gica del neum\u00e1tico medio, <strong data-node-id=\"9.1\">aunque no ser\u00eda impedimento para un piloto de Red Bull que ten\u00eda claro cu\u00e1l iba a ser su objetivo en el d\u00eda de hoy.<\/strong> De esta forma, tras 56 vueltas siendo el m\u00e1s r\u00e1pido, <a href=\"https:\/\/www.caranddriver.com\/es\/formula-1\/a69085279\/max-verstappen-arrasa-gp-estados-unidos-fernando-alonso-puntua-carlos-sainz-abandona\/\" target=\"_blank\" data-vars-ga-outbound-link=\"https:\/\/www.caranddriver.com\/es\/formula-1\/a69085279\/max-verstappen-arrasa-gp-estados-unidos-fernando-alonso-puntua-carlos-sainz-abandona\/\" data-vars-ga-ux-element=\"Hyperlink\" data-vars-ga-call-to-action=\"el neerland\u00e9s lograr\u00eda su quinta victoria\" data-node-id=\"9.3\" class=\"body-link css-168zq96 emevuu60\" rel=\"nofollow noopener\">el neerland\u00e9s lograr\u00eda su quinta victoria<\/a> de la temporada, recortando las distancias con Oscar Piastri a 40 puntos y con Lando Norris a tan s\u00f3lo 26. <\/p>\n<p><img draggable=\"true\" alt=\"max verstappen f1\" title=\"Max Verstappen F1\" loading=\"lazy\" width=\"4710\" height=\"3138\" decoding=\"async\" data-nimg=\"1\" style=\"color:transparent;width:100%;height:auto;\"   src=\"https:\/\/www.europesays.com\/es\/wp-content\/uploads\/2025\/10\/gettyimages-2242062730-68f54b7929154.jpg\" class=\"css-0 e1g79fud0\"\/><a target=\"_blank\" rel=\"noopener nofollow\" data-theme-key=\"base-link\" href=\"https:\/\/pinterest.com\/pin\/create\/button\/?url=https:\/\/www.caranddriver.com\/es\/formula-1\/a69085504\/max-verstappen-advertencia-lando-norris-oscar-piastri-gp-estados-unidos\/&amp;description=&amp;media=https:\/\/hips.hearstapps.com\/hmg-prod\/images\/gettyimages-2242062730-68f54b7929154.jpg?resize=1600:*\" class=\"pinterest css-on9hn5 e1c1bym14\"><img decoding=\"async\" data-dynamic-svg=\"true\" src=\"https:\/\/www.caranddriver.com\/_assets\/design-tokens\/fre\/static\/icons\/social\/pinterest.e8cf655.svg?primary=%2523ffffff\" loading=\"lazy\" data-testid=\"dynamic-svg-base\" height=\"auto\" width=\"auto\" alt=\"pinterest\" class=\"css-4lml0h e1mlxuuw1\"\/><\/a><\/p>\n<p>Rudy Carezzevoli<\/p>\n<p data-journey-content=\"true\" data-node-id=\"14\" class=\"css-6wxqfj emevuu60\">\u201cSeguiremos haciendo todo lo que podamos hasta el final. Necesito fines de semana perfectos de aqu\u00ed a fin de temporada y ese es el objetivo. Yo me estoy divirtiendo, ganemos o no, es emocionante para todo el mundo. <strong data-node-id=\"14.1\">Sin duda este fin de semana ha sido muy bueno para nosotros y ese lo que necesitamos<\/strong>\u201d, dec\u00eda el piloto de Red Bull. <\/p>\n<p data-journey-content=\"true\" data-node-id=\"16\" class=\"css-6wxqfj emevuu60\">\u201c<strong data-node-id=\"16.1\">Si miras toda la carrera, el ritmo entre Lando y yo fue muy parecido. La diferencia la marcamos en el primer stint.<\/strong> Pude abrir un peque\u00f1o hueco, y b\u00e1sicamente lo mantuvimos hasta el final\u201d, prosigui\u00f3.<\/p>\n<p data-journey-content=\"true\" data-node-id=\"18\" class=\"css-6wxqfj emevuu60\">\u201c<strong data-node-id=\"18.1\">No fue f\u00e1cil de gestionar, pero conservamos el liderato y estoy incre\u00edblemente orgulloso de todo el equipo por haber logrado un fin de semana as\u00ed<\/strong>\u201d, concluy\u00f3 Max Verstappen. <\/p>\n<p>La pelea por el quinto t\u00edtulo, cada vez m\u00e1s cerca<\/p>\n<p data-journey-content=\"true\" data-node-id=\"21\" class=\"css-6wxqfj emevuu60\">La clave de este cambio de Red Bull que hemos analizado tiene un por qu\u00e9, que ya explic\u00f3 en su d\u00eda el propio Helmut Marko. Se trata del nuevo suelo que introdujeron los austriacos en el GP de Italia, y a partir de ah\u00ed, <a href=\"https:\/\/www.caranddriver.com\/es\/formula-1\/a69081993\/max-verstappen-dominio-lando-norris-oscar-piastri-gp-de-estados-unidos\/\" target=\"_blank\" data-vars-ga-outbound-link=\"https:\/\/www.caranddriver.com\/es\/formula-1\/a69081993\/max-verstappen-dominio-lando-norris-oscar-piastri-gp-de-estados-unidos\/\" data-vars-ga-ux-element=\"Hyperlink\" data-vars-ga-call-to-action=\"Max Verstappen se ha encontrado m\u00e1s c\u00f3modo\" data-node-id=\"21.1\" class=\"body-link css-168zq96 emevuu60\" rel=\"nofollow noopener\">Max Verstappen se ha encontrado m\u00e1s c\u00f3modo<\/a> a los mandos del RB21. <strong data-node-id=\"21.3\">Teniendo en cuenta que el 2026 est\u00e1 a la vuelta de la esquina, un a\u00f1o \u201cdemasiado optimista\u201d tal y como nos revel\u00f3 un experto en F1<\/strong>, 2025 se postula como una gran oportunidad para lograr el quinto t\u00edtulo, algo de lo que ha querido hablar el neerland\u00e9s. <\/p>\n<p data-journey-content=\"true\" data-node-id=\"23\" class=\"css-6wxqfj emevuu60\">\u201c<strong data-node-id=\"23.1\">Hay una oportunidad, puedo hacerlo. Tendremos que repetir este tipo de fines de semana hasta el final. Lo intentaremos todo y seguro que va a ser emocionante hasta el final<\/strong>\u201d, dec\u00eda. <\/p>\n<p><img draggable=\"true\" alt=\"max verstappen f1\" title=\"Max Verstappen F1\" loading=\"lazy\" width=\"4876\" height=\"3251\" decoding=\"async\" data-nimg=\"1\" style=\"color:transparent;width:100%;height:auto;\"   src=\"https:\/\/www.europesays.com\/es\/wp-content\/uploads\/2025\/10\/max-verstappen-68f54ba960932.jpg\" class=\"css-0 e1g79fud0\"\/><a target=\"_blank\" rel=\"noopener nofollow\" data-theme-key=\"base-link\" href=\"https:\/\/pinterest.com\/pin\/create\/button\/?url=https:\/\/www.caranddriver.com\/es\/formula-1\/a69085504\/max-verstappen-advertencia-lando-norris-oscar-piastri-gp-estados-unidos\/&amp;description=&amp;media=https:\/\/hips.hearstapps.com\/hmg-prod\/images\/max-verstappen-68f54ba960932.jpg?resize=1600:*\" class=\"pinterest css-on9hn5 e1c1bym14\"><img decoding=\"async\" data-dynamic-svg=\"true\" src=\"https:\/\/www.caranddriver.com\/_assets\/design-tokens\/fre\/static\/icons\/social\/pinterest.e8cf655.svg?primary=%2523ffffff\" loading=\"lazy\" data-testid=\"dynamic-svg-base\" height=\"auto\" width=\"auto\" alt=\"pinterest\" class=\"css-4lml0h e1mlxuuw1\"\/><\/a><\/p>\n<p>RONALDO SCHEMIDT<\/p>\n<p data-journey-content=\"true\" data-node-id=\"26\" class=\"css-6wxqfj emevuu60\">Es as\u00ed como el piloto de Red Bull ha conseguido su s\u00e9ptimo &#8216;Grand Chelem&#8217; de su carrera deportiva en un fin de semana donde ha recortado distancias con Lando Norris y Oscar Piastri.    <\/p>\n","protected":false},"excerpt":{"rendered":"Antes del par\u00f3n de verano, Max Verstappen lleg\u00f3 a admitir en rueda de prensa que el mundial estaba&hellip;\n","protected":false},"author":2,"featured_media":188182,"comment_status":"","ping_status":"","sticky":false,"template":"","format":"standard","meta":{"footnotes":""},"categories":[270],"tags":[168,253,25,24,306,271,272,23,167],"class_list":{"0":"post-188181","1":"post","2":"type-post","3":"status-publish","4":"format-standard","5":"has-post-thumbnail","7":"category-formula-1","8":"tag-deportes","9":"tag-discover","10":"tag-es","11":"tag-espana","12":"tag-f1","13":"tag-formula-1","14":"tag-formula1","15":"tag-spain","16":"tag-sports"},"share_on_mastodon":{"url":"","error":""},"_links":{"self":[{"href":"https:\/\/www.europesays.com\/es\/wp-json\/wp\/v2\/posts\/188181","targetHints":{"allow":["GET"]}}],"collection":[{"href":"https:\/\/www.europesays.com\/es\/wp-json\/wp\/v2\/posts"}],"about":[{"href":"https:\/\/www.europesays.com\/es\/wp-json\/wp\/v2\/types\/post"}],"author":[{"embeddable":true,"href":"https:\/\/www.europesays.com\/es\/wp-json\/wp\/v2\/users\/2"}],"replies":[{"embeddable":true,"href":"https:\/\/www.europesays.com\/es\/wp-json\/wp\/v2\/comments?post=188181"}],"version-history":[{"count":0,"href":"https:\/\/www.europesays.com\/es\/wp-json\/wp\/v2\/posts\/188181\/revisions"}],"wp:featuredmedia":[{"embeddable":true,"href":"https:\/\/www.europesays.com\/es\/wp-json\/wp\/v2\/media\/188182"}],"wp:attachment":[{"href":"https:\/\/www.europesays.com\/es\/wp-json\/wp\/v2\/media?parent=188181"}],"wp:term":[{"taxonomy":"category","embeddable":true,"href":"https:\/\/www.europesays.com\/es\/wp-json\/wp\/v2\/categories?post=188181"},{"taxonomy":"post_tag","embeddable":true,"href":"https:\/\/www.europesays.com\/es\/wp-json\/wp\/v2\/tags?post=188181"}],"curies":[{"name":"wp","href":"https:\/\/api.w.org\/{rel}","templated":true}]}}