{"id":188187,"date":"2025-10-20T00:04:12","date_gmt":"2025-10-20T00:04:12","guid":{"rendered":"https:\/\/www.europesays.com\/es\/188187\/"},"modified":"2025-10-20T00:04:12","modified_gmt":"2025-10-20T00:04:12","slug":"los-fans-mas-leales-de-la-oreja-de-van-gogh-se-desmarcan-de-la-nueva-etapa-con-amaia-la-voz-de-galicia","status":"publish","type":"post","link":"https:\/\/www.europesays.com\/es\/188187\/","title":{"rendered":"Los fans m\u00e1s leales de La Oreja de Van Gogh se desmarcan de la nueva etapa con Amaia &#8211; La Voz de Galicia"},"content":{"rendered":"<ol>\n<li><a href=\"https:\/\/news.google.com\/rss\/articles\/CBMi1wFBVV95cUxQNGpnaUZaZUdzLXp0VjF4bUszNEJBc2xjLXhCbUY2MzZZZ29xbFl5c0ZQZEVQMVJnRktxRVlva0ZQYmpSLVVFZmtvdEREcFVJdzFlYmt0MzQtMHB4NUJtVWRWWkU3dGdoLWFZQUpaMGljM0w2d2ZiOC1WT3NWVlZTNjZkbzRWVUVvN05wanFFaW5xNzRpNFpobmpBLWVTZkpnYnF2WDE1ZGFpV1JDM2h5U2dLVy1PV3JkSVZyS0RLczd6eE4xQTViN0ZGc2R5ZVZmQXBsWW5UY9IB8wFBVV95cUxPZ0c2Y3B3djJLOFhEalBxUmhPLXkwazctQ3JGbUVPM21YUHlOWkhhYWRjX0tSSExvSS15R3dSU3h5anplblRDR1Q4OE5seE1va1dRSFBOVzdwUnZmc3JTeGE0ZzRfWXJxTnRDM3FacEc4djAybUNoZng1YnBWdHRTRUp4N19HR2F6bVBURzllQkxaMTJiZWducUU4UHg3NHRQcloyMHRWM0J1MEl5NXZHbHdib0owWk1vTlVWNW5JSW9nWTEwMVRHNjJoSVcyWVZqWUFac1UtR0dLMXo5eThaYWNHLUg4QWo2VzJQOXlManlvTmM?oc=5\" target=\"_blank\" rel=\"nofollow noopener\">Los fans m\u00e1s leales de La Oreja de Van Gogh se desmarcan de la nueva etapa con Amaia<\/a>&nbsp;&nbsp;La Voz de Galicia<\/li>\n<li><a href=\"https:\/\/news.google.com\/rss\/articles\/CBMi0AFBVV95cUxNa0llWnlWbTJQZjRwb2F2U1IxSXBRTFZISlE1NkNJcG9MV0tqTVAzVjJuMWQxVGU2dlBXekpUX3hkSEVGdXNSUDVoQnlGV1EtdmpkbGJPLUQ2ZUQzMng5TEdQSkxsN3JoeW9sY0thUTFUYkU4QTBmSFMxLUNXSTV2V2JaVjItZDlwWVRreGNVVnVjaC1UT09seXlROUk5ZnV5TnJjN3hUSmlXRDhOMGxfaFNxRmJDck5EZnd6QjQzV0VZUG9rY3NxYS1XOE94dGJJ?oc=5\" target=\"_blank\" rel=\"nofollow noopener\">Amaia Montero regresa a La Oreja de Van Gogh y Pablo Benegas responde: \u201cNo les voy a acompa\u00f1ar\u201d<\/a>&nbsp;&nbsp;EL PA\u00cdS<\/li>\n<li><a href=\"https:\/\/news.google.com\/rss\/articles\/CBMimAJBVV95cUxQdHBFdE9NVTJRZEhiTnlsaHNBM0FyRGJ2WTVmTG15N21YQVpEQ1dkMmhSNVZNMXVqRkZ4eEJIV0Y4VHFUVU04c0d4VEZCTHBnQVJPcER2eUEzd1pLQzYycXNoNU9NSUN0NFl6MnR3TXlRUko2eG1LV3A0YmhnRHk3ZTd3YzVFc21HZzBuWXFNV2xXYV9lbThQLVNlWVJzWi1TVXZWV0cxZ0JYM2FQXy1uSGxiNFJSU1pTeGlyekppYkk4Rkk2THY3WGFoTjZaelN1ZjlORDNjeGppWFpTVnFfeDdkT2RkaGVtRTNwOHZ0MXNRMDk1eUctOGtyTGJFMXZZRDZNc3pvZlFDT3c3ZDFQaWFZSzFLMVQ10gGsAkFVX3lxTFB4WWdNN3FiMGlmd3JmcFg2SVd0SGFjRFAwZlJYc1NHZEtPQmhPdWY1YUtMZ3R3ZXdfd1dNeGpGOXVieG5xb2h1YkxqRW4wcTJuczJCaUNXNEpxS0IwaXo0RDZLeVdtWk12Nm1nbUNXckg1RlM1eW0zSGI0clI4LWFMQXNqLU01NDBNNExZRWgzSXVZMDJreG9uZjFHWC1pUEZySXNGTjRfTURXVWpwc2YtNU81SWVWeTFWZUlKb2I0VVYtU2dHcDY3X0lTYVdWREktRl9sMXczSHJFdXVPVVJwSG9TOFJtbG1EQXpFT2RxbUp4UHVVdjdNTm5CYlJRWHA3a29KazljT1o5UEd4NkUxS1pBTnBJbVlIQ1FKOWRxRkZHSmhIX0Y1Y2dKbw?oc=5\" target=\"_blank\" rel=\"nofollow noopener\">Entradas de La Oreja de Van Gogh en Madrid, Bilbao o Barcelona: fecha, hora y cu\u00e1ndo comprar tickets para los conciertos con Amaia Montero<\/a>&nbsp;&nbsp;Cadena SER<\/li>\n<li><a href=\"https:\/\/news.google.com\/rss\/articles\/CBMi1AFBVV95cUxNZTh1WDJ1UmM2S01NSnV2bElodlFsTWVRMlhIR3Z2Y0tCS2tDUjd0aU1JWE1wSFZNQ1FFQ290NzhVRVdFOEh0V3R5QzM3OWZKYjNSUV83eTJpcWdzdVBBeENhRF9iWTVlNGE0NVFESlhZMWNtTnZsU3BDYTU2TUp4WUY0SkR2czF1cmQyUk5ENmxtMkFybGhWSTNjNjB5eVMtSkRKLWIydHRQT2Q2STBYY3BEV0p5Q1dDWDhFOFVxdW1jNlMtdWpkeld6cGdCZHEyRlJqUdIB6AFBVV95cUxPczI3Yy1tVlVFa05ERlNMME1QSDBsMHJGU2U0NENqc3I2am1wWnF1VlBEcXhOdVRCUTFUempZUnhaMkVaM0hCdVl2eEFWNTZYbldkZ3c1T1lfVm1XM3B1MS16akJCTjVEaVpHWjhjMnpXZ2Z0ZEdoWXlKX19nbXNQa2JpRzJrYTNObW9TT1BCalYxeEJteDRpQmJodzFSSmdWanJBSmNOeVJYanIzLUsyZHZRYU42Smo5Y3pORUlNb3FveUJ1MXBhUXVhajBGeUgwTWlsRmJBWWxtQmN4ZFBuWktvdGJXWExW?oc=5\" target=\"_blank\" rel=\"nofollow noopener\">\u00daltimas reacciones a la vuelta de Amaia Montero: de Mal\u00fa a Leire Mart\u00ednez<\/a>&nbsp;&nbsp;La Raz\u00f3n<\/li>\n<li><a href=\"https:\/\/news.google.com\/rss\/articles\/CBMi5AFBVV95cUxPWjhNWDFYWHlPNzlYUG5ndVF0XzQwZThkaG41MzI0b0ZkVW9zdWhBMkNtbTZ2YnVBNC1LUGs5bGJRMlozNXJpRXJVS1dMUGFjVy1sU25fTUxkak15SG9rdFFNQzgwT19MMGFieXJwdTUxcDhWUVNhQjZhYkVfTXdqbl94WGs3Tk85M3Uzd0tKUVRvRGxCQ2hvZm9KemF2OUtxcnlIU3JGTDIwYm5jeWNnODZ5QWNUUXZUN2h5SmpGMU11Wk9UdFpjdVVOdVZpbzQ2Qkt0UlVCR1Z3c0N3dVRpVm42Ymw?oc=5\" target=\"_blank\" rel=\"nofollow noopener\">Enfado y disoluci\u00f3n de varios clubes de fans de La Oreja de Van Gogh tras la vuelta de Amaia: \u00abAhora Leire es parte de esta familia\u00bb<\/a>&nbsp;&nbsp;20Minutos<\/li>\n<\/ol>\n","protected":false},"excerpt":{"rendered":"Los fans m\u00e1s leales de La Oreja de Van Gogh se desmarcan de la nueva etapa con Amaia&nbsp;&nbsp;La&hellip;\n","protected":false},"author":2,"featured_media":188188,"comment_status":"","ping_status":"","sticky":false,"template":"","format":"standard","meta":{"footnotes":""},"categories":[174],"tags":[20219,255,146,147,25,24,256,20220,23],"class_list":{"0":"post-188187","1":"post","2":"type-post","3":"status-publish","4":"format-standard","5":"has-post-thumbnail","7":"category-famosos","8":"tag-amaia-montero","9":"tag-celebrities","10":"tag-entertainment","11":"tag-entretenimiento","12":"tag-es","13":"tag-espana","14":"tag-famosos","15":"tag-la-oreja-de-van-gogh","16":"tag-spain"},"share_on_mastodon":{"url":"","error":""},"_links":{"self":[{"href":"https:\/\/www.europesays.com\/es\/wp-json\/wp\/v2\/posts\/188187","targetHints":{"allow":["GET"]}}],"collection":[{"href":"https:\/\/www.europesays.com\/es\/wp-json\/wp\/v2\/posts"}],"about":[{"href":"https:\/\/www.europesays.com\/es\/wp-json\/wp\/v2\/types\/post"}],"author":[{"embeddable":true,"href":"https:\/\/www.europesays.com\/es\/wp-json\/wp\/v2\/users\/2"}],"replies":[{"embeddable":true,"href":"https:\/\/www.europesays.com\/es\/wp-json\/wp\/v2\/comments?post=188187"}],"version-history":[{"count":0,"href":"https:\/\/www.europesays.com\/es\/wp-json\/wp\/v2\/posts\/188187\/revisions"}],"wp:featuredmedia":[{"embeddable":true,"href":"https:\/\/www.europesays.com\/es\/wp-json\/wp\/v2\/media\/188188"}],"wp:attachment":[{"href":"https:\/\/www.europesays.com\/es\/wp-json\/wp\/v2\/media?parent=188187"}],"wp:term":[{"taxonomy":"category","embeddable":true,"href":"https:\/\/www.europesays.com\/es\/wp-json\/wp\/v2\/categories?post=188187"},{"taxonomy":"post_tag","embeddable":true,"href":"https:\/\/www.europesays.com\/es\/wp-json\/wp\/v2\/tags?post=188187"}],"curies":[{"name":"wp","href":"https:\/\/api.w.org\/{rel}","templated":true}]}}