{"id":188203,"date":"2025-10-20T00:17:24","date_gmt":"2025-10-20T00:17:24","guid":{"rendered":"https:\/\/www.europesays.com\/es\/188203\/"},"modified":"2025-10-20T00:17:24","modified_gmt":"2025-10-20T00:17:24","slug":"la-asociacion-de-la-prensa-censura-el-ataque-de-oscar-puente-al-corresponsal-de-abc-por-preguntar-a-trump","status":"publish","type":"post","link":"https:\/\/www.europesays.com\/es\/188203\/","title":{"rendered":"La Asociaci\u00f3n de la Prensa censura el ataque de \u00d3scar Puente al corresponsal de ABC por preguntar a Trump"},"content":{"rendered":"<p>            Las claves<\/p>\n<p>\n                nuevo<br \/>\n                Generado con IA\n            <\/p>\n<p>        <a class=\"key__news__heading--closed-content\" href=\"http:\/\/www.elespanol.com\/suscripciones\/#utm_source=internal&amp;utm_medium=claves\" rel=\"nofollow noopener\" target=\"_blank\"><\/p>\n<p class=\"item--text\">\n                            La Asociaci\u00f3n de la Prensa de Madrid (APM) condena los ataques del ministro \u00d3scar Puente contra el corresponsal de ABC, David Alandete, por sus preguntas a Trump.\n                        <\/p>\n<p class=\"item--text\">\n                            La APM defiende el derecho de los periodistas a la libertad de expresi\u00f3n y a formular preguntas de inter\u00e9s p\u00fablico, amparados por la Constituci\u00f3n espa\u00f1ola.\n                        <\/p>\n<p class=\"item--text\">\n                            \u00d3scar Puente cuestion\u00f3 el \u00abpatriotismo\u00bb de Alandete por preguntar a Trump sobre el compromiso de Espa\u00f1a con la OTAN.\n                        <\/p>\n<p class=\"item--text\">\n                            Ignasi Guardans critica a Alandete, acus\u00e1ndolo de tener \u00abdelirios de grandeza\u00bb y \u00abtrastorno delirante\u00bb en redes sociales.\n                        <\/p>\n<p class=\"paragraph\" id=\"paragraph_1\">La <a href=\"https:\/\/www.apmadrid.es\/comunicado\/la-apm-rechaza-que-puente-critique-las-preguntas-a-trump-sobre-espana\/\" rel=\"nofollow noopener\" target=\"_blank\">Asociaci\u00f3n de la Prensa de Madrid (APM)<\/a> ha expresado este domingo su rechazo a los ataques dirigidos por el ministro \u00d3scar Puente contra el <strong>corresponsal de ABC y TeleMadrid en EEUU, David Alandete<\/strong>, por hacer preguntas a Donald Trump en la Casa Blanca.<\/p>\n<p class=\"paragraph\" id=\"paragraph_2\">La Asociaci\u00f3n de la Prensa de Madrid ha recordado al ministro que \u00abaunque \u00e9l, como cualquier ciudadano, puede manifestar libremente sus opiniones, es tambi\u00e9n su obligaci\u00f3n respetar el derecho de los periodistas a la libertad de expresi\u00f3n y, por supuesto, a <strong>formular las preguntas que consideren pueden ser de inter\u00e9s para sus lectores u oyentes<\/strong>\u00ab.<\/p>\n<p class=\"paragraph\" id=\"paragraph_3\">\u00abEse derecho, recogido en el art\u00edculo 20 de la Constituci\u00f3n espa\u00f1ola\u00bb, recalca el comunicado, \u00abdebe ser garantizado especialmente por quienes tienen cargos de Gobierno o responsabilidades pol\u00edticas\u00bb.<\/p>\n<p class=\"paragraph\" id=\"paragraph_4\">La APM ha recordado tambi\u00e9n al ministro de Transportes que \u00ab<strong>somos los periodistas quienes hemos de fiscalizar la actuaci\u00f3n del Gobierno o de los poderes<\/strong> pol\u00edticos y econ\u00f3micos, y no al rev\u00e9s\u00bb.<\/p>\n<p class=\"paragraph\" id=\"paragraph_5\">A trav\u00e9s de su perfil de X, \u00d3scar Puente cuestion\u00f3 el s\u00e1bado el \u00abpatriotismo\u00bb del corresponsal de Madrid porque, argument\u00f3, \u00ab<strong>utiliza su acreditaci\u00f3n para preguntarle todos los d\u00edas a Trump<\/strong> por los supuestos incumplimientos de Espa\u00f1a con la OTAN\u00bb.<\/p>\n<p><img loading=\"lazy\" decoding=\"async\" alt=\"El tuit publicado este s\u00e1bado por el ministro \u00d3scar Puente en la red social X.\" height=\"1868\" src=\"https:\/\/www.europesays.com\/es\/wp-content\/uploads\/2025\/10\/1003743976092_259449156_1706x1868.jpg\" width=\"1706\" data-lazy-status=\"processed\" data-lazy-info=\"remove loading item 1\"\/><\/p>\n<p>                                                            El tuit publicado este s\u00e1bado por el ministro \u00d3scar Puente en la red social X.<\/p>\n<p>                    X<\/p>\n<p class=\"paragraph\" id=\"paragraph_6\">En varias de sus \u00faltimas comparecencias p\u00fablicas, a preguntas de Alandete y otros periodistas internacionales, Trump ha reprendido p\u00fablicamente al Gobierno de Pedro S\u00e1nchez por incumplir el compromiso de elevar el gasto militar hasta el 5% e incluso ha <a href=\"https:\/\/www.elespanol.com\/mundo\/america\/eeuu\/20251009\/trump-propone-vez-espana-deberia-expulsada-otan\/1003743963138_0.html?utm_cmp_rs=linksinline\" rel=\"nofollow noopener\" target=\"_blank\">amenazado con \u00abexpulsar\u00bb a Espa\u00f1a de la OTAN<\/a>.<\/p>\n<p class=\"paragraph\" id=\"paragraph_7\">\u00ab<strong>Espa\u00f1a no ha sido leal<\/strong>, pero no puede ser expulsada\u00bb, acab\u00f3 asumiendo el viernes.<\/p>\n<p class=\"paragraph\" id=\"paragraph_8\">\u00abEstaba pensando en<strong> imponerles un castigo comercial mediante aranceles<\/strong> por lo que hicieron\u00bb, a\u00f1adi\u00f3, \u00aby creo que podr\u00eda hacerlo, es incre\u00edblemente irrespetuoso, el \u00fanico de todos los pa\u00edses de la OTAN que dijo eso es Espa\u00f1a, y creo que deber\u00eda ser castigada por ello\u00bb.<\/p>\n<p class=\"paragraph\" id=\"paragraph_9\">Alandete ha agradecido el amparo de la Asociaci\u00f3n de la Prensa, y ha relatado \u00abel linchamiento\u00bb que ha sufrido, incluso por parte de profesionales de otros medios, a ra\u00edz del ataque del ministro Puente.<\/p>\n<p class=\"paragraph\" id=\"paragraph_10\">\u00abGracias a la APM por el amparo\u00bb, ha escrito, \u00aby conf\u00edo en que los presuntos periodistas que han jaleado <strong>este linchamiento orquestado desde el poder<\/strong> tomen nota, si es que optan por no disculparse\u00bb.<\/p>\n<p class=\"paragraph\" id=\"paragraph_11\">No hay ninguna obsesi\u00f3n tras la labor que desarrolla en la Casa Blanca, ha explicado el periodista: \u00abDesde enero he preguntado a Donald Trump nueve veces. <strong>Cinco sobre Venezuela, una sobre Brasil, una sobre la OTAN, dos sobre Espa\u00f1a<\/strong>\u00ab.<\/p>\n<blockquote class=\"twitter-tweet\">\n<p dir=\"ltr\" lang=\"es\">Desde enero he preguntado a Donald Trump nueve veces. Cinco sobre Venezuela, una sobre Brasil, una sobre la OTAN, dos sobre Espa\u00f1a. He cubierto cuatro visitas del presidente del Gobierno espa\u00f1ol, tres a EE.UU. y una a Brasil, nunca he podido preguntarle nada. Es lo que es.<\/p>\n<p>\u2014 David Alandete (@alandete) <a href=\"https:\/\/twitter.com\/alandete\/status\/1979954716491612643?ref_src=twsrc%5Etfw\" rel=\"nofollow noopener\" target=\"_blank\">October 19, 2025<\/a><\/p><\/blockquote>\n<p class=\"paragraph\" id=\"paragraph_12\">Algo que nunca ha sido posible, en cambio, con el equipo de comunicaci\u00f3n de la Moncloa: \u00ab<strong>He cubierto cuatro visitas del presidente del Gobierno espa\u00f1ol<\/strong>, tres a EE.UU. y una a Brasil, nunca he podido preguntarle nada. Es lo que es\u00bb, ha explicado David Alandete.<\/p>\n<p class=\"paragraph\" id=\"paragraph_13\">Coincidiendo con el ataque del ministro \u00d3scar Puente, otros usuarios de las redes sociales pr\u00f3ximos al PSOE se han sumado a la campa\u00f1a contra el corresponsal de ABC, Cadena Cope y TeleMadrid en Washington.<\/p>\n<blockquote class=\"twitter-tweet\">\n<p dir=\"ltr\" lang=\"es\">Y les aclaro: <a href=\"https:\/\/twitter.com\/alandete?ref_src=twsrc%5Etfw\" rel=\"nofollow noopener\" target=\"_blank\">@alandete<\/a> no solo tiene un problema de delirios de grandeza.<br \/>Confirmo que la descripci\u00f3n de su supuesto papel y de esa permanente interacci\u00f3n con los profesionales que nos representan all\u00ed es ya lo que se llama un trastorno delirante. <a href=\"https:\/\/t.co\/LYlWXiCaOC\" rel=\"nofollow\">https:\/\/t.co\/LYlWXiCaOC<\/a><\/p>\n<p>\u2014 Ignasi Guardans (@iguardans) <a href=\"https:\/\/twitter.com\/iguardans\/status\/1979608193753104553?ref_src=twsrc%5Etfw\" rel=\"nofollow noopener\" target=\"_blank\">October 18, 2025<\/a><\/p><\/blockquote>\n<p class=\"paragraph\" id=\"paragraph_14\">El tertuliano de la Cadena Ser <a href=\"https:\/\/cronicaglobal.elespanol.com\/politica\/20200531\/guardans-explota-imbecilidad-de-tertuliana-tv3-rac1\/494200595_0.html?utm_cmp_rs=linksinline\" target=\"_blank\" rel=\"nofollow noopener\">Ignasi Guardans<\/a> (que fue director del Instituto de Cinematograf\u00eda en el Gobierno de Zapatero) ha sostenido que David Alandete tiene \u00ab<strong>delirios de grandeza<\/strong>. Ya no es un corresponsal que se dedica a informar, se cree el pilar mismo del Estado y de Espa\u00f1a entera en los EEUU\u00bb.<\/p>\n<p class=\"paragraph\" id=\"paragraph_15\">\u00ab<strong>Tanta vanidad no cabe en tan poca cabeza<\/strong>\u00ab, ha insistido el exalto cargo socialista.<\/p>\n<p class=\"paragraph\" id=\"paragraph_16\">En otros mensajes publicados en la red social, el contertulio de la Ser ha calificado a Alandete de <strong>\u00abpat\u00e9tico\u00bb y ha considerado que tiene \u00abtrastorno delirante\u00bb<\/strong>.<\/p>\n<p class=\"paragraph\" id=\"paragraph_17\">El ministro \u00d3scar Puente ya protagoniz\u00f3 otra pol\u00e9mica el martes en las redes sociales, cuando pretendi\u00f3 denunciar la saturaci\u00f3n del Metro de Madrid, con <strong>una foto del Metro de Par\u00eds en hora punta<\/strong>.<\/p>\n<p class=\"paragraph\" id=\"paragraph_18\">Cuando varios usuarios le advirtieron de la confusi\u00f3n, opt\u00f3 por borrar el tuit.<\/p>\n<p>                                    <script async src=\"https:\/\/platform.twitter.com\/widgets.js\" charset=\"utf-8\"><\/script><\/p>\n","protected":false},"excerpt":{"rendered":"Las claves nuevo Generado con IA La Asociaci\u00f3n de la Prensa de Madrid (APM) condena los ataques del&hellip;\n","protected":false},"author":2,"featured_media":188204,"comment_status":"","ping_status":"","sticky":false,"template":"","format":"standard","meta":{"footnotes":""},"categories":[5],"tags":[52837,17,18,52836,352,25,24,13,14,11,19,20,9,10,15,16,1613,952,23,12,21,22],"class_list":{"0":"post-188203","1":"post","2":"type-post","3":"status-publish","4":"format-standard","5":"has-post-thumbnail","7":"category-titulares","8":"tag-apm-asociacion-prensa-madrid","9":"tag-breaking-news","10":"tag-breakingnews","11":"tag-diario-abc","12":"tag-donald-trump","13":"tag-es","14":"tag-espana","15":"tag-featured-news","16":"tag-featurednews","17":"tag-headlines","18":"tag-latest-news","19":"tag-latestnews","20":"tag-news","21":"tag-noticias","22":"tag-noticias-destacadas","23":"tag-noticiasdestacadas","24":"tag-otan","25":"tag-politica","26":"tag-spain","27":"tag-titulares","28":"tag-ultimas-noticias","29":"tag-ultimasnoticias"},"share_on_mastodon":{"url":"","error":""},"_links":{"self":[{"href":"https:\/\/www.europesays.com\/es\/wp-json\/wp\/v2\/posts\/188203","targetHints":{"allow":["GET"]}}],"collection":[{"href":"https:\/\/www.europesays.com\/es\/wp-json\/wp\/v2\/posts"}],"about":[{"href":"https:\/\/www.europesays.com\/es\/wp-json\/wp\/v2\/types\/post"}],"author":[{"embeddable":true,"href":"https:\/\/www.europesays.com\/es\/wp-json\/wp\/v2\/users\/2"}],"replies":[{"embeddable":true,"href":"https:\/\/www.europesays.com\/es\/wp-json\/wp\/v2\/comments?post=188203"}],"version-history":[{"count":0,"href":"https:\/\/www.europesays.com\/es\/wp-json\/wp\/v2\/posts\/188203\/revisions"}],"wp:featuredmedia":[{"embeddable":true,"href":"https:\/\/www.europesays.com\/es\/wp-json\/wp\/v2\/media\/188204"}],"wp:attachment":[{"href":"https:\/\/www.europesays.com\/es\/wp-json\/wp\/v2\/media?parent=188203"}],"wp:term":[{"taxonomy":"category","embeddable":true,"href":"https:\/\/www.europesays.com\/es\/wp-json\/wp\/v2\/categories?post=188203"},{"taxonomy":"post_tag","embeddable":true,"href":"https:\/\/www.europesays.com\/es\/wp-json\/wp\/v2\/tags?post=188203"}],"curies":[{"name":"wp","href":"https:\/\/api.w.org\/{rel}","templated":true}]}}