{"id":188211,"date":"2025-10-20T00:24:09","date_gmt":"2025-10-20T00:24:09","guid":{"rendered":"https:\/\/www.europesays.com\/es\/188211\/"},"modified":"2025-10-20T00:24:09","modified_gmt":"2025-10-20T00:24:09","slug":"el-llamativo-mensaje-que-manda-alonso-con-aston-martin-sobre-2026-en-17-anos","status":"publish","type":"post","link":"https:\/\/www.europesays.com\/es\/188211\/","title":{"rendered":"El llamativo mensaje que manda Alonso con Aston Martin sobre 2026: \u00abEn 17 a\u00f1os&#8230;\u00bb"},"content":{"rendered":"<p class=\"L6-news-detail__text\"><b><a title=\"Fernando Alonso\" href=\"https:\/\/www.lasexta.com\/noticias\/deportes\/motor\/formula1\/alonso-responde-firmemente-acusacion-red-bull-provocar-accidente-sprint-austin_2025101968f5329051264f432a8548b7.html\" target=\"_blank\" rel=\"nofollow noopener\">Fernando Alonso<\/a><\/b> ha vuelto a firmar una gran actuaci\u00f3n sobre el <b><a title=\"Aston Martin\" href=\"https:\/\/www.lasexta.com\/noticias\/deportes\/motor\/formula1\/alonso-responde-firmemente-acusacion-red-bull-provocar-accidente-sprint-austin_2025101968f5329051264f432a8548b7.html\" target=\"_blank\" rel=\"nofollow noopener\">Aston Martin<\/a><\/b>. Nuevo top-10 para conseguir <b>un punto<\/b> con un monoplaza que no ha mostrado un gran ritmo en ning\u00fan momento de la carrera.<\/p>\n<p class=\"L6-news-detail__text\">Sin embargo, el significado de estas pruebas para <b>Alonso<\/b> ya empieza a ser bastante poco importante. Fernando est\u00e1 centrado en 2026. Tiene claro que es donde hay que poner toda la atenci\u00f3n, el riesgo, el talento y el trabajo.<\/p>\n<p class=\"L6-news-detail__text\">De eso no dudo y es por eso que ya deja claro que su objetivo es quitarse de encima esta temporada presente y empezar a trabajar con total dedicaci\u00f3n en la campa\u00f1a que viene. El bicampe\u00f3n ha vuelto ha hablar sobre los <b>planes de Aston en 2026<\/b>.<\/p>\n<p class=\"L6-news-detail__text\">Con el cambio de reglamento, la escuder\u00eda, junto con Fernnado, pretende dar un paso al frente en t\u00e9rminos de rendimiento y poder terminar luchando por victorias. Alonso tiene claro que deben poner toda la carne el asador en la que ya ha reconocido que puede ser su \u00faltima temporada en la F\u00f3rmula 1.<\/p>\n<p class=\"L6-news-detail__text\">Fernando ha expresado en los micr\u00f3fonos de &#8216;DAZN&#8217;: \u00ab<b>Tenemos muchas cosas que hacer para 2026<\/b>: gente nueva, nuevo motorista&#8230;Vamos a tener m\u00e1s trabajo que los dem\u00e1s equipos. Es el primer cambio de motor en <b>17 a\u00f1os en el equipo<\/b>\u00ab.<\/p>\n<p class=\"L6-news-detail__text\">El bicampe\u00f3n parece que tiene ya toda su atenci\u00f3n puesta en el a\u00f1o que viene. Tiene claro que puede tener una gran oportunidad <b>para volver a ganar en la F\u00f3rmula 1<\/b> y hace especial inciso en el cambio de motor que tendr\u00e1 el Aston Martin. Un gran cambio que llevar\u00e1 <b>trabajo pero que podr\u00eda ser decisivo<\/b>.<\/p>\n<p class=\"L6-support-news-video__title\">\u00abPara convertirnos en campeones\u00bb<\/p>\n<p>            <a href=\"https:\/\/www.lasexta.com\/noticias\/deportes\/motor\/formula1\/ojo-reaccion-carlos-sainz-cuando-williams-afirma-que-uno-mejores-pilotos_2025101568efb564de40d8089e0f53e9.html\" class=\"L6-news__link\" rel=\"nofollow noopener\" target=\"_blank\"><br \/>\n                Ojo a la reacci\u00f3n de Carlos Sainz cuando Williams afirma que es uno de los \u00abmejores pilotos\u00bb<\/p>\n<p class=\"recirculation-video-desc\">El madrile\u00f1o estuvo junto a Peter Kenyon en un acto en el que el asesor de Williams se deshizo en elogios hacia el &#8217;55&#8217;.<\/p>\n<p>            <\/a><\/p>\n","protected":false},"excerpt":{"rendered":"Fernando Alonso ha vuelto a firmar una gran actuaci\u00f3n sobre el Aston Martin. Nuevo top-10 para conseguir un&hellip;\n","protected":false},"author":2,"featured_media":97612,"comment_status":"","ping_status":"","sticky":false,"template":"","format":"standard","meta":{"footnotes":""},"categories":[270],"tags":[168,25,24,306,271,272,23,167],"class_list":{"0":"post-188211","1":"post","2":"type-post","3":"status-publish","4":"format-standard","5":"has-post-thumbnail","7":"category-formula-1","8":"tag-deportes","9":"tag-es","10":"tag-espana","11":"tag-f1","12":"tag-formula-1","13":"tag-formula1","14":"tag-spain","15":"tag-sports"},"share_on_mastodon":{"url":"","error":""},"_links":{"self":[{"href":"https:\/\/www.europesays.com\/es\/wp-json\/wp\/v2\/posts\/188211","targetHints":{"allow":["GET"]}}],"collection":[{"href":"https:\/\/www.europesays.com\/es\/wp-json\/wp\/v2\/posts"}],"about":[{"href":"https:\/\/www.europesays.com\/es\/wp-json\/wp\/v2\/types\/post"}],"author":[{"embeddable":true,"href":"https:\/\/www.europesays.com\/es\/wp-json\/wp\/v2\/users\/2"}],"replies":[{"embeddable":true,"href":"https:\/\/www.europesays.com\/es\/wp-json\/wp\/v2\/comments?post=188211"}],"version-history":[{"count":0,"href":"https:\/\/www.europesays.com\/es\/wp-json\/wp\/v2\/posts\/188211\/revisions"}],"wp:featuredmedia":[{"embeddable":true,"href":"https:\/\/www.europesays.com\/es\/wp-json\/wp\/v2\/media\/97612"}],"wp:attachment":[{"href":"https:\/\/www.europesays.com\/es\/wp-json\/wp\/v2\/media?parent=188211"}],"wp:term":[{"taxonomy":"category","embeddable":true,"href":"https:\/\/www.europesays.com\/es\/wp-json\/wp\/v2\/categories?post=188211"},{"taxonomy":"post_tag","embeddable":true,"href":"https:\/\/www.europesays.com\/es\/wp-json\/wp\/v2\/tags?post=188211"}],"curies":[{"name":"wp","href":"https:\/\/api.w.org\/{rel}","templated":true}]}}