{"id":188212,"date":"2025-10-20T00:25:08","date_gmt":"2025-10-20T00:25:08","guid":{"rendered":"https:\/\/www.europesays.com\/es\/188212\/"},"modified":"2025-10-20T00:25:08","modified_gmt":"2025-10-20T00:25:08","slug":"el-cb-zamora-remonta-ante-mallorca-palma-pero-no-consigue-la-victoria","status":"publish","type":"post","link":"https:\/\/www.europesays.com\/es\/188212\/","title":{"rendered":"El CB Zamora remonta ante Mallorca Palma pero no consigue la victoria"},"content":{"rendered":"<p class=\"paragraph-atom &#10;        A-500-300-700-N A-550-300-700-N--md  \">No iba a ser nada f\u00e1cil el <strong>primer enfrentamiento liguero entre el CB Zamora y el Mallorca Palma Basket.<\/strong> As\u00ed lo demostr\u00f3 en conjunto balear que actuaba de local y que domin\u00f3 sin titubeos los tres cuartos del partido.<\/p>\n<p class=\"paragraph-atom &#10;        A-500-300-700-N A-550-300-700-N--md  \">Los de Saulo reaccionaban de manera r\u00e1pida durante el primer cuarto y hac\u00edan del rebote y de la velocidad sus mayores armas para que el mallorca no abriera una brecha en el marcador de triple en triple.<strong> Al t\u00e9rmino de los primero 10 minutos el Mallorca solo aventajaba en cuatro puntos, 25-21.<\/strong><\/p>\n<p class=\"paragraph-atom &#10;        A-500-300-700-N A-550-300-700-N--md  \">Pero en el<strong> segundo cuarto el partido se empez\u00f3 a complicar para el CB Zamora<\/strong> que no pudo parar la \u2018inercia\u2019 de triples del conjunto balear, aunque el island\u00e9s S. Thrastarson no tiraba la toalla y junto con Omar Lo hac\u00edan que el CB Zamora se aproximase algo en el marcador. <strong>Al t\u00e9rmino de la primera parte, 55-41.<\/strong><\/p>\n<p class=\"paragraph-atom &#10;        A-500-300-700-N A-550-300-700-N--md  \">En la <strong>segunda parte<\/strong> los de Saulo sal\u00edan con otra mentalidad, la de intentar llevar a cabo una ofensiva mediante el rebote, <strong>pero el Mallorca Palma anotaba al comienzo y se pon\u00eda 22 arriba, 63-41.<\/strong> Peris lo intentaba desde la velocidad pero el espect\u00e1culo de mates del conjunto balear se impon\u00eda. Nunca tiraron la toalla los de Saulo que  llegaron a recortar distancias para<strong> poner solo 5 abajo al finalizar el tercer cuarto, 69-61.<\/strong><\/p>\n<p class=\"paragraph-atom &#10;        A-500-300-700-N A-550-300-700-N--md  \"><strong>Los \u00faltimos 10 minutos, el tiempo m\u00e1s destacado del CB Zamora. El tiempo empleado para seguir recortando la distancia para llegar solo a estar 3 puntos por debajo en el marcador (73-70).<\/strong> Los tiros libres y la opci\u00f3n del empate se le escapaba a Omar Lo. <\/p>\n<p class=\"paragraph-atom &#10;        A-500-300-700-N A-550-300-700-N--md  \">Ser\u00eda<strong> Rogerts quien pon\u00eda el empate 77-77 a falta de cuatro minutos para el final.<\/strong> La mentalidad y sobre todo la voluntad de hacer las ocas bien cambiaban en el conjunto zamorano que dejaba todo para los <strong>\u00faltimos dos minutos cuando se pon\u00eda por delante, aunque fueran solamente unos instantes (78-79). <\/strong><\/p>\n<p class=\"paragraph-atom &#10;        A-500-300-700-N A-550-300-700-N--md  \"><strong>El CB Zamora no pudo mantener el empate y Aramburu con un par de triples pon\u00eda tierra de por medio para Mallorca Palma que consegu\u00eda la victoria (88-83).<\/strong><\/p>\n","protected":false},"excerpt":{"rendered":"No iba a ser nada f\u00e1cil el primer enfrentamiento liguero entre el CB Zamora y el Mallorca Palma&hellip;\n","protected":false},"author":2,"featured_media":188213,"comment_status":"","ping_status":"","sticky":false,"template":"","format":"standard","meta":{"footnotes":""},"categories":[269],"tags":[299,298,2609,168,25,24,2457,2553,8057,23,167,2946],"class_list":{"0":"post-188212","1":"post","2":"type-post","3":"status-publish","4":"format-standard","5":"has-post-thumbnail","7":"category-baloncesto","8":"tag-baloncesto","9":"tag-basketball","10":"tag-cb","11":"tag-deportes","12":"tag-es","13":"tag-espana","14":"tag-mallorca","15":"tag-palma","16":"tag-remonta","17":"tag-spain","18":"tag-sports","19":"tag-zamora"},"share_on_mastodon":{"url":"","error":""},"_links":{"self":[{"href":"https:\/\/www.europesays.com\/es\/wp-json\/wp\/v2\/posts\/188212","targetHints":{"allow":["GET"]}}],"collection":[{"href":"https:\/\/www.europesays.com\/es\/wp-json\/wp\/v2\/posts"}],"about":[{"href":"https:\/\/www.europesays.com\/es\/wp-json\/wp\/v2\/types\/post"}],"author":[{"embeddable":true,"href":"https:\/\/www.europesays.com\/es\/wp-json\/wp\/v2\/users\/2"}],"replies":[{"embeddable":true,"href":"https:\/\/www.europesays.com\/es\/wp-json\/wp\/v2\/comments?post=188212"}],"version-history":[{"count":0,"href":"https:\/\/www.europesays.com\/es\/wp-json\/wp\/v2\/posts\/188212\/revisions"}],"wp:featuredmedia":[{"embeddable":true,"href":"https:\/\/www.europesays.com\/es\/wp-json\/wp\/v2\/media\/188213"}],"wp:attachment":[{"href":"https:\/\/www.europesays.com\/es\/wp-json\/wp\/v2\/media?parent=188212"}],"wp:term":[{"taxonomy":"category","embeddable":true,"href":"https:\/\/www.europesays.com\/es\/wp-json\/wp\/v2\/categories?post=188212"},{"taxonomy":"post_tag","embeddable":true,"href":"https:\/\/www.europesays.com\/es\/wp-json\/wp\/v2\/tags?post=188212"}],"curies":[{"name":"wp","href":"https:\/\/api.w.org\/{rel}","templated":true}]}}