{"id":188228,"date":"2025-10-20T00:39:34","date_gmt":"2025-10-20T00:39:34","guid":{"rendered":"https:\/\/www.europesays.com\/es\/188228\/"},"modified":"2025-10-20T00:39:34","modified_gmt":"2025-10-20T00:39:34","slug":"por-que-solo-culpas-a-mazon-y-no-a-pedro-sanchez","status":"publish","type":"post","link":"https:\/\/www.europesays.com\/es\/188228\/","title":{"rendered":"\u00bfPor qu\u00e9 solo culpas a Maz\u00f3n y no a Pedro S\u00e1nchez?"},"content":{"rendered":"<p class=\"paragraph\" id=\"paragraph_1\">La vicepresidenta segunda del Gobierno y ministra de Trabajo y Econom\u00eda Social, Yolanda D\u00edaz, sufre el abroncamiento de un grupo de Frente Obrero <a href=\"https:\/\/www.elespanol.com\/valencia\/reconstruir-valencia\/20251017\/segundo-plan-empleo-zona-dana-gobierno-anticipara-pago-contratos-meses\/1003743969074_0.html?utm_cmp_rs=linksinline\" rel=\"nofollow noopener\" target=\"_blank\">el viernes en su visita a la zona cero de la dana de Valencia<\/a>. Los protestantes le echaron en cara violentamente que \u00ab<strong>\u00bfPor qu\u00e9 solo culpas a Maz\u00f3n y no a Pedro S\u00e1nchez?\u00bb<\/strong>,<\/p>\n<p class=\"paragraph\" id=\"paragraph_2\">El v\u00eddeo difundido este domingo recoge c\u00f3mo unas dos o tres personas, lideradas por una mujer, gritan a la vicepresidenta por la calle. Aparte de preguntar por el presunto diferente rasero al juzgar al presidente del Gobierno y al de la Generalitat, le espetan insultos como \u00abtraidora\u00bb, <strong>\u00ab<a href=\"https:\/\/www.elespanol.com\/valencia\/20241031\/mensaje-desesperado-pueblo-pequeno-espana-devastado-dana-no-agua-comida-soft\/897660360_0.html?utm_cmp_rs=linksinline\" rel=\"nofollow noopener\" target=\"_blank\">nos hab\u00e9is abandonado<\/a>\u00bb y \u00ab\u00bfPor qu\u00e9 no hablas con los vecinos?\u00bb<\/strong>.<\/p>\n<p class=\"paragraph\" id=\"paragraph_3\">Ante el cariz violento de los mensajes que le gritan, la vicepresidenta D\u00edaz abandona con paso firme la escena. Es un breve v\u00eddeo de apenas 32 segundos que termina con ella march\u00e1ndose en el veh\u00edculo oficial. La intenci\u00f3n del v\u00eddeo, como dejan claro, es intentar comparar su actitud con <a href=\"https:\/\/www.elespanol.com\/espana\/politica\/20241103\/sanchez-duramente-increpado-abandono-paiporta-reyes-seguian-consolando-vecinos-fango\/898410307_0.html?utm_cmp_rs=linksinline\" rel=\"nofollow noopener\" target=\"_blank\">la del presidente S\u00e1nchez en su visita con el Rey y Maz\u00f3n en Paiporta el 3 de noviembre<\/a>.<\/p>\n<p><img loading=\"lazy\" decoding=\"async\" alt=\"Instante del escrache a Yolanda D\u00edaz difundido por el Frente Obrero. EE\" height=\"180\" src=\"https:\/\/www.europesays.com\/es\/wp-content\/uploads\/2025\/10\/611950261_208197020_320x180.jpg\" width=\"320\" data-lazy-status=\"processed\" data-lazy-info=\"remove loading item 1\"\/><\/p>\n<p class=\"paragraph\" id=\"paragraph_4\"><a href=\"https:\/\/www.elespanol.com\/espana\/politica\/20231111\/frente-obrero-partido-politico-manifestado-sabado-frente-ferraz\/808919160_0.html?utm_cmp_rs=linksinline\" rel=\"nofollow noopener\" target=\"_blank\">Frente Obrero Espa\u00f1a es una organizaci\u00f3n pol\u00edtica<\/a> que est\u00e1 <strong>inscrita en el registro de partidos del Ministerio del Interior en 2019<\/strong>. Se describen en sus perfiles en redes sociales como un \u00abmovimiento pol\u00edtico de trabajadores, patriota y revolucionario\u00bb.<\/p>\n<p class=\"paragraph\" id=\"paragraph_5\">Sus mensajes en redes como X <strong>critican habitualmente a los migrantes de pa\u00edses africanos y comparten contenido xen\u00f3fobo<\/strong>, \u00faltimamente centrado en Catalu\u00f1a. Aparte de los actos all\u00ed, tambi\u00e9n est\u00e1n desplegando campa\u00f1as en la zona de la dana con caricaturas de S\u00e1nchez y Maz\u00f3n bes\u00e1ndose con el lema \u00abValencia no olvida\u00bb.<\/p>\n<p class=\"paragraph\" id=\"paragraph_6\">El partido se present\u00f3 a las elecciones generales de julio de 2023 y <strong>obtuvo 46.530 votos en toda Espa\u00f1a<\/strong>. En las elecciones municipales del mismo a\u00f1o present\u00f3 candidaturas en cuatro municipios y tan solo obtuvo un concejal en Mandayona (Guadalajara).<\/p>\n<p><img decoding=\"async\" alt=\"Pancarta del frente obrero contra Tolanda D\u00edaz por la reforma laboral en el edificio de M\u00f3nica Oltra okupado en Valencia. EL BALUARTE\" height=\"180\" loading=\"lazy\" width=\"320\" data-lazy-status=\"processed\" id=\"b9e2eb2392\" src=\"https:\/\/www.elespanol.com\/valencia\/20251019\/yolanda-diaz-abroncada-zona-cero-dana-valencia-solo-culpas-mazon-no-pedro-sanchez\/[\" https:=\"\" data-lazy-info=\"changed src\"\/><\/p>\n<p class=\"paragraph\" id=\"paragraph_7\">La vicepresidenta D\u00edaz vino a Valencia para <strong>presentar el segundo Plan de Empleo del Gobierno para ayudar a la zona afectada por la dana del 29 de octubre<\/strong>. Con una dotaci\u00f3n de 80,6 millones de euros, anticipar\u00e1 el 100% de la financiaci\u00f3n para realizar las 7.750 contrataciones previstas.<\/p>\n<p class=\"paragraph\" id=\"paragraph_8\"><strong>Los contratos tendr\u00e1n una duraci\u00f3n de entre tres y cuatro meses<\/strong>, y los proyectos se atender\u00e1n por orden de entrada. Este plan de ocupaci\u00f3n se ampliar\u00e1 a los beneficiarios del primero, como ya hab\u00eda adelantado a principios de octubre en una reuni\u00f3n con los alcaldes y alcaldesas de los municipios afectados por la dana.<\/p>\n<p class=\"paragraph\" id=\"paragraph_9\">El escrache sufrido en Torrent ha sido en la sede de la Mancomunitat de l&#8217;Horta Sud. All\u00ed la vicepresidenta D\u00edaz se hab\u00eda reunido con los responsables de los sindicatos CCOO PV, UGT PV y la patronal valenciana CEV en este espacio.<\/p>\n<p><img decoding=\"async\" alt=\"La acci\u00f3n del Frente Obrero en la estatua de Rosa Chacel en Valladolid.\" height=\"180\" loading=\"lazy\" width=\"320\" data-lazy-status=\"processed\" id=\"94da642977\" src=\"https:\/\/www.elespanol.com\/valencia\/20251019\/yolanda-diaz-abroncada-zona-cero-dana-valencia-solo-culpas-mazon-no-pedro-sanchez\/[\" https:=\"\" data-lazy-info=\"changed src\"\/><\/p>\n","protected":false},"excerpt":{"rendered":"La vicepresidenta segunda del Gobierno y ministra de Trabajo y Econom\u00eda Social, Yolanda D\u00edaz, sufre el abroncamiento de&hellip;\n","protected":false},"author":2,"featured_media":188229,"comment_status":"","ping_status":"","sticky":false,"template":"","format":"standard","meta":{"footnotes":""},"categories":[8],"tags":[17,18,25,52840,24,13,14,11,19,20,9,10,15,16,2959,23,12,27752,21,22,235,4454],"class_list":{"0":"post-188228","1":"post","2":"type-post","3":"status-publish","4":"format-standard","5":"has-post-thumbnail","7":"category-espana","8":"tag-breaking-news","9":"tag-breakingnews","10":"tag-es","11":"tag-escrache","12":"tag-espana","13":"tag-featured-news","14":"tag-featurednews","15":"tag-headlines","16":"tag-latest-news","17":"tag-latestnews","18":"tag-news","19":"tag-noticias","20":"tag-noticias-destacadas","21":"tag-noticiasdestacadas","22":"tag-pedro-sanchez","23":"tag-spain","24":"tag-titulares","25":"tag-torrent-valencia","26":"tag-ultimas-noticias","27":"tag-ultimasnoticias","28":"tag-valencia","29":"tag-yolanda-diaz"},"share_on_mastodon":{"url":"","error":""},"_links":{"self":[{"href":"https:\/\/www.europesays.com\/es\/wp-json\/wp\/v2\/posts\/188228","targetHints":{"allow":["GET"]}}],"collection":[{"href":"https:\/\/www.europesays.com\/es\/wp-json\/wp\/v2\/posts"}],"about":[{"href":"https:\/\/www.europesays.com\/es\/wp-json\/wp\/v2\/types\/post"}],"author":[{"embeddable":true,"href":"https:\/\/www.europesays.com\/es\/wp-json\/wp\/v2\/users\/2"}],"replies":[{"embeddable":true,"href":"https:\/\/www.europesays.com\/es\/wp-json\/wp\/v2\/comments?post=188228"}],"version-history":[{"count":0,"href":"https:\/\/www.europesays.com\/es\/wp-json\/wp\/v2\/posts\/188228\/revisions"}],"wp:featuredmedia":[{"embeddable":true,"href":"https:\/\/www.europesays.com\/es\/wp-json\/wp\/v2\/media\/188229"}],"wp:attachment":[{"href":"https:\/\/www.europesays.com\/es\/wp-json\/wp\/v2\/media?parent=188228"}],"wp:term":[{"taxonomy":"category","embeddable":true,"href":"https:\/\/www.europesays.com\/es\/wp-json\/wp\/v2\/categories?post=188228"},{"taxonomy":"post_tag","embeddable":true,"href":"https:\/\/www.europesays.com\/es\/wp-json\/wp\/v2\/tags?post=188228"}],"curies":[{"name":"wp","href":"https:\/\/api.w.org\/{rel}","templated":true}]}}