{"id":188234,"date":"2025-10-20T00:44:07","date_gmt":"2025-10-20T00:44:07","guid":{"rendered":"https:\/\/www.europesays.com\/es\/188234\/"},"modified":"2025-10-20T00:44:07","modified_gmt":"2025-10-20T00:44:07","slug":"se-manifiesta-grupo-animalista-afuera-de-la-plaza-taurina","status":"publish","type":"post","link":"https:\/\/www.europesays.com\/es\/188234\/","title":{"rendered":"Se manifiesta grupo animalista afuera de la plaza taurina"},"content":{"rendered":"<p>Ciudad Ju\u00e1rez.- Un grupo animalista en contra de las corridas de toros se manifest\u00f3 afuera de la plaza taurina de la ciudad.<\/p>\n<p>La manifestaci\u00f3n se realiz\u00f3 a la par de la corrida que se realiza esta tarde en la Plaza Alberto Balderas.<\/p>\n<p>Los inconformes se colocaron con pancartas que extrenaban mensajes en contra de la tauromaquia.<\/p>\n<p>Osvaldo Robledo, representante de la Alianza Animalista Un Mill\u00f3n de Esperanzas, se\u00f1al\u00f3 se interpusieron tres amparo a federales pero estos no sirvieron de mucho pues se llev\u00f3 q cabo la corrida.<\/p>\n<p>\u201cSe metieron como tres amparos federales, el cual s\u00ed ya se hab\u00eda hecho la cancelaci\u00f3n de esta corrida, pero, pues tristemente, a veces que la vida animal no importa. Hay veces que el que tenga m\u00e1s dinero es lo que vale. Entonces, aqu\u00ed les vali\u00f3. Ellos hicieron, realizaron su, su corrida de toros, se llev\u00f3 a cabo y por eso estamos aqu\u00ed manifest\u00e1ndonos porque no respetaron los amparos federales\u201d.<\/p>\n<p>Asegur\u00f3 que tambi\u00e9n un acuerdo con el municipio no se respet\u00f3, el que no se permitiera el acceso a menores de edad.<\/p>\n<p>\u201cHubo un acuerdo tambi\u00e9n con el presidente municipal, donde \u00e9l tambi\u00e9n hab\u00eda otorgado permisos, pero hubo una cl\u00e1usula donde no permit\u00edan la entrada de menores de edad. Entonces, aqu\u00ed abarcan desde donde no pueden entrar menores de edad, igual lo est\u00e1n haciendo, est\u00e1n permitiendo entrar a menores a presenciar lo que es esta crueldad, porque esto no es un arte ni es una cultura, esto es una crueldad animal\u201d.<\/p>\n<p>El defensor de los animales hizo una invitaci\u00f3n a la comunidad para evitar acudir a este tipo de eventos donde se exista crueldad en contra de los animales.<\/p>\n<p>\u201cA la comunidad pedimos que no asistan a todos estos tipos de evento, a ver matanzas, a ver crueldad. La violencia est\u00e1 al por mayor, vea, con asesinatos y todav\u00eda asistir a lo que es una matanza, una crueldad, pues yo les invito a la comunidad que no asistan a estas corridas, que no asistan a ninguna corrida que se lleve a cabo\u201d.<\/p>\n<p>Esperan que esta sea la \u00faltima corrida e hizo una reflexi\u00f3n sobre lo que se transmite con estos espect\u00e1culos.<\/p>\n<p>\u201cLe pedimos a la gente que no se convierta en parte de esta crueldad animal y que mejor aporten, ayuden, denles consejos a los hijos para que sean buenos ni\u00f1os, porque al traerlos a una corrida de muerte, a una corrida donde hay crueldad animal, estos ni\u00f1os en el futuro, no vaya a ser que vayan a ser unos maltratadores de animales\u201d.<\/p>\n","protected":false},"excerpt":{"rendered":"Ciudad Ju\u00e1rez.- Un grupo animalista en contra de las corridas de toros se manifest\u00f3 afuera de la plaza&hellip;\n","protected":false},"author":2,"featured_media":188235,"comment_status":"","ping_status":"","sticky":false,"template":"","format":"standard","meta":{"footnotes":""},"categories":[277],"tags":[373,168,25,24,23,167,374],"class_list":{"0":"post-188234","1":"post","2":"type-post","3":"status-publish","4":"format-standard","5":"has-post-thumbnail","7":"category-toreo","8":"tag-bullfighting","9":"tag-deportes","10":"tag-es","11":"tag-espana","12":"tag-spain","13":"tag-sports","14":"tag-toreo"},"share_on_mastodon":{"url":"","error":""},"_links":{"self":[{"href":"https:\/\/www.europesays.com\/es\/wp-json\/wp\/v2\/posts\/188234","targetHints":{"allow":["GET"]}}],"collection":[{"href":"https:\/\/www.europesays.com\/es\/wp-json\/wp\/v2\/posts"}],"about":[{"href":"https:\/\/www.europesays.com\/es\/wp-json\/wp\/v2\/types\/post"}],"author":[{"embeddable":true,"href":"https:\/\/www.europesays.com\/es\/wp-json\/wp\/v2\/users\/2"}],"replies":[{"embeddable":true,"href":"https:\/\/www.europesays.com\/es\/wp-json\/wp\/v2\/comments?post=188234"}],"version-history":[{"count":0,"href":"https:\/\/www.europesays.com\/es\/wp-json\/wp\/v2\/posts\/188234\/revisions"}],"wp:featuredmedia":[{"embeddable":true,"href":"https:\/\/www.europesays.com\/es\/wp-json\/wp\/v2\/media\/188235"}],"wp:attachment":[{"href":"https:\/\/www.europesays.com\/es\/wp-json\/wp\/v2\/media?parent=188234"}],"wp:term":[{"taxonomy":"category","embeddable":true,"href":"https:\/\/www.europesays.com\/es\/wp-json\/wp\/v2\/categories?post=188234"},{"taxonomy":"post_tag","embeddable":true,"href":"https:\/\/www.europesays.com\/es\/wp-json\/wp\/v2\/tags?post=188234"}],"curies":[{"name":"wp","href":"https:\/\/api.w.org\/{rel}","templated":true}]}}