{"id":188238,"date":"2025-10-20T00:48:38","date_gmt":"2025-10-20T00:48:38","guid":{"rendered":"https:\/\/www.europesays.com\/es\/188238\/"},"modified":"2025-10-20T00:48:38","modified_gmt":"2025-10-20T00:48:38","slug":"kevin-suarez-brilla-en-essen-con-un-top-10-en-la-exact-cross-dominada-por-toon-vandebosch","status":"publish","type":"post","link":"https:\/\/www.europesays.com\/es\/188238\/","title":{"rendered":"Kevin Su\u00e1rez brilla en Essen con un top-10 en la Exact Cross dominada por Toon Vandebosch"},"content":{"rendered":"<blockquote class=\"quote-card lateral\">\n<p>Su primer gran resultado del a\u00f1o y un top-10 con mucho nivel<\/p>\n<\/blockquote>\n<p>El ciclocross de Essen, segunda cita de la Exact Cross 2025, dej\u00f3 una carrera marcada por la tensi\u00f3n hasta el \u00faltimo giro y por un desenlace inesperado. Toon Vandebosch (Crelan-Corendon) se llev\u00f3 la victoria despu\u00e9s de un incidente en la \u00faltima vuelta entre Laurens Sweeck y Niels Vandeputte, mientras que el c\u00e1ntabro <strong>Kevin Su\u00e1rez<\/strong> logr\u00f3 un meritorio <strong>s\u00e9ptimo puesto<\/strong>, firmando su <strong>primer top-10 internacional de la temporada<\/strong>.<\/p>\n<p>La prueba reuni\u00f3 a un pelot\u00f3n sin todos los grandes nombres, pero con un nivel competitivo m\u00e1s que notable, con Sweeck defendiendo el t\u00edtulo logrado el a\u00f1o pasado frente a rivales como Vandeputte, Vandebosch o el brit\u00e1nico Cameron Mason.<\/p>\n<p>\t Contin\u00faa tras los patrocinadores<\/p>\n<p>Mason marc\u00f3 el ritmo inicial<\/p>\n<blockquote class=\"quote-card lateral\">\n<p>Kevin Suarez estuvo siempre en la lucha por el top-10<\/p>\n<\/blockquote>\n<p>El campe\u00f3n brit\u00e1nico <strong>Cameron Mason<\/strong> fue el m\u00e1s r\u00e1pido en arrancar y abri\u00f3 un hueco de diez segundos tras la primera vuelta. Sin embargo, el grupo perseguidor, formado por Sweeck, Vandeputte, Vandebosch, Victor Van de Putte y Wout Janssen, consigui\u00f3 neutralizarlo en la tercera de las once vueltas. Por detr\u00e1s, <strong>Kevin Su\u00e1rez<\/strong> se mantuvo siempre en la lucha por el top-10, logrando conectar con el grupo principal en la parte final de la carrera.<\/p>\n<p>Ca\u00eddas y pinchazos en el desenlace<\/p>\n<p>En la pen\u00faltima vuelta, Mason volvi\u00f3 a intentarlo sin \u00e9xito. Todo se decidi\u00f3 en el \u00faltimo giro, cuando <strong>Sweeck<\/strong> adelant\u00f3 a <strong>Vandeputte<\/strong> justo antes de una curva, provocando la ca\u00edda del corredor del Alpecin-Deceuninck. Pocos metros despu\u00e9s, el propio Sweeck sufri\u00f3 un pinchazo, y Vandebosch aprovech\u00f3 la ocasi\u00f3n para lanzar su ataque definitivo y llevarse el triunfo.<\/p>\n<p>Kevin Su\u00e1rez, mejor espa\u00f1ol<\/p>\n<p>El c\u00e1ntabro del <strong>Nesta\u2013MMR Cycling Team<\/strong> complet\u00f3 una carrera muy s\u00f3lida, rodando cerca de los mejores y cerrando en s\u00e9ptima posici\u00f3n a 43 segundos del vencedor, confirmando su buen estado de forma y su progresi\u00f3n en el calendario internacional de ciclocross.<\/p>\n","protected":false},"excerpt":{"rendered":"Su primer gran resultado del a\u00f1o y un top-10 con mucho nivel El ciclocross de Essen, segunda cita&hellip;\n","protected":false},"author":2,"featured_media":188239,"comment_status":"","ping_status":"","sticky":false,"template":"","format":"standard","meta":{"footnotes":""},"categories":[273],"tags":[313,44324,312,168,25,24,52841,23,167],"class_list":{"0":"post-188238","1":"post","2":"type-post","3":"status-publish","4":"format-standard","5":"has-post-thumbnail","7":"category-ciclismo","8":"tag-ciclismo","9":"tag-ciclocross","10":"tag-cycling","11":"tag-deportes","12":"tag-es","13":"tag-espana","14":"tag-kevin-suarez","15":"tag-spain","16":"tag-sports"},"share_on_mastodon":{"url":"","error":""},"_links":{"self":[{"href":"https:\/\/www.europesays.com\/es\/wp-json\/wp\/v2\/posts\/188238","targetHints":{"allow":["GET"]}}],"collection":[{"href":"https:\/\/www.europesays.com\/es\/wp-json\/wp\/v2\/posts"}],"about":[{"href":"https:\/\/www.europesays.com\/es\/wp-json\/wp\/v2\/types\/post"}],"author":[{"embeddable":true,"href":"https:\/\/www.europesays.com\/es\/wp-json\/wp\/v2\/users\/2"}],"replies":[{"embeddable":true,"href":"https:\/\/www.europesays.com\/es\/wp-json\/wp\/v2\/comments?post=188238"}],"version-history":[{"count":0,"href":"https:\/\/www.europesays.com\/es\/wp-json\/wp\/v2\/posts\/188238\/revisions"}],"wp:featuredmedia":[{"embeddable":true,"href":"https:\/\/www.europesays.com\/es\/wp-json\/wp\/v2\/media\/188239"}],"wp:attachment":[{"href":"https:\/\/www.europesays.com\/es\/wp-json\/wp\/v2\/media?parent=188238"}],"wp:term":[{"taxonomy":"category","embeddable":true,"href":"https:\/\/www.europesays.com\/es\/wp-json\/wp\/v2\/categories?post=188238"},{"taxonomy":"post_tag","embeddable":true,"href":"https:\/\/www.europesays.com\/es\/wp-json\/wp\/v2\/tags?post=188238"}],"curies":[{"name":"wp","href":"https:\/\/api.w.org\/{rel}","templated":true}]}}