{"id":188242,"date":"2025-10-20T00:52:41","date_gmt":"2025-10-20T00:52:41","guid":{"rendered":"https:\/\/www.europesays.com\/es\/188242\/"},"modified":"2025-10-20T00:52:41","modified_gmt":"2025-10-20T00:52:41","slug":"recelo-ante-las-designaciones-arbitrales-para-el-racing-de-santander-deportivo-la-voz-de-galicia","status":"publish","type":"post","link":"https:\/\/www.europesays.com\/es\/188242\/","title":{"rendered":"Recelo ante las designaciones arbitrales para el Racing de Santander &#8211; Deportivo &#8211; La Voz de Galicia"},"content":{"rendered":"<ol>\n<li><a href=\"https:\/\/news.google.com\/rss\/articles\/CBMilgJBVV95cUxNdk51NXdqRWZOeFlrTHlDY3F5U3dZQW9QUXZTR2VyQkx1Y2x0dnpUSVE2cHZxWTJxRFk1R3R0N1FlaWpRbHhsZnVRa0ZaR0ZsN1hxTWJiUm5YRUIxQjUtZUVrXzBiX3JveGJ5REoxY0pNUE1GMmE3bnFDSDRQMWVLMHkzNFFyNWEwNzR1dk9iZDJ0RmVfY3JpWl9EWlMtVXluY0FjTW9CMk9QV29VNFpvU2t5YkhISlpDWmpwY2tPeHVyUktGYXppeUlhRWN0MWFKUXY3Q0RydkNRYWZxeEltNDFnSTdFYWVEZDk5aWk4NXpJdHZOcmJINlIzSXFTQzBVdVZuc25QZkJkaEttTUNrQ3o0alNkUdIBsgJBVV95cUxOcDgtcUxlejF0b1Vua2VobXU4YVpOYll2WG1MRUhDNHBfNWdfem01bnB2WnRkUXBCd0RGNWh4Q3gwak9JUUU4cGpVU1NxdDhxUWlOT1ZFdkkyV0JnTFBRMmU3YUp2OWhmWUlMVDZ0YXBfNll3dlpyOTBBWmgta0ZUdFZaOVVDSFRxdmlxSDhIaFVBMldTNEtDSHNTbFRGNWJYZnNHUVFNdXA0eHlrZXhBMlpEUnNiWHpzR1Q2NFFmOGRiUmEwYVowSFpiUFZMQ1FTR1hqWmdsRjZSTGxpVjhoM0lmNEdIYnZ1SVRFTE1ZZlV5bFRPNVRBNXR1RjRGS0ZfUGdHUU9SRHRuN3ljbjhnN0dfZHdNS3RmYlNlMkhxYy1JanlIbWp5YzVmQjd3QlJJUGc?oc=5\" target=\"_blank\" rel=\"nofollow noopener\">Recelo ante las designaciones arbitrales para el Racing de Santander &#8211; Deportivo<\/a>&nbsp;&nbsp;La Voz de Galicia<\/li>\n<li><a href=\"https:\/\/news.google.com\/rss\/articles\/CBMi1wFBVV95cUxQbnhKUXFNZG1uTDNIeGNianVrOU5HeUpSTUMtaGYxQmJJMkh1bWVrOTZySUczTWhEMElNRXVuYnRpRnh2bHRyT1M3eGRVWGlhT0JTUm5zUG9qZFhaaUUwd2pLRS1JMktSUV92NW1UMktBQksxTVdWV05xZUZaNjl5aTZGclJHZ0lnbjlBcmJmM09ha0VxS2R2cVVaVC1UNGJldW9EOFFVb1F3UnlCSU01SnUxMkx5b2diaEd3NnREcXpfaTdvYVBkQUdQU0g3QkRVdFZiM3pMd9IB3AFBVV95cUxNd0swUVEydWNrbTB4NS1YcWRmTUNZeTZpR1R6THgzd2ZwQlFIWFdReUl4VUVQYmJsVzRMdHc3aW1wM2J2VGhrSnRlWHNaN2lKUDJRRjdlUm9QSldOVDdGX0lCNVpPSXlyVURfLXZ5WEZxY1llRG91VXM0TkZZc0draXZrSEdYNkVCU1VsYzMyakJJNmtoU3V0UGdZZHJHVDBwNlJETVZCdW9SdV9wZVFFNGVyZ0d0RmNCa3p6eGw5cWQ1aXRRUU56dzlsU0VJLV8wdUJKbHVXYjdreWda?oc=5\" target=\"_blank\" rel=\"nofollow noopener\">Pol\u00e9mica designaci\u00f3n arbitral para el Racing de Santander &#8211; Deportivo<\/a>&nbsp;&nbsp;El Espa\u00f1ol<\/li>\n<li><a href=\"https:\/\/news.google.com\/rss\/articles\/CBMiogFBVV95cUxON29Ta0o4VlptQlJoOTI5MlhUdzhXbVYwRjBfY1BSanE2SGdQNC1wZDVHU3E0TmlZeVdlTTdYblBjcXRjRXM1SVNUVkJ4TDVjMjZqd3IxSHU1OEREdVExeUwyR0duNkNiWkZ2U2FwOFZXYWtNaWo1SkE2RHFkOW11dXFLS2NKSElPeThQMXFvR3pubEhQeUVzU3NfNTdkNmJGNVHSAacBQVVfeXFMTks3bzNCdjQzVVNVcURtYWtxR0FSclRTY2loVlRQNFpqTkhVM2l3SndDWkpfQ1VDeHhtQTQ5RmhoT1gtNGtnQ0FabnhSa2VNZUwteXdma29vZ2VUaFFvUGo2TGtYS3VXOEVwQWpVV2NPZFBFV0pqTVZaelFmQkhiSTR0QUtZZTEwREFCeGlLSGY4R3V5cHpPRnZWck9famNtMy1UeVFaalk?oc=5\" target=\"_blank\" rel=\"nofollow noopener\">Rub\u00e9n \u00c1valos, el \u00e1rbitro VAR de la Rosaleda, ser\u00e1 AVAR en el Racing-Deportivo<\/a>&nbsp;&nbsp;La Opini\u00f3n A Coru\u00f1a<\/li>\n<li><a href=\"https:\/\/news.google.com\/rss\/articles\/CBMirAFBVV95cUxPOUxaUjB2UXJzRTBZbXRURzJEMzBhVFRvMWxqUkJMQ21VQ3hRUTMzdDBYUEo0bVJoNUVoQXh4czZILVdZbWxGaUoyNkd6b2xUY0ZWUWYySFRfRlQtaFJYZEhZZzhIbW5EcnF0NktTMkZtUEgzSzV2WUR2b3JINl9WVHlLTmg1SzlrTEd1RVZsWk5MdmdMTkV6NlhJWU4yV1pKUUxNR191MzBqRUpv?oc=5\" target=\"_blank\" rel=\"nofollow noopener\">El picante que no falte en El Sardinero<\/a>&nbsp;&nbsp;DXT Campe\u00f3n<\/li>\n<li><a href=\"https:\/\/news.google.com\/rss\/articles\/CBMi3wFBVV95cUxQa1YxVE9BTGI1RFpQWFQzY0swREt3Rk9xNzRJVFFrVGpiTmVCTzdQUGtuTGJVNVA4R0pkNkpZejIyU1g5TFhmTnRTZDEyTDJZWHBFd2hBTVNobzR6WWNyWWFESlptdDczNGctQmZvYVk2ZXdkR0JELWdrZXp2OTE0UlZIZmtHZmpIWV9pZm1fUjY4cy1adVNpX3RTRkRlXy1zRjRnc01WbWZvS2N6VTJ1NFlzSFV6RzFWZUpCcEJIMGxnVzU1Y3ExMzlrbV9mOEJvWGdlaWxHbTB1UnJEczVj?oc=5\" target=\"_blank\" rel=\"nofollow noopener\">Salvador Lax, un \u00e1rbitro pol\u00e9mico para el R\u00e1cing-D\u00e9por<\/a>&nbsp;&nbsp;DXT Campe\u00f3n<\/li>\n<\/ol>\n","protected":false},"excerpt":{"rendered":"Recelo ante las designaciones arbitrales para el Racing de Santander &#8211; Deportivo&nbsp;&nbsp;La Voz de Galicia Pol\u00e9mica designaci\u00f3n arbitral&hellip;\n","protected":false},"author":2,"featured_media":188243,"comment_status":"","ping_status":"","sticky":false,"template":"","format":"standard","meta":{"footnotes":""},"categories":[268],"tags":[168,412,25,24,280,282,14371,281,23,167],"class_list":{"0":"post-188242","1":"post","2":"type-post","3":"status-publish","4":"format-standard","5":"has-post-thumbnail","7":"category-futbol","8":"tag-deportes","9":"tag-deportivo","10":"tag-es","11":"tag-espana","12":"tag-football","13":"tag-futbol","14":"tag-racing-de-santander","15":"tag-soccer","16":"tag-spain","17":"tag-sports"},"share_on_mastodon":{"url":"","error":""},"_links":{"self":[{"href":"https:\/\/www.europesays.com\/es\/wp-json\/wp\/v2\/posts\/188242","targetHints":{"allow":["GET"]}}],"collection":[{"href":"https:\/\/www.europesays.com\/es\/wp-json\/wp\/v2\/posts"}],"about":[{"href":"https:\/\/www.europesays.com\/es\/wp-json\/wp\/v2\/types\/post"}],"author":[{"embeddable":true,"href":"https:\/\/www.europesays.com\/es\/wp-json\/wp\/v2\/users\/2"}],"replies":[{"embeddable":true,"href":"https:\/\/www.europesays.com\/es\/wp-json\/wp\/v2\/comments?post=188242"}],"version-history":[{"count":0,"href":"https:\/\/www.europesays.com\/es\/wp-json\/wp\/v2\/posts\/188242\/revisions"}],"wp:featuredmedia":[{"embeddable":true,"href":"https:\/\/www.europesays.com\/es\/wp-json\/wp\/v2\/media\/188243"}],"wp:attachment":[{"href":"https:\/\/www.europesays.com\/es\/wp-json\/wp\/v2\/media?parent=188242"}],"wp:term":[{"taxonomy":"category","embeddable":true,"href":"https:\/\/www.europesays.com\/es\/wp-json\/wp\/v2\/categories?post=188242"},{"taxonomy":"post_tag","embeddable":true,"href":"https:\/\/www.europesays.com\/es\/wp-json\/wp\/v2\/tags?post=188242"}],"curies":[{"name":"wp","href":"https:\/\/api.w.org\/{rel}","templated":true}]}}