{"id":188258,"date":"2025-10-20T01:06:06","date_gmt":"2025-10-20T01:06:06","guid":{"rendered":"https:\/\/www.europesays.com\/es\/188258\/"},"modified":"2025-10-20T01:06:06","modified_gmt":"2025-10-20T01:06:06","slug":"incendio-en-zaragoza-no-se-como-ha-llegado-el-nino-pequeno-a-la-azotea-eso-le-ha-salvado-heraldo-es","status":"publish","type":"post","link":"https:\/\/www.europesays.com\/es\/188258\/","title":{"rendered":"Incendio en Zaragoza: \u201cNo s\u00e9 c\u00f3mo ha llegado el ni\u00f1o peque\u00f1o a la azotea. Eso le ha salvado\u201d &#8211; heraldo.es"},"content":{"rendered":"<ol>\n<li><a href=\"https:\/\/news.google.com\/rss\/articles\/CBMi5gFBVV95cUxQSGFYdlFQUGlMUzBaaXpabTNpcm9tdVVYaG1zeENKbVRVbWxwVU1VUk5xb04yYmJrWGtaTDRCZGUwS2MtWU5fQjdOVlJRdzNNX0NOOGJ0TG9GZmx2cDBMLTFfaXo5dFFzSE81NVpjWHdzY0tNX01ZSUgtdmNDSHlnSURULXFLSmpCdUV0Um5JT0NUcUljSjlOV2ZuUl9ycUVUUVB0NzVzRHhnUEpmSmxnYXpTN0x1cWNBNWR4SWRrWXNxdC1BSUNjRkhpa05NcEU5QnllS0JGSXRFYXFHODUtN0djdjJkQQ?oc=5\" target=\"_blank\" rel=\"nofollow noopener\">Incendio en Zaragoza: \u201cNo s\u00e9 c\u00f3mo ha llegado el ni\u00f1o peque\u00f1o a la azotea. Eso le ha salvado\u201d<\/a>&nbsp;&nbsp;heraldo.es<\/li>\n<li><a href=\"https:\/\/news.google.com\/rss\/articles\/CBMivgFBVV95cUxPVEtSTk45bFRvSDk0ZlVLc05xSXhmRjlxSUtacnZsTzNnNnllcmQ5Qnp1V01PRDFyQlkxVnJjam9MVWRUWVlXem13NTBVZno3dVFSclVDLXdLbjhMaFFiTlN6RlpTLUQ5WHFuTWhucnJZSm16SnhlZFVEc0ZjNW9VNjNteDlRbU5MeEFvVE1sSTZ3ejR5bUd3b1Z2U2xJRU1EaUgwaHB3WnJvM1VJQUhMMlh0QUVudmdEWS1JVDRB?oc=5\" target=\"_blank\" rel=\"nofollow noopener\">Rescatan a un ni\u00f1o de 10 a\u00f1os y a su hermano, de 23, del incendio de su vivienda en las Delicias<\/a>&nbsp;&nbsp;Europa Press<\/li>\n<li><a href=\"https:\/\/news.google.com\/rss\/articles\/CBMi1AFBVV95cUxQS3ZZZ1M3bWdqb0ptdEllSU56ZHZTbG1GVE1femJpejYtWG81bEdUWDR5UHd2em8zakNnMC1iR0FGaFZSaVZhaU54Ul9LclBKYWd3SXN2QTZCenpZUFlEb1RGVXRuWVhpaGpWQ2pBLWl1TGxick9MS3lpY2JBM1dMcGZYeWRCcmVMTlo5UEE5LUhCalVSMzZfTWJXQ0VyLUNkTG9SRHROdG15ZGcyQ1M1LW9FS0dZcE9rWUhtVlhFVzBFR21lSW9XUXhOMjVjQkdqeEthM9IB2gFBVV95cUxNVXpMWnF0a1daaTExbV9lUHB5LVk5R0FDTlBqYzVZQ2V5ZXpJaERlSUF2eEdsMDlaS1hCeHhqMTA2TEg5djJnNmU0czJWSnNlQTNIU1BFd3RsZWgzMWEyczU3UWJiTGdKMUF3ekh0N1AwV0FJTFQ1dVJEa2ppZUpLWmY2dTJuUUx0XzRQVnZaZktGckN5akFwLUNDZTV2azFFRHNRN0R2X2pkdDhuOTNIdGpTX1BhcmdEb3E5UEFldS1fUWdOb3F1QmZueFhqTlJKRGZoNXZOdmFxUQ?oc=5\" target=\"_blank\" rel=\"nofollow noopener\">Susto en Zaragoza: rescatados un ni\u00f1o de 10 a\u00f1os, su hermano de 23 y un perro en el incendio de una vivienda<\/a>&nbsp;&nbsp;El Espa\u00f1ol<\/li>\n<li><a href=\"https:\/\/news.google.com\/rss\/articles\/CBMi2AFBVV95cUxPczI3MzhudWI1LXNfY28wdEJPLWp3QUZyc2xOZUs2cFVYM01aLUphRU5WMnE5djVOcXNid2pGYzFiRjNLc2U0MS01RmdpNVRXa3lxYjRmeTVoenZaZlV2X0ZNQV9USGRKaVQ1U2IzUHhaRFpDZk9QMnRvUnZXRVA5ckdPOHNzdFc3UlF1UVhNZnZkTDI1aXA5X0VoVmxsRm0xOU5zWHpQOE5GT19TY1FjWS1GeDZvaEs4dzdpWml4eG0weDlRV2tpNXpMLXRsVTlySjI5anhYbDU?oc=5\" target=\"_blank\" rel=\"nofollow noopener\">Los Bomberos de Zaragoza rescatan a dos hermanos y un perro en un incendio en la calle Borja<\/a>&nbsp;&nbsp;Hoy Arag\u00f3n<\/li>\n<li><a href=\"https:\/\/news.google.com\/rss\/articles\/CBMingFBVV95cUxNbUFSeEYycXQ1Snc2aTdTbDBsWW1JQ1F1RlFPN1RTNDBtVHl4WmxXRFNzSG1ZUkhTdU15eXh0aXNMWUh0RWE5Rnd1b3V5Z2ZXZy1VQWtpcjB1STI5WDNVdElmWkpEYXBSSi12NWh0emt0REc2azU2Qk1JVmxNbGNNVExQdzlOa2Vuc3hpanZLLUU2bGdaWVhmWlVVc3plUQ?oc=5\" target=\"_blank\" rel=\"nofollow noopener\">Rescatan a dos hermanos de 10 y 23 a\u00f1os del incendio de su vivienda en Zaragoza<\/a>&nbsp;&nbsp;El Peri\u00f3dico de Arag\u00f3n<\/li>\n<\/ol>\n","protected":false},"excerpt":{"rendered":"Incendio en Zaragoza: \u201cNo s\u00e9 c\u00f3mo ha llegado el ni\u00f1o peque\u00f1o a la azotea. Eso le ha salvado\u201d&nbsp;&nbsp;heraldo.es&hellip;\n","protected":false},"author":2,"featured_media":188259,"comment_status":"","ping_status":"","sticky":false,"template":"","format":"standard","meta":{"footnotes":""},"categories":[8],"tags":[17,18,25,24,13,14,11,48,19,20,5136,9,10,15,16,2050,52526,23,12,21,22,491],"class_list":{"0":"post-188258","1":"post","2":"type-post","3":"status-publish","4":"format-standard","5":"has-post-thumbnail","7":"category-espana","8":"tag-breaking-news","9":"tag-breakingnews","10":"tag-es","11":"tag-espana","12":"tag-featured-news","13":"tag-featurednews","14":"tag-headlines","15":"tag-incendio","16":"tag-latest-news","17":"tag-latestnews","18":"tag-llegado","19":"tag-news","20":"tag-noticias","21":"tag-noticias-destacadas","22":"tag-noticiasdestacadas","23":"tag-pequeno","24":"tag-salvado","25":"tag-spain","26":"tag-titulares","27":"tag-ultimas-noticias","28":"tag-ultimasnoticias","29":"tag-zaragoza"},"share_on_mastodon":{"url":"","error":""},"_links":{"self":[{"href":"https:\/\/www.europesays.com\/es\/wp-json\/wp\/v2\/posts\/188258","targetHints":{"allow":["GET"]}}],"collection":[{"href":"https:\/\/www.europesays.com\/es\/wp-json\/wp\/v2\/posts"}],"about":[{"href":"https:\/\/www.europesays.com\/es\/wp-json\/wp\/v2\/types\/post"}],"author":[{"embeddable":true,"href":"https:\/\/www.europesays.com\/es\/wp-json\/wp\/v2\/users\/2"}],"replies":[{"embeddable":true,"href":"https:\/\/www.europesays.com\/es\/wp-json\/wp\/v2\/comments?post=188258"}],"version-history":[{"count":0,"href":"https:\/\/www.europesays.com\/es\/wp-json\/wp\/v2\/posts\/188258\/revisions"}],"wp:featuredmedia":[{"embeddable":true,"href":"https:\/\/www.europesays.com\/es\/wp-json\/wp\/v2\/media\/188259"}],"wp:attachment":[{"href":"https:\/\/www.europesays.com\/es\/wp-json\/wp\/v2\/media?parent=188258"}],"wp:term":[{"taxonomy":"category","embeddable":true,"href":"https:\/\/www.europesays.com\/es\/wp-json\/wp\/v2\/categories?post=188258"},{"taxonomy":"post_tag","embeddable":true,"href":"https:\/\/www.europesays.com\/es\/wp-json\/wp\/v2\/tags?post=188258"}],"curies":[{"name":"wp","href":"https:\/\/api.w.org\/{rel}","templated":true}]}}