{"id":188270,"date":"2025-10-20T01:16:10","date_gmt":"2025-10-20T01:16:10","guid":{"rendered":"https:\/\/www.europesays.com\/es\/188270\/"},"modified":"2025-10-20T01:16:10","modified_gmt":"2025-10-20T01:16:10","slug":"galbiati-le-cede-el-puesto-a-pablo-pin-en-la-rueda-de-prensa-como-homenaje","status":"publish","type":"post","link":"https:\/\/www.europesays.com\/es\/188270\/","title":{"rendered":"Galbiati le cede el puesto a Pablo Pin en la rueda de prensa como homenaje"},"content":{"rendered":"<p><a class=\"v-mdl-ath__fig-a\" href=\"https:\/\/www.elcorreo.com\/autor\/ivan-benito-4702.html\" title=\"Iv\u00e1n Benito\" rel=\"nofollow noopener\" target=\"_blank\"><br \/>\n<img decoding=\"async\" class=\"v-mdl-ath__img\" src=\"https:\/\/www.europesays.com\/es\/wp-content\/uploads\/2025\/09\/1759052531_106_autor-4702-foto-1.jpeg\" alt=\"Iv\u00e1n Benito\"\/><br \/>\n<\/a><\/p>\n<p class=\"v-mdl-ath__p v-mdl-ath__p--6\">\nDomingo, 19 de octubre 2025, 20:33<\/p>\n<p>| Actualizado 21:03h.<\/p>\n<p class=\"v-p\">Paolo Galbiati entr\u00f3 en la sala de prensa y se qued\u00f3 de pie. Dio un breve discurso para agradecer al p\u00fablico de Granada su comportamiento y el cari\u00f1o que hab\u00edan brindado a su hist\u00f3rico entrenador Pablo Pin, ahora asistente azulgrana, al que ofreci\u00f3 que se sentara en el que durante 13 a\u00f1os fue su sitio para ofrecer sus impresiones sobre la victoria del Baskonia. \u00abMuchas gracias por esto. Lo aprecio much\u00edsimo\u00bb, le agradeci\u00f3 el granadino al italiano, que se qued\u00f3 sentado a su lado.<\/p>\n<p class=\"v-p\">El partido, pese al sufrimiento, tambi\u00e9n gener\u00f3 satisfacci\u00f3n en el cuerpo t\u00e9cnico azulgrana. El segundo entrenador revel\u00f3 que Galbiati hab\u00eda hecho un insistente trabajo de mentalizaci\u00f3n grupal e individual en las horas previas con sus jugadores. \u00abHab\u00eda que dar un paso adelante, dar todo el m\u00e1ximo sin importar las bajas\u00bb, se\u00f1al\u00f3. Preguntado por las cuatro bajas, cinco si se cuenta al nuevo fichaje, Pin remarc\u00f3 el lema con el que se mueven desde el primer d\u00eda de pretemporada, cuando arrancaron las adversidades. \u00abTrabajar sin excusas\u00bb. <\/p>\n<p class=\"v-p\">En su an\u00e1lisis del partido, el ayudante remarc\u00f3 \u00abla buena defensa\u00bb del Baskonia en el primer tiempo, en el que consigui\u00f3 que el porcentaje de tiro del conjunto local fuera \u00abmalo\u00bb. \u00abTambi\u00e9n hemos dominado el rebote en el primer cuarto y en el segundo ah\u00ed hemos tenido m\u00e1s debilidad y ellos se han metido en el partido\u00bb. Trabajo para el cuerpo t\u00e9cnico en el descanso, que incidi\u00f3 en que \u00abel rebote es trabajo de todos\u00bb y pidieron una \u00abbuena mentalidad\u00bb para enfrentarse a un ambiente adverso. \u00abLa respuesta ha sido buena. Hemos aguantado un mal momento y al final hemos hecho buenos ataques y con tiros claros\u00bb, expuso.<\/p>\n<p class=\"v-p\">Por ello, el ayudante se deshizo en elogios hacia los \u00abjugadores que jugaban menos\u00bb. \u00abRafa (Villar), Khalifa (Diop) y tambi\u00e9n Stefan (Joksimovic) han hecho un gran partido. Que se hayan mentalizado y hayan visto como una oportunidad una situaci\u00f3n dif\u00edcil ha sido muy importante\u00bb, ha explicado. Tambi\u00e9n ah tenido buenas palabras para Spagnolo. \u00abEs uno con el que Paolo (Galbiati) ha hablado para que diera el paso adelante\u00bb. Le defini\u00f3 como un \u00abjoven-veterano\u00bb. \u00abLleva ya tiempo en esto y trabaja bien en el d\u00eda a d\u00eda, es honesto y necesitaba este partido. Ha anotado bien, ha dado tranquilidad y en defensa ha hecho un gran partido, que se ve menos\u00bb, ha explicado. Tambi\u00e9n se alegr\u00f3 por Diakite. \u00abVa cogiendo ritmo. Destaco que ha condicionado tiro m\u00e1s all\u00e1 de la anotaci\u00f3n. Necesit\u00e1bamos de \u00e9l\u00bb.<\/p>\n<p class=\"v-p\">El Baskonia solo pudo disponer de diez jugadores tras la baja de \u00faltima hora de Samanic por un proceso febril. Pin no quiso abordar su ausencia. \u00abLos temas m\u00e9dicos no me competen\u00bb. Ni tampoco arroj\u00f3 mucha luz sobre el estado de Sedekerskis. En ese momento intervino Galbiati, con guasa. \u00ab\u00a1Espera!\u00bb, suplic\u00f3 con las manos en posici\u00f3n de rezar. \u00abHa hecho un gran esfuerzo y hay que mirarle\u00bb, sentenci\u00f3 un exultante Pablo Pin con su homenaje.<\/p>\n<p class=\"v-p\">Una camiseta con su nombre tras los 409 partidos que dirigi\u00f3 al Covir\u00e1n Granada a lo largo de 13 a\u00f1os, con cuatro ascensos de categor\u00edas, cuelgan ya del techo del Pabell\u00f3n de los Deportes de la ciudad nazar\u00ed. \u00abEl recibimiento ha sido s\u00faper bonito. Es bueno que los clubes reconozcan a la gente que pasa por all\u00ed, que intenta dejar huella. Ha sido bonito disfrutarlo con la familia, amigos y el equipo de ahora. Estoy muy feliz donde estoy. Ha sido un momento super bonito que espero no olvidar nunca\u00bb, declar\u00f3 con una gran sonrisa y complicidad con los medios locales.<\/p>\n<p>Reporta un error<\/p>\n","protected":false},"excerpt":{"rendered":"Domingo, 19 de octubre 2025, 20:33 | Actualizado 21:03h. Paolo Galbiati entr\u00f3 en la sala de prensa y&hellip;\n","protected":false},"author":2,"featured_media":188271,"comment_status":"","ping_status":"","sticky":false,"template":"","format":"standard","meta":{"footnotes":""},"categories":[269],"tags":[299,298,3226,168,25,24,17490,6552,618,21116,2330,3576,7667,23,167],"class_list":{"0":"post-188270","1":"post","2":"type-post","3":"status-publish","4":"format-standard","5":"has-post-thumbnail","7":"category-baloncesto","8":"tag-baloncesto","9":"tag-basketball","10":"tag-cede","11":"tag-deportes","12":"tag-es","13":"tag-espana","14":"tag-galbiati","15":"tag-homenaje","16":"tag-pablo","17":"tag-pin","18":"tag-prensa","19":"tag-puesto","20":"tag-rueda","21":"tag-spain","22":"tag-sports"},"share_on_mastodon":{"url":"","error":""},"_links":{"self":[{"href":"https:\/\/www.europesays.com\/es\/wp-json\/wp\/v2\/posts\/188270","targetHints":{"allow":["GET"]}}],"collection":[{"href":"https:\/\/www.europesays.com\/es\/wp-json\/wp\/v2\/posts"}],"about":[{"href":"https:\/\/www.europesays.com\/es\/wp-json\/wp\/v2\/types\/post"}],"author":[{"embeddable":true,"href":"https:\/\/www.europesays.com\/es\/wp-json\/wp\/v2\/users\/2"}],"replies":[{"embeddable":true,"href":"https:\/\/www.europesays.com\/es\/wp-json\/wp\/v2\/comments?post=188270"}],"version-history":[{"count":0,"href":"https:\/\/www.europesays.com\/es\/wp-json\/wp\/v2\/posts\/188270\/revisions"}],"wp:featuredmedia":[{"embeddable":true,"href":"https:\/\/www.europesays.com\/es\/wp-json\/wp\/v2\/media\/188271"}],"wp:attachment":[{"href":"https:\/\/www.europesays.com\/es\/wp-json\/wp\/v2\/media?parent=188270"}],"wp:term":[{"taxonomy":"category","embeddable":true,"href":"https:\/\/www.europesays.com\/es\/wp-json\/wp\/v2\/categories?post=188270"},{"taxonomy":"post_tag","embeddable":true,"href":"https:\/\/www.europesays.com\/es\/wp-json\/wp\/v2\/tags?post=188270"}],"curies":[{"name":"wp","href":"https:\/\/api.w.org\/{rel}","templated":true}]}}