{"id":188292,"date":"2025-10-20T01:32:06","date_gmt":"2025-10-20T01:32:06","guid":{"rendered":"https:\/\/www.europesays.com\/es\/188292\/"},"modified":"2025-10-20T01:32:06","modified_gmt":"2025-10-20T01:32:06","slug":"balonmano-u18-y-u20-de-nuevo-otra-cita-regional-polideportivo","status":"publish","type":"post","link":"https:\/\/www.europesays.com\/es\/188292\/","title":{"rendered":"Balonmano U18 y U20: De nuevo, otra cita regional &#8211; Polideportivo"},"content":{"rendered":"<p>La Confederaci\u00f3n Paraguaya de Handball (CPH) nuevamente se anota un gran punto y ser\u00e1 anfitriona de los Clasificatorios al Mundial IHF Femenino 2025.<\/p>\n<p>Por ABC Color<\/p>\n<p>19 de octubre de 2025 &#8211; 21:39<\/p>\n<p>La Confederaci\u00f3n Sur y Centroam\u00e9rica de <a href=\"https:\/\/www.abc.com.py\/tag\/handbol\/\" target=\"_blank\" rel=\"noreferrer nofollow noopener\" title=\"https:\/\/www.abc.com.py\/tag\/handbol\/\"><b>Balonmano<\/b><\/a><b> <\/b>(Coscabal) otorg\u00f3 a nuestro pa\u00eds la sede oficial del torneo en las categor\u00edas Juvenil (U18) y Junior (U20).<\/p>\n<p><b>Lea mas: <\/b><a href=\"https:\/\/www.abc.com.py\/deportes\/polideportivo\/2025\/10\/18\/balonmano-guerreras-con-victoria-en-espana\/\" target=\"_blank\" rel=\"noreferrer nofollow noopener\" title=\"https:\/\/www.abc.com.py\/deportes\/polideportivo\/2025\/10\/18\/balonmano-guerreras-con-victoria-en-espana\/\"><b>Guerreras con victoria en Espa\u00f1a<\/b><\/a><\/p>\n<p>El torneo para las guerreritas juveniles ser\u00e1 del 10 al 14 de noviembre pr\u00f3ximo, en el SND Arena, en el predio de la Secretar\u00eda Nacional de Deportes.<\/p>\n<p>En el mismo escenario se disputar\u00e1 el certamen para las junior, del 17 al 21 del mismo mes.<\/p>\n<p><a href=\"https:\/\/www.abc.com.py\/beneficios\/?utm_source=in-read&amp;utm_medium=abc-digital&amp;utm_campaign=lanzamiento-2025\" class=\"abcbeneficios-btn\" rel=\"nofollow noopener\" target=\"_blank\">Todos los beneficios, en un solo lugar Descubr\u00ed donde te conviene comprar hoy<\/a><\/p>\n<p><b>* Nacional de formativas<\/b>. Tambi\u00e9n est\u00e1 en puertas el Campeonato Nacional \u201cPresidente Franco 2025\u201d U14 y U18\/U19, que se disputar\u00e1 del 24 al 28 del mes entrante, con la participaci\u00f3n de 38 federaciones del interior. <\/p>\n","protected":false},"excerpt":{"rendered":"La Confederaci\u00f3n Paraguaya de Handball (CPH) nuevamente se anota un gran punto y ser\u00e1 anfitriona de los Clasificatorios&hellip;\n","protected":false},"author":2,"featured_media":46892,"comment_status":"","ping_status":"","sticky":false,"template":"","format":"standard","meta":{"footnotes":""},"categories":[278],"tags":[376,168,25,24,375,23,167],"class_list":{"0":"post-188292","1":"post","2":"type-post","3":"status-publish","4":"format-standard","5":"has-post-thumbnail","7":"category-balonmano","8":"tag-balonmano","9":"tag-deportes","10":"tag-es","11":"tag-espana","12":"tag-handball","13":"tag-spain","14":"tag-sports"},"share_on_mastodon":{"url":"","error":""},"_links":{"self":[{"href":"https:\/\/www.europesays.com\/es\/wp-json\/wp\/v2\/posts\/188292","targetHints":{"allow":["GET"]}}],"collection":[{"href":"https:\/\/www.europesays.com\/es\/wp-json\/wp\/v2\/posts"}],"about":[{"href":"https:\/\/www.europesays.com\/es\/wp-json\/wp\/v2\/types\/post"}],"author":[{"embeddable":true,"href":"https:\/\/www.europesays.com\/es\/wp-json\/wp\/v2\/users\/2"}],"replies":[{"embeddable":true,"href":"https:\/\/www.europesays.com\/es\/wp-json\/wp\/v2\/comments?post=188292"}],"version-history":[{"count":0,"href":"https:\/\/www.europesays.com\/es\/wp-json\/wp\/v2\/posts\/188292\/revisions"}],"wp:featuredmedia":[{"embeddable":true,"href":"https:\/\/www.europesays.com\/es\/wp-json\/wp\/v2\/media\/46892"}],"wp:attachment":[{"href":"https:\/\/www.europesays.com\/es\/wp-json\/wp\/v2\/media?parent=188292"}],"wp:term":[{"taxonomy":"category","embeddable":true,"href":"https:\/\/www.europesays.com\/es\/wp-json\/wp\/v2\/categories?post=188292"},{"taxonomy":"post_tag","embeddable":true,"href":"https:\/\/www.europesays.com\/es\/wp-json\/wp\/v2\/tags?post=188292"}],"curies":[{"name":"wp","href":"https:\/\/api.w.org\/{rel}","templated":true}]}}