{"id":188305,"date":"2025-10-20T01:41:12","date_gmt":"2025-10-20T01:41:12","guid":{"rendered":"https:\/\/www.europesays.com\/es\/188305\/"},"modified":"2025-10-20T01:41:12","modified_gmt":"2025-10-20T01:41:12","slug":"su-madre-le-anuncia-que-vuelve-la-oreja-de-van-gogh-con-un-whatsapp-que-va-camino-de-haber-leido-media-espana","status":"publish","type":"post","link":"https:\/\/www.europesays.com\/es\/188305\/","title":{"rendered":"Su madre le anuncia que vuelve La Oreja de Van Gogh con un WhatsApp que va camino de haber le\u00eddo media Espa\u00f1a"},"content":{"rendered":"<p>La <a href=\"https:\/\/www.huffingtonpost.es\/life\/cultura\/la-oreja-gogh-confirma-rumores-anuncia-gira-2026-fechas-como-comprar-entradas.html\" rel=\"nofollow noopener\" target=\"_blank\">vuelta de La Oreja de Van Gogh<\/a> est\u00e1 despertando todo tipo de emociones y reacciones. Aunque\u00a0<a href=\"https:\/\/www.huffingtonpost.es\/life\/cultura\/muchos-recuerdan-motivos-ruptura-oreja-gogh-estaban-predestinados-volver-solo-sentido.html\" rel=\"nofollow noopener\" target=\"_blank\">ya era todo un secreto a voces<\/a> -y despu\u00e9s de <a href=\"https:\/\/www.huffingtonpost.es\/life\/cultura\/leire-martinez-reacciona-noticia-regreso-amaia-oreja-gogh-no-mi-historia.html\" rel=\"nofollow noopener\" target=\"_blank\">la convulsa salida de Leire<\/a>-, <b>ahora que el grupo por fin lo ha hecho oficial no se habla de otra cosa.<\/b><\/p>\n<p>La vuelta del m\u00edtico grupo de pop espa\u00f1ol, esta vez con Amaia como vocalista, ha acaparado conversaciones entre todas las generaciones, y una muestra de esto es <b>esta conversaci\u00f3n de WhatasApp entre una madre y su hijo sobre el tema<\/b> que, en apenas unas horas, se ha convertido en <b>uno de los mensajes m\u00e1s le\u00eddos del pa\u00eds.<\/b><\/p>\n<p>En concreto, en el tuit, publicado por el usuario de la red social X <b>Ruben (@rubenalonsx)<\/b>, se puede ver un mensaje de su madre que dice: <b>\u00abAmaya Montero vuelve a la oreja de Bangkok\u00bb.\u00a0<\/b><\/p>\n<p>S\u00ed, \u00abBangkok\u00bb, no Van Gogh.<b> Un lapsus que ha hecho estallar de risa tanto a su propio hijo como a todos los usuarios de la comunidad tuitera<\/b>, haciendo que esta confusi\u00f3n entre el nombre del grupo y la capital de Tailandia supere en tan solo unas horas las <b>300.000 visualizaciones y los 11.0000 &#8216;me gusta&#8217;.<\/b><\/p>\n<p>Y, por supuesto, las bromas en los citados no tienen desperdicio, como esta nueva versi\u00f3n de la conocida canci\u00f3n 20 de enero que se ha llevado todos los aplausos: <b>\u00abY en el momento que vi tu mirada buscando mi cara\u2026 La madrugada del 20 de enero saliendo del tuk-tuk\u2026\u00bb.<\/b><\/p>\n<p>\u00abSiempre ser\u00e1s bienvenido a Chiang Mai\u00bb; \u00abPuedes contar con Buda\u00bb; <b>\u00abDeseos de bubble teas imposibles\u00bb<\/b>; <b>\u00abLa ladyboy que llora en tus fiestas<\/b>\u00ab; \u00abY hoy solo quiero creer que recordar\u00e1s las tardes de invierno por Beijing\u00bb, han comentado tambi\u00e9n otros usuarios.<\/p>\n<p>Parece que se ha abierto la veda, y el ingenio entre los tuiteros no para: \u00abEste es el grupo tributo que mont\u00f3 Daniel Sancho, \u00bfno?\u00bb; <b>\u00abPor eso esperaba con la carita empapada que llegaras con curry, con mucho curry para m\u00ed\u00bb<\/b>;\u00a0\u00abNunca olvidar\u00e9 el \u00faltimo pad thai\u00bb.<\/p>\n","protected":false},"excerpt":{"rendered":"La vuelta de La Oreja de Van Gogh est\u00e1 despertando todo tipo de emociones y reacciones. Aunque\u00a0ya era&hellip;\n","protected":false},"author":2,"featured_media":188306,"comment_status":"","ping_status":"","sticky":false,"template":"","format":"standard","meta":{"footnotes":""},"categories":[174],"tags":[255,146,147,25,24,256,24705,20220,3622,185,23,6052,137],"class_list":{"0":"post-188305","1":"post","2":"type-post","3":"status-publish","4":"format-standard","5":"has-post-thumbnail","7":"category-famosos","8":"tag-celebrities","9":"tag-entertainment","10":"tag-entretenimiento","11":"tag-es","12":"tag-espana","13":"tag-famosos","14":"tag-humor","15":"tag-la-oreja-de-van-gogh","16":"tag-madres","17":"tag-musica","18":"tag-spain","19":"tag-twitter","20":"tag-whatsapp"},"share_on_mastodon":{"url":"","error":""},"_links":{"self":[{"href":"https:\/\/www.europesays.com\/es\/wp-json\/wp\/v2\/posts\/188305","targetHints":{"allow":["GET"]}}],"collection":[{"href":"https:\/\/www.europesays.com\/es\/wp-json\/wp\/v2\/posts"}],"about":[{"href":"https:\/\/www.europesays.com\/es\/wp-json\/wp\/v2\/types\/post"}],"author":[{"embeddable":true,"href":"https:\/\/www.europesays.com\/es\/wp-json\/wp\/v2\/users\/2"}],"replies":[{"embeddable":true,"href":"https:\/\/www.europesays.com\/es\/wp-json\/wp\/v2\/comments?post=188305"}],"version-history":[{"count":0,"href":"https:\/\/www.europesays.com\/es\/wp-json\/wp\/v2\/posts\/188305\/revisions"}],"wp:featuredmedia":[{"embeddable":true,"href":"https:\/\/www.europesays.com\/es\/wp-json\/wp\/v2\/media\/188306"}],"wp:attachment":[{"href":"https:\/\/www.europesays.com\/es\/wp-json\/wp\/v2\/media?parent=188305"}],"wp:term":[{"taxonomy":"category","embeddable":true,"href":"https:\/\/www.europesays.com\/es\/wp-json\/wp\/v2\/categories?post=188305"},{"taxonomy":"post_tag","embeddable":true,"href":"https:\/\/www.europesays.com\/es\/wp-json\/wp\/v2\/tags?post=188305"}],"curies":[{"name":"wp","href":"https:\/\/api.w.org\/{rel}","templated":true}]}}