{"id":188307,"date":"2025-10-20T01:43:08","date_gmt":"2025-10-20T01:43:08","guid":{"rendered":"https:\/\/www.europesays.com\/es\/188307\/"},"modified":"2025-10-20T01:43:08","modified_gmt":"2025-10-20T01:43:08","slug":"ya-que-esta-tan-de-moda","status":"publish","type":"post","link":"https:\/\/www.europesays.com\/es\/188307\/","title":{"rendered":"Ya que est\u00e1 tan de moda"},"content":{"rendered":"<p class=\"paragraph-atom &#10;        B-500-500-700-N B-600-500-700-N--md  \">Ya que est\u00e1 tan de moda cargarse libros y cuentos infantiles cl\u00e1sicos por sexuales, inapropiados o lo que sea, yo creo que deber\u00edamos borrar o bien quemar si nos parece mejor, tambi\u00e9n unos cuantos libros \u201cde mayores\u201d de nuestras bibliotecas. Por ejemplo podr\u00edamos empezar por El Cantar de los Cantares de Salom\u00f3n, que dec\u00eda: \u201cTus cabellos son como manadas de cabras\/ que se recuestan en las laderas del Galaad\u201d. <\/p>\n<p class=\"paragraph-atom &#10;        B-500-500-700-N B-600-500-700-N--md  \">Despu\u00e9s podr\u00edamos eliminar de nuestra literatura a Walt Whitman, un pansexual americano chiflado y muy dif\u00edcil de entender: \u201cYo canto al hombre de pies a cabeza\/ no a la fisonom\u00eda ni al cerebro\/ yo digo que la forma completa es la digna\/ y canto a la mujer igual que al macho.\u201d <\/p>\n<p class=\"paragraph-atom &#10;        B-500-500-700-N B-600-500-700-N--md  \">\u00a1Uau, esto es de nota! Yo a Walt Whitman lo llevar\u00eda al pared\u00f3n directamente.<\/p>\n<p class=\"paragraph-atom &#10;        B-500-500-700-N B-600-500-700-N--md  \">A continuaci\u00f3n podr\u00edamos borrar de los libros de texto y de los diccionarios a todos los cl\u00e1sicos como Ovidio y su maldito Ars Amandi: \u201cQueremos mujeres reidoras y cantarinas\u201d. O a Quevedo ya puestos en plan m\u00e1s espa\u00f1ol: \u201cSer\u00e1n ceniza, m\u00e1s tendr\u00e1n sentido\/ polvo ser\u00e1n, m\u00e1s polvo enamorado\u201d. \u00a1Menudo elemento Quevedo, aquel antisemita, lo que escrib\u00eda sobre el amor y la muerte! Hay que fastidiarse. Despu\u00e9s seguir\u00edamos con los que hay que eliminar por inapropiados, obscenos o pol\u00edticamente incorrectos, y en toda la historia hubo much\u00edsimos. <\/p>\n<blockquote class=\"blockquote-atom \">\n<p>                Ya que est\u00e1 tan de moda cargarse libros y cuentos infantiles cl\u00e1sicos por sexuales, inapropiados o lo que sea, yo creo que deber\u00edamos borrar o bien quemar si nos parece mejor, tambi\u00e9n unos cuantos libros \u201cde mayores\u201d de nuestras bibliotecas.<\/p>\n<\/blockquote>\n<p class=\"paragraph-atom &#10;        B-500-500-700-N B-600-500-700-N--md  \">En los siglos XIX y XX la cosa se convirti\u00f3 en una plaga terrible, todav\u00eda pagamos las consecuencias hoy. Jean Genet, Jean Cocteau, Oscar Wilde, Lorca, Cernuda, Verlaine, Rimbaud, Mallarm\u00e9, Lezama Lima, Bukowski, Rub\u00e9n Dar\u00edo, Alejandra Pizarnik, Apollinaire, el Marqu\u00e9s de Sade, Anais Nin, D. H. Lawrence, Fernando Vallejo, Artaud, Leopoldo Mar\u00eda Panero, Marguerite Duras, Reinaldo Arenas, Nabokob, Lovecraft, Henry Miller, Carson McCullers, Lautr\u00e9amont, y hasta si me apuran Almudena Grandes que no tiene la culpa de nada y, por cierto aprovecho para decirlo aqu\u00ed, siempre me encantaron especialmente sus art\u00edculos.<\/p>\n<p class=\"paragraph-atom &#10;        B-500-500-700-N B-600-500-700-N--md  \">\u00a1S\u00ed se\u00f1or! Borr\u00e9moslos a todos de la faz de la tierra como a Caperucita Roja y a los Siete Cabritillos. \u00a1Uy, creo que estoy confundiendo cuentos distintos! Perdonen ustedes, es que ya no s\u00e9 lo que digo y me voy del tema. Es lo malo de ser censor, que te confundes constantemente y al final nunca sabes d\u00f3nde est\u00e1 la mentira y d\u00f3nde la verdad. <\/p>\n<p class=\"paragraph-atom &#10;        B-500-500-700-N B-600-500-700-N--md  \">Eso no le pasaba no s\u00e9 si lo recuerdan, a la gran Chus Lampreave en aquella escena fabulosa de Mujeres al borde de un ataque de nervios de Almod\u00f3var: \u201cLo siento se\u00f1orito, pero yo soy testiga de Jehov\u00e1 y mi religi\u00f3n me prohibe mentir. Yo solo puedo decir la verdad, toda la verdad y nada m\u00e1s que la verdad. Ya me gustar\u00eda a m\u00ed mentir pero eso es lo malo de las testigas, que no podemos mentir. Si no&#8230; aqu\u00ed iba a estar yo. \u00a1Bah!\u201d. Pues s\u00ed. Ahora est\u00e1 de moda cargarse cuentos infantiles. Vale. Disparen sin miedo sobre el pianista. No pasa nada. No se preocupen, los ni\u00f1os\u2026 no van a protestar.<\/p>\n","protected":false},"excerpt":{"rendered":"Ya que est\u00e1 tan de moda cargarse libros y cuentos infantiles cl\u00e1sicos por sexuales, inapropiados o lo que&hellip;\n","protected":false},"author":2,"featured_media":107009,"comment_status":"","ping_status":"","sticky":false,"template":"","format":"standard","meta":{"footnotes":""},"categories":[172],"tags":[224,146,147,25,24,225,1023,23],"class_list":{"0":"post-188307","1":"post","2":"type-post","3":"status-publish","4":"format-standard","5":"has-post-thumbnail","7":"category-libros","8":"tag-books","9":"tag-entertainment","10":"tag-entretenimiento","11":"tag-es","12":"tag-espana","13":"tag-libros","14":"tag-moda","15":"tag-spain"},"share_on_mastodon":{"url":"","error":""},"_links":{"self":[{"href":"https:\/\/www.europesays.com\/es\/wp-json\/wp\/v2\/posts\/188307","targetHints":{"allow":["GET"]}}],"collection":[{"href":"https:\/\/www.europesays.com\/es\/wp-json\/wp\/v2\/posts"}],"about":[{"href":"https:\/\/www.europesays.com\/es\/wp-json\/wp\/v2\/types\/post"}],"author":[{"embeddable":true,"href":"https:\/\/www.europesays.com\/es\/wp-json\/wp\/v2\/users\/2"}],"replies":[{"embeddable":true,"href":"https:\/\/www.europesays.com\/es\/wp-json\/wp\/v2\/comments?post=188307"}],"version-history":[{"count":0,"href":"https:\/\/www.europesays.com\/es\/wp-json\/wp\/v2\/posts\/188307\/revisions"}],"wp:featuredmedia":[{"embeddable":true,"href":"https:\/\/www.europesays.com\/es\/wp-json\/wp\/v2\/media\/107009"}],"wp:attachment":[{"href":"https:\/\/www.europesays.com\/es\/wp-json\/wp\/v2\/media?parent=188307"}],"wp:term":[{"taxonomy":"category","embeddable":true,"href":"https:\/\/www.europesays.com\/es\/wp-json\/wp\/v2\/categories?post=188307"},{"taxonomy":"post_tag","embeddable":true,"href":"https:\/\/www.europesays.com\/es\/wp-json\/wp\/v2\/tags?post=188307"}],"curies":[{"name":"wp","href":"https:\/\/api.w.org\/{rel}","templated":true}]}}