{"id":188344,"date":"2025-10-20T02:08:08","date_gmt":"2025-10-20T02:08:08","guid":{"rendered":"https:\/\/www.europesays.com\/es\/188344\/"},"modified":"2025-10-20T02:08:08","modified_gmt":"2025-10-20T02:08:08","slug":"no-saben-tocar-ni-componer","status":"publish","type":"post","link":"https:\/\/www.europesays.com\/es\/188344\/","title":{"rendered":"No saben tocar ni componer"},"content":{"rendered":"<p><strong>Lou Reed<\/strong> era famoso por tener opiniones fuertes, especialmente cuando se trataba de su visi\u00f3n acerca de lo que deb\u00eda ser la m\u00fasica rock. En varias oportunidades, declar\u00f3 que hab\u00eda bandas a las que no solo no admiraba, sino que ve\u00eda como ejemplos de lo que estaba mal en el g\u00e9nero de su \u00e9poca. En esa lista negra, una de las que m\u00e1s critic\u00f3 fue <strong><a href=\"https:\/\/indiehoy.com\/historias\/los-3-mejores-discos-de-the-doors-segun-indie-hoy\/\" target=\"_blank\" rel=\"noreferrer noopener nofollow\">The Doors<\/a><\/strong>, banda californiana liderada por<strong> <\/strong><a href=\"https:\/\/indiehoy.com\/historias\/jim-morrison-no-la-queria-cantar-le-cambiaron-la-letra-y-fue-un-exito-de-the-doors\/\" target=\"_blank\" rel=\"noreferrer noopener nofollow\"><strong>Jim<\/strong> <strong>Morrison<\/strong><\/a>.<\/p>\n<p>Mientras que Reed se desarroll\u00f3 en la costa este de Estados Unidos y consideraba a su banda, The Velvet Underground, \u201cmuy, muy inteligente\u201d, Morrison se cri\u00f3 en la punta opuesta del pa\u00eds, entre hippies, escena a la que Lou defin\u00eda como \u201cmuy, muy est\u00fapida\u00bb. \u201c<strong>Ten\u00edamos grandes objeciones a toda la escena de San Francisco. Es simplemente tediosa, una mentira y sin talento<\/strong>\u201d, afirm\u00f3 Reed.<\/p>\n<p>Luego, el neoyorquino afirm\u00f3 que Morrison y compa\u00f1\u00eda \u00ab<strong>no saben tocar, y desde luego no saben componer<\/strong>\u00ab. Ya en 1987, 16 a\u00f1os despu\u00e9s de la muerte del rey lagarto, Reed le asegur\u00f3 al medio PBS: \u201c<strong>Eran simplemente terriblemente est\u00fapidos y pretenciosos, y cuando intentaban ser &#8216;art\u00edsticos&#8217;, eran peores que el rock and roll est\u00fapido<\/strong>. Cuando digo &#8216;est\u00fapidos&#8217;, me refiero a algo como The Doors\u00bb.<\/p>\n<p><img loading=\"lazy\" decoding=\"async\" width=\"1200\" height=\"800\" src=\"https:\/\/www.europesays.com\/es\/wp-content\/uploads\/2025\/10\/the-doors.jpg\" alt=\"The Doors.\" class=\"wp-image-751068\"  \/>The Doors.<\/p>\n<p>Aunque todo comenz\u00f3 como una simple rivalidad entre costas estadounidenses, el desprecio escal\u00f3 despu\u00e9s de que The Doors viera a Velvet Underground actuar en Exploding Plastic Inevitable de Andy Warhol con el bailar\u00edn Gerard Malanga. Al parecer, Morrison habr\u00eda copiado su estilo y, seg\u00fan record\u00f3 el pintor y artista del pop art: \u201c[Gerard] se volvi\u00f3 loco. \u2018\u00a1Me rob\u00f3 el look!\u2019, grit\u00f3, indignado\u201d.<\/p>\n<p>Como si fuera poco, Jim tuvo una aventura tumultuosa con Nico, la integrante de The Velvet Underground, por lo que la banda le tom\u00f3 a\u00fan m\u00e1s bronca. \u201cAlguien recibi\u00f3 una llamada telef\u00f3nica diciendo que Morrison hab\u00eda muerto en Par\u00eds en una ba\u00f1era. Y dije: \u2018\u00a1Qu\u00e9 fabuloso, en una ba\u00f1era en Par\u00eds!\u2019 No tuve ninguna compasi\u00f3n por ese tonto de Los \u00c1ngeles\u201d, afirm\u00f3 Reed.<\/p>\n","protected":false},"excerpt":{"rendered":"Lou Reed era famoso por tener opiniones fuertes, especialmente cuando se trataba de su visi\u00f3n acerca de lo&hellip;\n","protected":false},"author":2,"featured_media":188345,"comment_status":"","ping_status":"","sticky":false,"template":"","format":"standard","meta":{"footnotes":""},"categories":[170],"tags":[146,147,25,24,47312,184,185,23],"class_list":{"0":"post-188344","1":"post","2":"type-post","3":"status-publish","4":"format-standard","5":"has-post-thumbnail","7":"category-musica","8":"tag-entertainment","9":"tag-entretenimiento","10":"tag-es","11":"tag-espana","12":"tag-lou-reed","13":"tag-music","14":"tag-musica","15":"tag-spain"},"share_on_mastodon":{"url":"","error":""},"_links":{"self":[{"href":"https:\/\/www.europesays.com\/es\/wp-json\/wp\/v2\/posts\/188344","targetHints":{"allow":["GET"]}}],"collection":[{"href":"https:\/\/www.europesays.com\/es\/wp-json\/wp\/v2\/posts"}],"about":[{"href":"https:\/\/www.europesays.com\/es\/wp-json\/wp\/v2\/types\/post"}],"author":[{"embeddable":true,"href":"https:\/\/www.europesays.com\/es\/wp-json\/wp\/v2\/users\/2"}],"replies":[{"embeddable":true,"href":"https:\/\/www.europesays.com\/es\/wp-json\/wp\/v2\/comments?post=188344"}],"version-history":[{"count":0,"href":"https:\/\/www.europesays.com\/es\/wp-json\/wp\/v2\/posts\/188344\/revisions"}],"wp:featuredmedia":[{"embeddable":true,"href":"https:\/\/www.europesays.com\/es\/wp-json\/wp\/v2\/media\/188345"}],"wp:attachment":[{"href":"https:\/\/www.europesays.com\/es\/wp-json\/wp\/v2\/media?parent=188344"}],"wp:term":[{"taxonomy":"category","embeddable":true,"href":"https:\/\/www.europesays.com\/es\/wp-json\/wp\/v2\/categories?post=188344"},{"taxonomy":"post_tag","embeddable":true,"href":"https:\/\/www.europesays.com\/es\/wp-json\/wp\/v2\/tags?post=188344"}],"curies":[{"name":"wp","href":"https:\/\/api.w.org\/{rel}","templated":true}]}}