{"id":188350,"date":"2025-10-20T02:11:11","date_gmt":"2025-10-20T02:11:11","guid":{"rendered":"https:\/\/www.europesays.com\/es\/188350\/"},"modified":"2025-10-20T02:11:11","modified_gmt":"2025-10-20T02:11:11","slug":"los-habitos-diarios-que-ayudan-a-mantener-el-cerebro-joven-y-prevenir-la-demencia","status":"publish","type":"post","link":"https:\/\/www.europesays.com\/es\/188350\/","title":{"rendered":"Los h\u00e1bitos diarios que ayudan a mantener el cerebro joven y prevenir la demencia"},"content":{"rendered":"<p><img alt=\"La reserva cognitiva es clave\" class=\"global-image\" decoding=\"async\" fetchpriority=\"high\" height=\"1080\" loading=\"eager\" src=\"https:\/\/www.europesays.com\/es\/wp-content\/uploads\/2025\/10\/WEAJDCR7LBGMNBJX5GC3FKCEUI.jpg\" width=\"1920\"\/>La reserva cognitiva es clave para retrasar el envejecimiento cerebral, seg\u00fan estudios recientes (cr\u00e9dito: Andina)<\/p>\n<p class=\"paragraph\"><b>Mantener el <\/b><a rel=\"noopener noreferrer nofollow\" href=\"https:\/\/www.infobae.com\/salud\/ciencia\/2025\/10\/15\/a-que-edad-el-cerebro-alcanza-su-maximo-rendimiento-segun-cientificos\/\" target=\"_blank\" title=\"https:\/\/www.infobae.com\/salud\/ciencia\/2025\/10\/15\/a-que-edad-el-cerebro-alcanza-su-maximo-rendimiento-segun-cientificos\/\"><b>cerebro<\/b><\/a><b> en buen estado a lo largo del tiempo representa una meta<\/b> respaldada por investigaciones cient\u00edficas recientes. Cuidar la <a rel=\"noopener noreferrer nofollow\" href=\"https:\/\/www.infobae.com\/salud\/2025\/10\/10\/cinco-recomendaciones-de-expertos-para-cuidar-la-salud-mental\/\" target=\"_blank\" title=\"https:\/\/www.infobae.com\/salud\/2025\/10\/10\/cinco-recomendaciones-de-expertos-para-cuidar-la-salud-mental\/\">salud mental<\/a> no requiere grandes intervenciones, sino la incorporaci\u00f3n de h\u00e1bitos diarios espec\u00edficos que influyen en la calidad de vida y el funcionamiento cerebral a medida que avanzan los a\u00f1os.<\/p>\n<p class=\"paragraph\">Seg\u00fan investigaciones en neurociencia cognitiva publicadas en los \u00faltimos a\u00f1os, <b>la clave para prolongar la juventud mental radica en fortalecer la llamada reserva cognitiva.<\/b> Este t\u00e9rmino, de acuerdo con expertos en la materia, hace referencia a la capacidad que tiene el cerebro para adaptarse y resistir los efectos negativos del paso del tiempo o de enfermedades neurodegenerativas, sin que se produzca una p\u00e9rdida significativa de funciones.<\/p>\n<p class=\"paragraph\">En testimonios recogidos por The Lancet, el profesor <b>Benjamin Boller<\/b>, de la Universidad de Quebec en Trois-Rivi\u00e8res, se\u00f1al\u00f3 que los h\u00e1bitos intelectuales, sociales y emocionales saludables permiten transitar desde un envejecimiento pasivo hacia uno m\u00e1s pleno y activo. <\/p>\n<p><img alt=\"El aprendizaje de nuevas habilidades\" class=\"global-image\" decoding=\"async\" fetchpriority=\"low\" height=\"816\" loading=\"lazy\" src=\"https:\/\/www.europesays.com\/es\/wp-content\/uploads\/2025\/10\/RVEBZQVYIRCILJAASYVF4KV53Y.jpg\" width=\"1456\"\/>El aprendizaje de nuevas habilidades y la interacci\u00f3n social fortalecen la salud mental y la memoria (Imagen Ilustrativa Infobae)<\/p>\n<p class=\"paragraph\">Seg\u00fan este especialista, conductas como el aprendizaje de nuevas habilidades, la participaci\u00f3n en actividades recreativas y la interacci\u00f3n social colaboran con la <b>preservaci\u00f3n de las capacidades mentales esenciales.<\/b><\/p>\n<p class=\"paragraph\">Hasta hace poco, <b>los aportes cient\u00edficos consideraban la educaci\u00f3n como el mayor factor<\/b> que influ\u00eda sobre la reserva cognitiva. Sin embargo, de acuerdo con estudios recientes citados en informes de la Comisi\u00f3n Lancet sobre la <b>demencia<\/b>, <b>hasta el 45\u202f% de los casos de esta enfermedad podr\u00edan evitarse o<\/b> postergarse si la persona modifica factores de riesgo como la baja actividad f\u00edsica, los estados depresivos prolongados, la falta de relaciones sociales activas y un nivel de educaci\u00f3n escaso.<\/p>\n<p><img alt=\"El aprendizaje de nuevas habilidades\" class=\"global-image\" decoding=\"async\" fetchpriority=\"low\" height=\"768\" loading=\"lazy\" src=\"https:\/\/www.europesays.com\/es\/wp-content\/uploads\/2025\/10\/UL4WYZUVH5APTBVIJNLG76OOZQ.png\" width=\"1408\"\/>El aprendizaje de nuevas habilidades y la interacci\u00f3n social fortalecen la salud mental y la memoria (Imagen Ilustrativa Infobae)<\/p>\n<p class=\"paragraph\">Los datos muestran que la formaci\u00f3n acad\u00e9mica y la exposici\u00f3n constante a desaf\u00edos intelectuales ayudan a mejorar la funci\u00f3n cerebral. Sin embargo, de acuerdo con investigaciones del laboratorio de neuropsicolog\u00eda del envejecimiento de la UQTR, <b>la reserva cognitiva no depende \u00fanicamente de la educaci\u00f3n recibida en etapas tempranas<\/b>, sino que puede ampliarse en cualquier momento de la vida. <\/p>\n<p class=\"paragraph\">Aprender un idioma, tocar un instrumento musical y practicar juegos de estrategia forman parte de las actividades m\u00e1s recomendadas debido al impacto positivo que ejercen sobre la<b> plasticidad cerebral y la formaci\u00f3n de nuevas conexiones neuronales.<\/b><\/p>\n<p><img alt=\"La plasticidad cerebral permite ampliar\" class=\"global-image\" decoding=\"async\" fetchpriority=\"low\" height=\"677\" loading=\"lazy\" src=\"https:\/\/www.europesays.com\/es\/wp-content\/uploads\/2025\/10\/VD5OUJUCT5GGDOW6D77PLVNJ2A.png\" width=\"1203\"\/>La plasticidad cerebral permite ampliar la reserva cognitiva en cualquier momento de la vida (Freepik)<\/p>\n<p class=\"paragraph\">Seguir aprendiendo durante la adultez, adoptar nuevas estrategias para memorizar y adquirir habilidades diferentes genera <b>modificaciones perceptibles en la actividad cerebral.<\/b> <\/p>\n<p class=\"paragraph\">Seg\u00fan los hallazgos publicados por el laboratorio de Quebec, incluso en personas adultas mayores, <b>el entrenamiento mental permite mejorar el rendimiento cognitivo<\/b> y la autonom\u00eda en las actividades cotidianas. <\/p>\n<p class=\"paragraph\">Programas como <b>Engage<\/b>, desarrollados por el Consorcio Canadiense sobre Envejecimiento y Neurodegeneraci\u00f3n, utilizan actividades recreativas como<b> la m\u00fasica, los videojuegos y el voluntariado<\/b> para promover la <b>estimulaci\u00f3n intelectual y social <\/b>en este grupo etario.<\/p>\n<p class=\"paragraph\">De acuerdo con Boller, <b>los beneficios aparecen incluso cuando el individuo inicia estas conductas en etapas avanzadas de la vida. <\/b>Participar en experiencias significativas y estimulantes resguarda la salud mental y fortalece la mente frente a los desaf\u00edos del envejecimiento y las dolencias asociadas.<\/p>\n<p><img alt=\"El ejercicio f\u00edsico y las\" class=\"global-image\" decoding=\"async\" fetchpriority=\"low\" height=\"768\" loading=\"lazy\" src=\"https:\/\/www.europesays.com\/es\/wp-content\/uploads\/2025\/10\/GECGMOGBMJEYZETHQ3LX6EXUJU.png\" width=\"1408\"\/>El ejercicio f\u00edsico y las redes de apoyo social contribuyen al bienestar cognitivo y previenen el deterioro (Imagen Ilustrativa Infobae)<\/p>\n<p class=\"paragraph\">Por otra parte, la Comisi\u00f3n Lancet remarca la importancia de combatir la inactividad f\u00edsica y el aislamiento social. Ambos factores incrementan la probabilidad de deterioro, mientras que el fomento de redes de apoyo y la pr\u00e1ctica del ejercicio f\u00edsico contribuyen a mantener el bienestar cognitivo. <\/p>\n<p class=\"paragraph\">Actividades simples, como caminar con amigos, realizar tareas de voluntariado y participar en talleres comunitarios, ofrecen est\u00edmulos que acumulados a lo largo del tiempo consolidan una mejor calidad de vida.<\/p>\n<p class=\"paragraph\">La evidencia robusta se\u00f1ala que <b>la construcci\u00f3n y el cuidado de la reserva cognitiva no tienen una fecha l\u00edmite<\/b>. Mientras la plasticidad cerebral contin\u00fae activa, modificar rutinas y abrirse al aprendizaje permite sumar defensas naturales contra el deterioro asociado a la edad. <\/p>\n<p><img alt=\"La evidencia cient\u00edfica confirma que\" class=\"global-image\" decoding=\"async\" fetchpriority=\"low\" height=\"1080\" loading=\"lazy\" src=\"https:\/\/www.europesays.com\/es\/wp-content\/uploads\/2025\/10\/L6GEARAXIZE4XESVP7A4IQ6PJM.jpg\" width=\"1920\"\/>La evidencia cient\u00edfica confirma que nunca es tarde para adoptar h\u00e1bitos que protejan la salud mental (Freepik)<\/p>\n<p class=\"paragraph\">Seg\u00fan publicaciones de la Universidad de Quebec, <b>la estimulaci\u00f3n intelectual, la interacci\u00f3n social y el entrenamiento en nuevas habilidades forman un tr\u00edpode que sostiene la juventud cerebral<\/b>.<\/p>\n<p class=\"paragraph\">Los especialistas recomiendan tomar un rol participativo en el propio desarrollo mental. Adoptar h\u00e1bitos sencillos como aprender, socializar e incorporar ejercicios f\u00edsicos mejora la funci\u00f3n cerebral y retrasa los efectos del envejecimiento. <\/p>\n<p class=\"paragraph\">Los datos respaldan la afirmaci\u00f3n de que nunca resulta tarde para empezar a cuidar el cerebro: la <b>capacidad de cambio permanece a lo largo de toda la vida<\/b>, tal como demuestran los trabajos recientes sobre reserva cognitiva y salud mental.<\/p>\n","protected":false},"excerpt":{"rendered":"La reserva cognitiva es clave para retrasar el envejecimiento cerebral, seg\u00fan estudios recientes (cr\u00e9dito: Andina) Mantener el cerebro&hellip;\n","protected":false},"author":2,"featured_media":188351,"comment_status":"","ping_status":"","sticky":false,"template":"","format":"standard","meta":{"footnotes":""},"categories":[92],"tags":[4251,44423,25,24,11471,165,11746,433,52855,2477,7771,33442,166,23,4252],"class_list":{"0":"post-188350","1":"post","2":"type-post","3":"status-publish","4":"format-standard","5":"has-post-thumbnail","7":"category-salud","8":"tag-bienestar","9":"tag-complicidad","10":"tag-es","11":"tag-espana","12":"tag-felicidad","13":"tag-health","14":"tag-hogar","15":"tag-jovenes","16":"tag-luz-natural","17":"tag-pareja","18":"tag-plantas","19":"tag-risa","20":"tag-salud","21":"tag-spain","22":"tag-vida-cotidiana"},"share_on_mastodon":{"url":"","error":""},"_links":{"self":[{"href":"https:\/\/www.europesays.com\/es\/wp-json\/wp\/v2\/posts\/188350","targetHints":{"allow":["GET"]}}],"collection":[{"href":"https:\/\/www.europesays.com\/es\/wp-json\/wp\/v2\/posts"}],"about":[{"href":"https:\/\/www.europesays.com\/es\/wp-json\/wp\/v2\/types\/post"}],"author":[{"embeddable":true,"href":"https:\/\/www.europesays.com\/es\/wp-json\/wp\/v2\/users\/2"}],"replies":[{"embeddable":true,"href":"https:\/\/www.europesays.com\/es\/wp-json\/wp\/v2\/comments?post=188350"}],"version-history":[{"count":0,"href":"https:\/\/www.europesays.com\/es\/wp-json\/wp\/v2\/posts\/188350\/revisions"}],"wp:featuredmedia":[{"embeddable":true,"href":"https:\/\/www.europesays.com\/es\/wp-json\/wp\/v2\/media\/188351"}],"wp:attachment":[{"href":"https:\/\/www.europesays.com\/es\/wp-json\/wp\/v2\/media?parent=188350"}],"wp:term":[{"taxonomy":"category","embeddable":true,"href":"https:\/\/www.europesays.com\/es\/wp-json\/wp\/v2\/categories?post=188350"},{"taxonomy":"post_tag","embeddable":true,"href":"https:\/\/www.europesays.com\/es\/wp-json\/wp\/v2\/tags?post=188350"}],"curies":[{"name":"wp","href":"https:\/\/api.w.org\/{rel}","templated":true}]}}