{"id":188377,"date":"2025-10-20T02:31:16","date_gmt":"2025-10-20T02:31:16","guid":{"rendered":"https:\/\/www.europesays.com\/es\/188377\/"},"modified":"2025-10-20T02:31:16","modified_gmt":"2025-10-20T02:31:16","slug":"nuevo-video-de-sabaton-para-el-tema-i-emperor-concierto-integro-de-battle-beast-en-berlin-videos-de-coroner-y-ciudad-olvido","status":"publish","type":"post","link":"https:\/\/www.europesays.com\/es\/188377\/","title":{"rendered":"Nuevo v\u00eddeo de SABATON para el tema \u201cI, Emperor\u201d. Concierto \u00edntegro de BATTLE BEAST en Berl\u00edn. V\u00eddeos de CORONER y CIUDAD OLVIDO."},"content":{"rendered":"<p>\u00a0<\/p>\n<p style=\"text-align: center;\"><strong><a href=\"#SABATON3\">Nuevo v\u00eddeo de SABATON para el tema \u201cI, Emperor\u201d<\/a> \u2013 <a href=\"#BATTLE_BEAST2\">Concierto \u00edntegro de BATTLE BEAST en Berl\u00edn<\/a> \u2013 <a href=\"#CORONER\">V\u00eddeos de CORONER<\/a> y <a href=\"#CIUDAD\">CIUDAD OLVIDO<\/a>.<\/strong><\/p>\n<p><a href=\"https:\/\/www.sabaton.net\/\" target=\"_blank\" rel=\"noopener nofollow\"><strong>SABATON<\/strong><\/a> han estrenado un nuevo v\u00eddeo para el tema \u201cI, Emperor\u201d.<\/p>\n<p>En este <a href=\"https:\/\/www.rafabasa.com\/2025\/10\/18\/sabaton-the-darkness-gaerea\/#SABATON2\" rel=\"nofollow noopener\" target=\"_blank\">bloque<\/a> pod\u00e9is escuchar \u00edntegro el nuevo disco de <a href=\"https:\/\/www.sabaton.net\/\" target=\"_blank\" rel=\"noopener nofollow\"><strong>SABATON<\/strong><\/a> \u201cLegends\u201d, que sale hoy 17 de octubre a trav\u00e9s de Better Noise Music.<\/p>\n<p>Todos los detalles en esta <a href=\"https:\/\/www.rafabasa.com\/2025\/07\/27\/sabaton-enuff-z-nuff-beyond-the-black\/#SABATON\" rel=\"nofollow noopener\" target=\"_blank\">noticia<\/a> y su \u00faltimo single en <a href=\"https:\/\/www.rafabasa.com\/2025\/09\/12\/sabaton-death-dealer-ciudad-olvido\/#SABATON\" rel=\"nofollow noopener\" target=\"_blank\">esta<\/a>.<\/p>\n<p>Nuestra nueva entrevista con el bajista <strong>P\u00e4r Sundstr\u00f6m <\/strong>en este <a href=\"https:\/\/www.rafabasa.com\/2025\/10\/08\/sabaton-entrevista-con-par-sundstrom-sobre-legends-y-mas\/\" rel=\"nofollow noopener\" target=\"_blank\">enlace<\/a> y nuestra cr\u00edtica del disco en <a href=\"https:\/\/www.rafabasa.com\/2025\/10\/16\/critica-del-cd-de-sabaton-legends\/\" rel=\"nofollow noopener\" target=\"_blank\">este<\/a>.<\/p>\n<p>\u00a0<\/p>\n<p>\u00a0<\/p>\n<p>A continuaci\u00f3n pod\u00e9is ver \u00edntegro el concierto ofrecido por <a href=\"https:\/\/battlebeast.fi\/\" target=\"_blank\" rel=\"noopener nofollow\"><strong>BATTLE BEAST<\/strong><\/a> en la sala Huxley\u2019s Neue Welt de Berl\u00edn el pasado 18 de octubre.<\/p>\n<p><a href=\"https:\/\/www.rafabasa.com\/2025\/08\/16\/cronica-y-fotos-del-leyendas-del-rock-del-viernes-8-con-within-temptation-battle-beast-feuerschwanz-tierra-santa\/\" target=\"_blank\" rel=\"noopener nofollow\">Cr\u00f3nica y fotos de su paso por LEYENDAS DEL ROCK <\/a><\/p>\n<p><a href=\"https:\/\/www.rafabasa.com\/2025\/02\/17\/battle-beast-dominum-majestica-en-octubre\/\" target=\"_blank\" rel=\"noopener nofollow\"><strong>La banda finlandesa se presentar\u00e1 el 28 de octubre en La Riviera de Madrid y el 29 de octubre en la Sala Apolo de Barcelona<\/strong><\/a><\/p>\n<p><a href=\"https:\/\/battlebeast.fi\/\" target=\"_blank\" rel=\"noopener nofollow\"><strong>BATTLE BEAST<\/strong><\/a> editaron el 17 de octubre a trav\u00e9s de Nuclear Blast un nuevo disco titulado Steelbound.<\/p>\n<p>Todos los detalles y los singles aparecidos en este <a href=\"https:\/\/www.rafabasa.com\/2025\/10\/17\/kiss-battle-beast-blood-incantation\/#BATTLE_BEAST\" rel=\"nofollow noopener\" target=\"_blank\">bloque<\/a>.<\/p>\n<p>\u00a0<\/p>\n<p>\u201cConsequence\u201d es el nuevo lyric v\u00eddeo de <a href=\"https:\/\/www.facebook.com\/coronerband\" target=\"_blank\" rel=\"noopener nofollow\"><strong>CORONER<\/strong><\/a>.<\/p>\n<p><a href=\"https:\/\/www.facebook.com\/coronerband\" target=\"_blank\" rel=\"noopener nofollow\"><strong>CORONER<\/strong><\/a> editar\u00e1n el 17 de octubre a trav\u00e9s de Century Media Records un nuevo disco titulado \u201cDissonance Theory\u201d.<\/p>\n<p>Todos los detalles en esta <a href=\"https:\/\/www.rafabasa.com\/2025\/08\/16\/paradise-lost-coroner-darkness\/#CORONER2\" rel=\"nofollow noopener\" target=\"_blank\">noticia<\/a> y su anterior v\u00eddeo en <a href=\"https:\/\/www.rafabasa.com\/2025\/09\/17\/chez-kane-coroner-warrant\/#CORONER\" rel=\"nofollow noopener\" target=\"_blank\">esta<\/a>.<\/p>\n<p>\u00a0<\/p>\n<p>\u00a0<\/p>\n<p><strong>CIUDAD OLVIDO<\/strong> han estrenado un nuevo v\u00eddeo para el tema \u201cAr\u00e1\u00f1ame\u201d en el que participa Razkin.<\/p>\n<p>En este <a href=\"https:\/\/www.rafabasa.com\/2025\/09\/12\/sabaton-death-dealer-ciudad-olvido\/#CIUDAD\" rel=\"nofollow noopener\" target=\"_blank\">bloque<\/a> ten\u00e9is los singles anteriores.<\/p>\n<p>En otro orden de cosas, la banda ha anunciado las siguientes fechas:<\/p>\n<ul>\n<li>D\u00eda 25 de octubre \u2013 Sala Hangar 48 \u2013 MADRID + CUARTO Y MITAH<\/li>\n<li>D\u00eda 22 de noviembre \u2013 Chinato\u2019s Bar \u2013 Puerto de B\u00e9jar \u2013 SALAMANCA<\/li>\n<\/ul>\n<p>Su nuevo disco \u201c9\u201d saldr\u00e1 \u00fanicamente en vinilo el 25 de octubre.<\/p>\n<p>M\u00e1s sobre la banda en esta <a href=\"https:\/\/www.rafabasa.com\/2020\/03\/20\/metallica-firewind-mercenary-wolfheart-ciudad-olvido\/#CIUDAD_OLVIDO\" target=\"_blank\" rel=\"noopener nofollow\">noticia<\/a>.<\/p>\n<p>\u00a0<\/p>\n<p align=\"center\"><strong>Sigue el\u00a0<a href=\"https:\/\/whatsapp.com\/channel\/0029VaCprxVBA1f555USvT2O\" target=\"_blank\" rel=\"nofollow noopener\">Canal de RAFABASA.COM en WhatsApp<\/a>, donde encontrar\u00e1s todas nuestras novedades al instante<\/strong><\/p>\n<p>\u00a0<\/p>\n<p>\u00a0<\/p>\n<p>\u00a0<\/p>\n<p>&#13;<\/p>\n<tr>&#13;<\/p>\n<td width=\"25%\"\/>&#13;<\/p>\n<td width=\"50%\"\/>&#13;<\/p>\n<td width=\"25%\"\/>&#13;<br \/>\n    <\/tr>\n<p>&#13;<\/p>\n<p>&#13;<\/p>\n<tr>&#13;<\/p>\n<td width=\"50%\"><a href=\"https:\/\/medicinemusic.es\/tienda-oficial\/escenario-heavy\/artistas-heavy\/dunedain\/\" target=\"_blank\" rel=\"noopener nofollow\"><img loading=\"lazy\" decoding=\"async\" src=\"https:\/\/www.europesays.com\/es\/wp-content\/uploads\/2025\/10\/banner_dunedain_erase17_10_25.jpg\" alt=\"DUNEDAIN - Erase\" width=\"216\" height=\"197\"\/><\/a><\/td>\n<p>&#13;<\/p>\n<td width=\"50%\"><a href=\"https:\/\/sphinxmetal.es\/producto\/1785\/\" target=\"_blank\" rel=\"noopener nofollow\"><img loading=\"lazy\" decoding=\"async\" src=\"https:\/\/www.europesays.com\/es\/wp-content\/uploads\/2025\/10\/banner_sphinx06_10_25.gif\" alt=\"SPHINX - Vida Virtual\" width=\"216\" height=\"216\"\/><\/a><\/td>\n<p>&#13;<br \/>\n  <\/tr>\n<p>&#13;<\/p>\n<p>&#13;<\/p>\n<tr>&#13;<\/p>\n<td width=\"50%\"><a href=\"https:\/\/movingtickets.com\/?buscar=avalanch&amp;fbclid\" target=\"_blank\" rel=\"noopener nofollow\"><img loading=\"lazy\" decoding=\"async\" src=\"https:\/\/www.europesays.com\/es\/wp-content\/uploads\/2025\/10\/banner_avalanch_gira29_09_25.gif\" alt=\"AVALANCH Gira 2025\" width=\"216\" height=\"216\"\/><\/a><\/td>\n<p>&#13;<\/p>\n<td width=\"50%\"><a href=\"https:\/\/lnk.bio\/angelusapatrida\" target=\"_blank\" rel=\"noopener nofollow\"><img loading=\"lazy\" decoding=\"async\" src=\"https:\/\/www.europesays.com\/es\/wp-content\/uploads\/2025\/09\/banner_angelus_apatrida_madrid_bilbao_barna24_09_25.gif\" alt=\"ANGELUS APATRIDA - Madrid, Bilbao, Barcelona\" width=\"216\" height=\"216\"\/><\/a><\/td>\n<p>&#13;<br \/>\n  <\/tr>\n<p>&#13;<\/p>\n<p>  &#13;<\/p>\n<tr>&#13;<\/p>\n<td width=\"50%\"><a href=\"https:\/\/mutick.com\/e\/ars-amandi-presentacion-rumbo-norte-madrid\" target=\"_blank\" rel=\"noopener nofollow\"><img loading=\"lazy\" decoding=\"async\" src=\"https:\/\/www.europesays.com\/es\/wp-content\/uploads\/2025\/10\/banner_ars_amandi29_09_25.jpg\" alt=\"ARS AMANDI - Rumbo Norte\" width=\"216\" height=\"305\"\/><\/a><\/td>\n<p>&#13;<\/p>\n<td width=\"50%\"><a href=\"https:\/\/www.notikumi.com\/channel\/midjungards\/2025\/\" target=\"_blank\" rel=\"noopener nofollow\"><img loading=\"lazy\" decoding=\"async\" src=\"https:\/\/www.europesays.com\/es\/wp-content\/uploads\/2025\/09\/1757683872_842_banner_midjungards_gira08_09_25.jpg\" alt=\"MIDJUNGARDS - Gira\" width=\"216\" height=\"216\"\/><\/a><\/td>\n<p>&#13;<br \/>\n  <\/tr>\n<p>&#13;<\/p>\n<p>  &#13;<\/p>\n<tr>&#13;<\/p>\n<td width=\"50%\"><a href=\" https:\/\/www.ticketmaster.es\/event\/author-punisher-barcelona-2025-entradas\/1432906446\" target=\"_blank\" rel=\"noopener\"><img loading=\"lazy\" decoding=\"async\" src=\"https:\/\/www.europesays.com\/es\/wp-content\/uploads\/2025\/10\/1760927475_421_banner_rrs_author-punisher31_08_25.jpg\" alt=\"AUTHOR &amp; PUNISHER - Barcelona 2025\" width=\"216\" height=\"204\"\/><\/a><\/td>\n<p>&#13;<\/p>\n<td width=\"50%\"><a href=\"https:\/\/www.leyendasdelrockfestival.com\/tickets\/\" rel=\"nofollow noopener\" target=\"_blank\"><img loading=\"lazy\" decoding=\"async\" src=\"https:\/\/www.europesays.com\/es\/wp-content\/uploads\/2025\/09\/1757683877_694_banner_leyendas2026_19_08_25.jpg\" alt=\"LEYENDAS DEL ROCK 2026\" width=\"216\" height=\"173\"\/><\/a><\/td>\n<p>&#13;<br \/>\n  <\/tr>\n<p>&#13;<\/p>\n","protected":false},"excerpt":{"rendered":"\u00a0 Nuevo v\u00eddeo de SABATON para el tema \u201cI, Emperor\u201d \u2013 Concierto \u00edntegro de BATTLE BEAST en Berl\u00edn&hellip;\n","protected":false},"author":2,"featured_media":188378,"comment_status":"","ping_status":"","sticky":false,"template":"","format":"standard","meta":{"footnotes":""},"categories":[170],"tags":[33867,37955,39923,146,147,25,24,184,185,32019,23],"class_list":{"0":"post-188377","1":"post","2":"type-post","3":"status-publish","4":"format-standard","5":"has-post-thumbnail","7":"category-musica","8":"tag-battle-beast","9":"tag-ciudad-olvido","10":"tag-coroner","11":"tag-entertainment","12":"tag-entretenimiento","13":"tag-es","14":"tag-espana","15":"tag-music","16":"tag-musica","17":"tag-sabaton","18":"tag-spain"},"share_on_mastodon":{"url":"","error":""},"_links":{"self":[{"href":"https:\/\/www.europesays.com\/es\/wp-json\/wp\/v2\/posts\/188377","targetHints":{"allow":["GET"]}}],"collection":[{"href":"https:\/\/www.europesays.com\/es\/wp-json\/wp\/v2\/posts"}],"about":[{"href":"https:\/\/www.europesays.com\/es\/wp-json\/wp\/v2\/types\/post"}],"author":[{"embeddable":true,"href":"https:\/\/www.europesays.com\/es\/wp-json\/wp\/v2\/users\/2"}],"replies":[{"embeddable":true,"href":"https:\/\/www.europesays.com\/es\/wp-json\/wp\/v2\/comments?post=188377"}],"version-history":[{"count":0,"href":"https:\/\/www.europesays.com\/es\/wp-json\/wp\/v2\/posts\/188377\/revisions"}],"wp:featuredmedia":[{"embeddable":true,"href":"https:\/\/www.europesays.com\/es\/wp-json\/wp\/v2\/media\/188378"}],"wp:attachment":[{"href":"https:\/\/www.europesays.com\/es\/wp-json\/wp\/v2\/media?parent=188377"}],"wp:term":[{"taxonomy":"category","embeddable":true,"href":"https:\/\/www.europesays.com\/es\/wp-json\/wp\/v2\/categories?post=188377"},{"taxonomy":"post_tag","embeddable":true,"href":"https:\/\/www.europesays.com\/es\/wp-json\/wp\/v2\/tags?post=188377"}],"curies":[{"name":"wp","href":"https:\/\/api.w.org\/{rel}","templated":true}]}}