{"id":18838,"date":"2025-08-01T16:02:13","date_gmt":"2025-08-01T16:02:13","guid":{"rendered":"https:\/\/www.europesays.com\/es\/18838\/"},"modified":"2025-08-01T16:02:13","modified_gmt":"2025-08-01T16:02:13","slug":"las-previsiones-de-la-aemet-para-este-fin-de-semana-en-las-playas-de-andalucia","status":"publish","type":"post","link":"https:\/\/www.europesays.com\/es\/18838\/","title":{"rendered":"las previsiones de la Aemet para este fin de semana en las playas de Andaluc\u00eda"},"content":{"rendered":"<p><img decoding=\"async\" class=\"voc-author__img\" src=\"https:\/\/www.europesays.com\/es\/wp-content\/uploads\/2025\/08\/autor-6727-foto-1.jpeg\" alt=\"Nerea Fern\u00e1ndez Torralvo\"\/><\/p>\n<p class=\"voc-p\" style=\"\">Este <strong>primer fin de semana de agosto <\/strong>arranca con la tradicional <strong>operaci\u00f3n salida,<\/strong> y miles de personas pondr\u00e1n rumbo a las <strong>playas andaluzas<\/strong> en busca de un respiro. Sin embargo, el alivio puede ser relativo: <strong>se espera una ola de calor generalizada <\/strong>que tambi\u00e9n afectar\u00e1 a las zonas costeras, aunque con diferencias marcadas seg\u00fan la provincia.<strong> El viento \u2014especialmente el levante\u2014<\/strong> ser\u00e1 un protagonista clave en el litoral gaditano y almeriense. <\/p>\n<p class=\"voc-p\" style=\"\">Las provincias costeras andaluzas <strong>mostrar\u00e1n matices distintos a lo largo del fin de semana<\/strong>. Mientras <strong>en C\u00e1diz el levante soplar\u00e1 con fuerza<\/strong>, en<strong> Huelva y M\u00e1laga se espera un ambiente m\u00e1s estable<\/strong>, aunque no exento de calor. Granada y Almer\u00eda, por su parte, se ver\u00e1n especialmente afectadas por la subida t\u00e9rmica del domingo.<\/p>\n<p class=\"voc-d-c-top__number\">1<\/p>\n<p><img decoding=\"async\" loading=\"lazy\" src=\"https:\/\/www.europesays.com\/es\/wp-content\/uploads\/2025\/08\/playa-tiempo-1-kafB--760x427@diario_abc.png\" class=\"voc-img\" width=\"760\" height=\"427\" alt=\"Levante en C\u00e1diz y alerta naranja por calor en Huelva: las previsiones de la Aemet para este fin de semana en las playas de Andaluc\u00eda\" data-voc-vtm-id=\"in-text-traffic\"\/><\/p>\n<p>\nC\u00e1diz: cielos despejados, levante protagonista y calor creciente\n<\/p>\n<p class=\"voc-p\" style=\"\">La provincia de C\u00e1diz vivir\u00e1 <strong>un fin de semana caluroso y muy marcado por el viento de levante<\/strong>. En zonas como <strong>Zahara de los Atunes<\/strong>, el viento ser\u00e1 moderado el s\u00e1bado, pero el domingo <strong>se intensificar\u00e1 <\/strong>y soplar\u00e1 con fuerza, al igual que <strong>en La Barrosa.<\/strong><\/p>\n<p class=\"voc-p\" style=\"\">Las temperaturas <strong>m\u00e1ximas alcanzar\u00e1n los 36\u202fgrados cent\u00edgrados <\/strong>en playas como<strong> La Puntilla o Valdelagrana<\/strong>, mientras que en zonas m\u00e1s interiores como <strong>La Calzada se esperan hasta 38. <\/strong>Los cielos estar\u00e1n completamente despejados durante todo el fin de semana. La sensaci\u00f3n t\u00e9rmica ser\u00e1 de calor moderado el s\u00e1bado, aunque <strong>el domingo se notar\u00e1 un incremento importante<\/strong> debido al inicio de la ola de calor.<\/p>\n<p class=\"voc-d-c-top__number\">2<\/p>\n<p><img decoding=\"async\" loading=\"lazy\" src=\"https:\/\/www.europesays.com\/es\/wp-content\/uploads\/2025\/08\/playa-tiempo-2-kafB--760x427@diario_abc.png\" class=\"voc-img\" width=\"760\" height=\"427\" alt=\"Levante en C\u00e1diz y alerta naranja por calor en Huelva: las previsiones de la Aemet para este fin de semana en las playas de Andaluc\u00eda\" data-voc-vtm-id=\"in-text-traffic\"\/><\/p>\n<p>\nHuelva: calor acumulado y sensaci\u00f3n t\u00e9rmica alta\n<\/p>\n<p class=\"voc-p\" style=\"\">El viento <strong>ser\u00e1 flojo o moderado <\/strong>durante el fin de semana, lo que favorecer\u00e1 una atm\u00f3sfera algo m\u00e1s estable, <strong>pero tambi\u00e9n m\u00e1s c\u00e1lida.<\/strong> Se prev\u00e9 que las temperaturas <strong>m\u00e1ximas ronden los 33\u202fgrados,<\/strong> con una sensaci\u00f3n t\u00e9rmica algo superior debido a la <strong>influencia indirecta del levante gaditano<\/strong>, que dificultar\u00e1 la disipaci\u00f3n del calor. Por ello se <strong>activar\u00e1 la alerta naranja<\/strong> en la zona costera.<\/p>\n<p class=\"voc-p\" style=\"\">El <strong>s\u00e1bado ser\u00e1 algo m\u00e1s agradable <\/strong>gracias a algunas nubes altas, pero el domingo dominar\u00e1 el calor en algunos momentos del d\u00eda.<\/p>\n<p class=\"voc-d-c-top__number\">3<\/p>\n<p><img decoding=\"async\" loading=\"lazy\" src=\"https:\/\/www.europesays.com\/es\/wp-content\/uploads\/2025\/08\/playa-tiempo-3-kafB--760x427@diario_abc.png\" class=\"voc-img\" width=\"760\" height=\"427\" alt=\"Levante en C\u00e1diz y alerta naranja por calor en Huelva: las previsiones de la Aemet para este fin de semana en las playas de Andaluc\u00eda\" data-voc-vtm-id=\"in-text-traffic\"\/><\/p>\n<p>\nM\u00e1laga: brisa floja y calor moderado en la Costa del Sol\n<\/p>\n<p class=\"voc-p\" style=\"\">En l<strong>a costa malague\u00f1a<\/strong>, el viento ser\u00e1 flojo durante todo el fin de semana, lo que har\u00e1 que el calor se perciba de forma moderada, sin extremos. <strong>En zonas como Torre del Mar o La Malagueta,<\/strong> las <strong>temperaturas m\u00e1ximas estar\u00e1n en torno a los 32\u202fgrados <\/strong>con cielos pr\u00e1cticamente despejados y sensaci\u00f3n t\u00e9rmica soportable, ideal para quienes buscan mar y sol sin el castigo extremo de otras zonas.<\/p>\n<p class=\"voc-d-c-top__number\">4<\/p>\n<p><img decoding=\"async\" loading=\"lazy\" src=\"https:\/\/www.europesays.com\/es\/wp-content\/uploads\/2025\/08\/playa-tiempo-4-kafB--760x427@diario_abc.png\" class=\"voc-img\" width=\"760\" height=\"427\" alt=\"Levante en C\u00e1diz y alerta naranja por calor en Huelva: las previsiones de la Aemet para este fin de semana en las playas de Andaluc\u00eda\" data-voc-vtm-id=\"in-text-traffic\"\/><\/p>\n<p>\nGranada: temperaturas en ascenso y calor fuerte el domingo\n<\/p>\n<p class=\"voc-p\" style=\"\"><strong>La costa granadina <\/strong>tambi\u00e9n estar\u00e1 bajo la influencia de la ola de calor. Aunque el viento ser\u00e1 flojo, las temperaturas m\u00e1ximas <strong>llegar\u00e1n hasta los 35\u202fgrados el domingo<\/strong>, sobre todo en zonas como <strong>Melicena.<\/strong> En general, el fin de semana ser\u00e1 de calor moderado, con un repunte m\u00e1s marcado al cierre del domingo.<\/p>\n<p class=\"voc-d-c-top__number\">5<\/p>\n<p><img decoding=\"async\" loading=\"lazy\" src=\"https:\/\/www.europesays.com\/es\/wp-content\/uploads\/2025\/08\/playa-tiempo-5-kafB--760x427@diario_abc.png\" class=\"voc-img\" width=\"760\" height=\"427\" alt=\"Levante en C\u00e1diz y alerta naranja por calor en Huelva: las previsiones de la Aemet para este fin de semana en las playas de Andaluc\u00eda\" data-voc-vtm-id=\"in-text-traffic\"\/><\/p>\n<p>\nAlmer\u00eda: levante fuerte y calor m\u00e1s intenso en el este\n<\/p>\n<p class=\"voc-p\" style=\"\">En el litoral almeriense, <strong>el viento volver\u00e1 a cobrar fuerza<\/strong>, especialmente en zonas como <strong>Cabo de Gata, San Miguel y Las Conchas<\/strong>, donde el levante soplar\u00e1 con intensidad el domingo. Las temperaturas<strong> m\u00e1ximas alcanzar\u00e1n los 35 grados <\/strong>en San Miguel, con una sensaci\u00f3n t\u00e9rmica de calor fuerte en esa zona, mientras que en el resto del litoral, <strong>el ambiente ser\u00e1 algo m\u00e1s llevadero con calor moderado.<\/strong><\/p>\n<p class=\"voc-p\" style=\"\"><strong\/>Este fin de semana <strong>ser\u00e1 ideal para disfrutar del mar<\/strong>, pero no tanto para huir del calor. Aunque las playas ofrecen cierto alivio, los visitantes deben <strong>tomar precauciones ante el sol fuerte<\/strong>, el viento en ciertas zonas y el aumento de las temperaturas, especialmente a partir del domingo. <strong>Agosto arranca con fuerza.<\/strong><\/p>\n<p>Reportar un error<\/p>\n","protected":false},"excerpt":{"rendered":"Este primer fin de semana de agosto arranca con la tradicional operaci\u00f3n salida, y miles de personas pondr\u00e1n&hellip;\n","protected":false},"author":2,"featured_media":18839,"comment_status":"","ping_status":"","sticky":false,"template":"","format":"standard","meta":{"footnotes":""},"categories":[8],"tags":[259,17,18,25,24,13,14,772,11,19,20,9,10,15,16,9550,773,23,159,12,21,22],"class_list":{"0":"post-18838","1":"post","2":"type-post","3":"status-publish","4":"format-standard","5":"has-post-thumbnail","7":"category-espana","8":"tag-andalucia","9":"tag-breaking-news","10":"tag-breakingnews","11":"tag-es","12":"tag-espana","13":"tag-featured-news","14":"tag-featurednews","15":"tag-fin","16":"tag-headlines","17":"tag-latest-news","18":"tag-latestnews","19":"tag-news","20":"tag-noticias","21":"tag-noticias-destacadas","22":"tag-noticiasdestacadas","23":"tag-playas","24":"tag-semana","25":"tag-spain","26":"tag-tiempo","27":"tag-titulares","28":"tag-ultimas-noticias","29":"tag-ultimasnoticias"},"share_on_mastodon":{"url":"","error":""},"_links":{"self":[{"href":"https:\/\/www.europesays.com\/es\/wp-json\/wp\/v2\/posts\/18838","targetHints":{"allow":["GET"]}}],"collection":[{"href":"https:\/\/www.europesays.com\/es\/wp-json\/wp\/v2\/posts"}],"about":[{"href":"https:\/\/www.europesays.com\/es\/wp-json\/wp\/v2\/types\/post"}],"author":[{"embeddable":true,"href":"https:\/\/www.europesays.com\/es\/wp-json\/wp\/v2\/users\/2"}],"replies":[{"embeddable":true,"href":"https:\/\/www.europesays.com\/es\/wp-json\/wp\/v2\/comments?post=18838"}],"version-history":[{"count":0,"href":"https:\/\/www.europesays.com\/es\/wp-json\/wp\/v2\/posts\/18838\/revisions"}],"wp:featuredmedia":[{"embeddable":true,"href":"https:\/\/www.europesays.com\/es\/wp-json\/wp\/v2\/media\/18839"}],"wp:attachment":[{"href":"https:\/\/www.europesays.com\/es\/wp-json\/wp\/v2\/media?parent=18838"}],"wp:term":[{"taxonomy":"category","embeddable":true,"href":"https:\/\/www.europesays.com\/es\/wp-json\/wp\/v2\/categories?post=18838"},{"taxonomy":"post_tag","embeddable":true,"href":"https:\/\/www.europesays.com\/es\/wp-json\/wp\/v2\/tags?post=18838"}],"curies":[{"name":"wp","href":"https:\/\/api.w.org\/{rel}","templated":true}]}}