{"id":188390,"date":"2025-10-20T02:39:09","date_gmt":"2025-10-20T02:39:09","guid":{"rendered":"https:\/\/www.europesays.com\/es\/188390\/"},"modified":"2025-10-20T02:39:09","modified_gmt":"2025-10-20T02:39:09","slug":"muere-un-hombre-en-un-accidente-con-arma-de-fuego-en-una-caceria-en-caceres","status":"publish","type":"post","link":"https:\/\/www.europesays.com\/es\/188390\/","title":{"rendered":"Muere un hombre en un \u00abaccidente con arma de fuego\u00bb en una cacer\u00eda en C\u00e1ceres"},"content":{"rendered":"<p class=\"article-text\">\n        Un hombre de 72 a\u00f1os ha fallecido este domingo en un accidente con arma de fuego ocurrido durante una cacer\u00eda en el t\u00e9rmino municipal de Herguijuela (C\u00e1ceres), seg\u00fan ha informado la Guardia Civil, el Centro de Emergencias 112\n    <\/p>\n<p class=\"article-text\">\n        El suceso ha tenido lugar alrededor de las 10 de la ma\u00f1ana y los servicios sanitarios han atendido al var\u00f3n en el lugar, si bien ha fallecido posteriormente, activ\u00e1ndose el protocolo judicial correspondiente para proceder al levantamiento del cad\u00e1ver.\n    <\/p>\n<p class=\"article-text\">\n        Los agentes de la Guardia Civil pertenecientes a la Unidad Org\u00e1nica de Polic\u00eda Judicial (UOPJ) de C\u00e1ceres investigan las causas del suceso.\u00a0\n    <\/p>\n","protected":false},"excerpt":{"rendered":"Un hombre de 72 a\u00f1os ha fallecido este domingo en un accidente con arma de fuego ocurrido durante&hellip;\n","protected":false},"author":2,"featured_media":188391,"comment_status":"","ping_status":"","sticky":false,"template":"","format":"standard","meta":{"footnotes":""},"categories":[8],"tags":[517,7239,7235,17,18,3975,25,24,7234,13,14,11,7238,7237,19,20,7236,9,10,15,16,952,492,23,12,21,22],"class_list":{"0":"post-188390","1":"post","2":"type-post","3":"status-publish","4":"format-standard","5":"has-post-thumbnail","7":"category-espana","8":"tag-actualidad","9":"tag-agro","10":"tag-badajoz","11":"tag-breaking-news","12":"tag-breakingnews","13":"tag-caceres","14":"tag-es","15":"tag-espana","16":"tag-extremadura","17":"tag-featured-news","18":"tag-featurednews","19":"tag-headlines","20":"tag-jesus-conde","21":"tag-jose-l-aroca","22":"tag-latest-news","23":"tag-latestnews","24":"tag-merida","25":"tag-news","26":"tag-noticias","27":"tag-noticias-destacadas","28":"tag-noticiasdestacadas","29":"tag-politica","30":"tag-sociedad","31":"tag-spain","32":"tag-titulares","33":"tag-ultimas-noticias","34":"tag-ultimasnoticias"},"share_on_mastodon":{"url":"","error":""},"_links":{"self":[{"href":"https:\/\/www.europesays.com\/es\/wp-json\/wp\/v2\/posts\/188390","targetHints":{"allow":["GET"]}}],"collection":[{"href":"https:\/\/www.europesays.com\/es\/wp-json\/wp\/v2\/posts"}],"about":[{"href":"https:\/\/www.europesays.com\/es\/wp-json\/wp\/v2\/types\/post"}],"author":[{"embeddable":true,"href":"https:\/\/www.europesays.com\/es\/wp-json\/wp\/v2\/users\/2"}],"replies":[{"embeddable":true,"href":"https:\/\/www.europesays.com\/es\/wp-json\/wp\/v2\/comments?post=188390"}],"version-history":[{"count":0,"href":"https:\/\/www.europesays.com\/es\/wp-json\/wp\/v2\/posts\/188390\/revisions"}],"wp:featuredmedia":[{"embeddable":true,"href":"https:\/\/www.europesays.com\/es\/wp-json\/wp\/v2\/media\/188391"}],"wp:attachment":[{"href":"https:\/\/www.europesays.com\/es\/wp-json\/wp\/v2\/media?parent=188390"}],"wp:term":[{"taxonomy":"category","embeddable":true,"href":"https:\/\/www.europesays.com\/es\/wp-json\/wp\/v2\/categories?post=188390"},{"taxonomy":"post_tag","embeddable":true,"href":"https:\/\/www.europesays.com\/es\/wp-json\/wp\/v2\/tags?post=188390"}],"curies":[{"name":"wp","href":"https:\/\/api.w.org\/{rel}","templated":true}]}}