{"id":188392,"date":"2025-10-20T02:40:09","date_gmt":"2025-10-20T02:40:09","guid":{"rendered":"https:\/\/www.europesays.com\/es\/188392\/"},"modified":"2025-10-20T02:40:09","modified_gmt":"2025-10-20T02:40:09","slug":"trump-afirma-que-continua-tregua-en-gaza-pese-a-ataques-israelies","status":"publish","type":"post","link":"https:\/\/www.europesays.com\/es\/188392\/","title":{"rendered":"Trump afirma que contin\u00faa tregua en Gaza pese a ataques israel\u00edes"},"content":{"rendered":"<p>    <img src=\"https:\/\/www.europesays.com\/es\/wp-content\/uploads\/2025\/10\/1760928009_605_2025-10-18T103A203A05Z-90187748.jpg\" width=\"1024\" height=\"682\" alt=\"\" loading=\"eager\" decoding=\"sync\" fetchpriority=\"high\"\/><\/p>\n<p>            afp_tickers        <\/p>\n<p>        Este contenido fue publicado en    <\/p>\n<p>        20 octubre 2025 &#8211; 04:11\n<\/p>\n<p>El presidente estadounidense, Donald Trump, afirm\u00f3 el domingo que el alto el fuego entre Israel y Ham\u00e1s sigue en vigor, pese a los mortales ataques israel\u00edes en Gaza por supuestas violaciones dela tregua de parte del movimiento islamista palestino.<\/p>\n<p>Bombardeos recientes de Israel en la Franja de Gaza mataron a 45 palestinos, seg\u00fan la agencia de Defensa Civil del territorio gobernado por Ham\u00e1s y devastado por m\u00e1s de dos a\u00f1os de guerra.<\/p>\n<p>No obstante, Israel asegur\u00f3 el domingo que volver\u00e1 a aplicar el alto el fuego en Gaza.<\/p>\n<p>El ej\u00e9rcito de Israel, a su vez, anunci\u00f3 la muerte de dos soldados en enfrentamientos en Rafah, en el extremo sur de esta franja costera donde la poblaci\u00f3n carece de v\u00edveres, agua, medicina y combustible por meses de bloqueo israel\u00ed.<\/p>\n<p>Tras haber acusado a Ham\u00e1s de violar el acuerdo de tregua que entr\u00f3 en vigor el 10 de octubre, Israel suspendi\u00f3 la entrada de ayuda humanitaria al enclave \u00abhasta nuevo aviso\u00bb, seg\u00fan un responsable israel\u00ed.<\/p>\n<p>El movimiento palestino desminti\u00f3 estas acusaciones y dijo que Israel inventaba \u00abpretextos\u00bb para \u00abreanudar\u00bb la contienda, desencadenada por el ataque de Ham\u00e1s el 7 de octubre de 2023 en el sur del territorio israel\u00ed.<\/p>\n<p>Pese a las tensiones, Trump sostuvo que la tregua que \u00e9l ayud\u00f3 a alcanzar se mantiene vigente.<\/p>\n<p>\u00abS\u00ed, lo est\u00e1\u00bb, respondi\u00f3 Trump cuando los periodistas le preguntaron si el cese el fuego segu\u00eda en vigor.<\/p>\n<p>El mandatario sugiri\u00f3 adem\u00e1s que los l\u00edderes de Ham\u00e1s no estaban vinculados con supuestas violaciones de la tregua y culp\u00f3 m\u00e1s bien a \u00abalgunos rebeldes entre ellos\u00bb.<\/p>\n<p>\u00abPero de cualquier manera, se manejar\u00e1 adecuadamente. Se manejar\u00e1 con firmeza, pero adecuadamente\u00bb, agreg\u00f3 Trump.<\/p>\n<p>\u2013 Sigue la tregua \u2013<\/p>\n<p>Las fuerzas israel\u00edes \u00abcontinuar\u00e1n manteniendo el acuerdo de alto al fuego\u00bb, pero \u00abresponder\u00e1n firmemente a cualquier violaci\u00f3n\u00bb, advirti\u00f3 el ej\u00e9rcito israel\u00ed en un comunicado.<\/p>\n<p>En la zona de Bureij, blanco de bombardeos en el centro de Gaza, Abdal\u00e1 Abu Hassanein se mostr\u00f3 preocupado. \u00abEs como si la guerra hubiera vuelto a empezar. La sangre vuelve a derramarse\u00bb, dijo el hombre de 29 a\u00f1os.\u00a0<\/p>\n<p>\u00abApenas pasaron unos d\u00edas desde el alto el fuego, ni siquiera tuvimos tiempo de respirar, y ahora los bombardeos vuelven con m\u00e1s fuerza\u00bb, coincidi\u00f3 Um Mohamed Abu Awda en Nuseirat, tambi\u00e9n en el centro de la franja.<\/p>\n<p>Im\u00e1genes de la AFP mostraron a palestinos corriendo hacia un refugio en Bureij. Tambi\u00e9n heridos y muertos trasladados a un hospital de Deir al Balah, en el centro del territorio.<\/p>\n<p>El ej\u00e9rcito israel\u00ed, que controla la mitad de la Franja, afirm\u00f3 que golpe\u00f3 \u00abdecenas de objetivos terroristas de Ham\u00e1s\u00bb, incluido armas y t\u00faneles, \u00aben respuesta a la violaci\u00f3n flagrante del alto el fuego\u00bb.<\/p>\n<p>Ham\u00e1s, a su vez, afirm\u00f3 no tener \u00abconocimiento de ning\u00fan incidente o enfrentamiento en la zona de Rafah\u00bb y reafirm\u00f3 su compromiso con el alto el fuego.<\/p>\n<p>Los choques estallaron mientras Netanyahu manten\u00eda reuniones con parte de su gabinete. Algunos ministros reaccionaron inmediatamente, como el titular de Finanzas, Bezalel Smotrich, quien escribi\u00f3 \u00ab\u00a1Guerra!\u00bb en X.<\/p>\n<p>Dadas las restricciones impuestas a los medios de comunicaci\u00f3n en Gaza y las dificultades de acceso sobre el terreno, la AFP no puede verificar de forma independiente la informaci\u00f3n proporcionada por ambas partes.<\/p>\n<p>\u2013 Ham\u00e1s halla el cuerpo de otro reh\u00e9n \u2013<\/p>\n<p>Los bombardeos se producen cuando se espera que el enviado de Trump, Steve Witkoff, visite Oriente Medio la pr\u00f3xima semana para afianzar la tregua, bajo la cual Ham\u00e1s liber\u00f3 hace una semana a los 20 rehenes que segu\u00edan en Gaza a cambio de casi 2.000 prisioneros palestinos.\u00a0<\/p>\n<p>El pacto, negociado indirectamente por Ham\u00e1s e Israel en Egipto, tambi\u00e9n incluye el regreso de los restos de los cautivos fallecidos. El grupo palestino devolvi\u00f3 hasta ahora a 12 de los 28 cad\u00e1veres en cuesti\u00f3n.<\/p>\n<p>Ham\u00e1s anunci\u00f3 el domingo que hall\u00f3 el cuerpo de un nuevo reh\u00e9n y se comprometi\u00f3 a entregarlo a Israel \u00absi las condiciones lo permiten\u00bb.\u00a0<\/p>\n<p>El ataque del 7 de octubre dej\u00f3 1.221 muertos\u00a0en Israel, en su mayor\u00eda civiles, seg\u00fan un balance de AFP basado en datos oficiales.<\/p>\n<p>La ofensiva israel\u00ed provoc\u00f3 68.159 fallecidos en el enclave palestino, tambi\u00e9n civiles mayoritariamente, de acuerdo con cifras del Ministerio de Salud, consideradas fiables por la ONU.<\/p>\n<p>Las autoridades locales estiman que hay cerca de 10.000 cad\u00e1veres entre las ruinas.<\/p>\n<p>bur\/tp\/cab\/sag\/mas\/nn<\/p>\n","protected":false},"excerpt":{"rendered":"afp_tickers Este contenido fue publicado en 20 octubre 2025 &#8211; 04:11 El presidente estadounidense, Donald Trump, afirm\u00f3 el&hellip;\n","protected":false},"author":2,"featured_media":188393,"comment_status":"","ping_status":"","sticky":false,"template":"","format":"standard","meta":{"footnotes":""},"categories":[5],"tags":[635,17,18,636,83,25,24,13,14,11,86,19,20,9,10,15,16,88,23,90,12,21,22],"class_list":{"0":"post-188392","1":"post","2":"type-post","3":"status-publish","4":"format-standard","5":"has-post-thumbnail","7":"category-titulares","8":"tag-armed-conflict","9":"tag-breaking-news","10":"tag-breakingnews","11":"tag-conflict","12":"tag-diplomacy","13":"tag-es","14":"tag-espana","15":"tag-featured-news","16":"tag-featurednews","17":"tag-headlines","18":"tag-international-relations","19":"tag-latest-news","20":"tag-latestnews","21":"tag-news","22":"tag-noticias","23":"tag-noticias-destacadas","24":"tag-noticiasdestacadas","25":"tag-politics","26":"tag-spain","27":"tag-ticker","28":"tag-titulares","29":"tag-ultimas-noticias","30":"tag-ultimasnoticias"},"share_on_mastodon":{"url":"","error":""},"_links":{"self":[{"href":"https:\/\/www.europesays.com\/es\/wp-json\/wp\/v2\/posts\/188392","targetHints":{"allow":["GET"]}}],"collection":[{"href":"https:\/\/www.europesays.com\/es\/wp-json\/wp\/v2\/posts"}],"about":[{"href":"https:\/\/www.europesays.com\/es\/wp-json\/wp\/v2\/types\/post"}],"author":[{"embeddable":true,"href":"https:\/\/www.europesays.com\/es\/wp-json\/wp\/v2\/users\/2"}],"replies":[{"embeddable":true,"href":"https:\/\/www.europesays.com\/es\/wp-json\/wp\/v2\/comments?post=188392"}],"version-history":[{"count":0,"href":"https:\/\/www.europesays.com\/es\/wp-json\/wp\/v2\/posts\/188392\/revisions"}],"wp:featuredmedia":[{"embeddable":true,"href":"https:\/\/www.europesays.com\/es\/wp-json\/wp\/v2\/media\/188393"}],"wp:attachment":[{"href":"https:\/\/www.europesays.com\/es\/wp-json\/wp\/v2\/media?parent=188392"}],"wp:term":[{"taxonomy":"category","embeddable":true,"href":"https:\/\/www.europesays.com\/es\/wp-json\/wp\/v2\/categories?post=188392"},{"taxonomy":"post_tag","embeddable":true,"href":"https:\/\/www.europesays.com\/es\/wp-json\/wp\/v2\/tags?post=188392"}],"curies":[{"name":"wp","href":"https:\/\/api.w.org\/{rel}","templated":true}]}}