{"id":188411,"date":"2025-10-20T02:55:09","date_gmt":"2025-10-20T02:55:09","guid":{"rendered":"https:\/\/www.europesays.com\/es\/188411\/"},"modified":"2025-10-20T02:55:09","modified_gmt":"2025-10-20T02:55:09","slug":"bugonia-lo-nuevo-de-yorgos-lanthimos-organiza-un-preestreno-solo-para-quienes-se-afeiten-la-cabeza","status":"publish","type":"post","link":"https:\/\/www.europesays.com\/es\/188411\/","title":{"rendered":"&#8216;Bugonia&#8217;, lo nuevo de Yorgos Lanthimos, organiza un preestreno solo para quienes se afeiten la cabeza"},"content":{"rendered":"<p><a href=\"https:\/\/www.ecartelera.com\/personas\/giorgos-lanthimos\/\" rel=\"nofollow noopener\" target=\"_blank\">Yorgos Lanthimos<\/a> es el director de &#8216;<a href=\"https:\/\/www.ecartelera.com\/peliculas\/canino\/\" rel=\"nofollow noopener\" target=\"_blank\">Canino<\/a>&#8216;, &#8216;<a href=\"https:\/\/www.ecartelera.com\/peliculas\/alps\/\" rel=\"nofollow noopener\" target=\"_blank\">Alps<\/a>&#8216;, &#8216;<a href=\"https:\/\/www.ecartelera.com\/peliculas\/langosta\/\" rel=\"nofollow noopener\" target=\"_blank\">Langosta<\/a>&#8216;, &#8216;<a href=\"https:\/\/www.ecartelera.com\/peliculas\/the-favourite\/\" rel=\"nofollow noopener\" target=\"_blank\">La favorita<\/a>&#8216; o &#8216;<a href=\"https:\/\/www.ecartelera.com\/peliculas\/pobres-criaturas\/\" rel=\"nofollow noopener\" target=\"_blank\">Pobres criaturas<\/a>&#8216;, es decir, su cine no es un cine de digesti\u00f3n f\u00e1cil, siempre buscando un enfoque provocador que desaf\u00ede nuestra percepci\u00f3n de los convencionalismos y la condici\u00f3n humana m\u00e1s all\u00e1 de la careta social. Su nueva pel\u00edcula, <b>&#8216;<a href=\"https:\/\/www.ecartelera.com\/peliculas\/bugonia\/\" rel=\"nofollow noopener\" target=\"_blank\">Bugonia<\/a>&#8216;, se estrena este 24 de octubre en Estados Unidos tras su paso por m\u00faltiples festivales (en Espa\u00f1a llega el 7 de noviembre)<\/b> y desde Focus Features se han propuesto que la experiencia para quienes no puedan esperar m\u00e1s, est\u00e9 a la altura de las circunstancias. <\/p>\n<p>Tr\u00e1iler en espa\u00f1ol de &#8216;Bugonia&#8217;<\/p>\n<p><video id=\"vid-35692\" class=\"video-js vjs-default-skin\" data-title=\"Tr\u00e1iler en espa\u00f1ol de 'Bugonia'\" poster=\"https:\/\/www.ecartelera.com\/images\/videos\/35600\/f35692.jpg\" controls=\"\" preload=\"auto\" width=\"640\" height=\"360\" playsinline=\"\" data-vtt=\"\/\/v1.ecartelera.com\/video\/35600\/35692_sprite.vtt\" data-stream=\"1\">El navegador no soporta el tag de v\u00eddeo.<\/video><\/p>\n<p>X<\/p>\n<p>Y es que si est\u00e1s dispuesto\/a a raparte la cabeza, podr\u00e1s asistir a un proyecci\u00f3n anticipada de este thriller conspiran\u00f3ico protagonizado por <a href=\"https:\/\/www.ecartelera.com\/personas\/emma-stone\/\" rel=\"nofollow noopener\" target=\"_blank\">Emma Stone<\/a>, <a href=\"https:\/\/www.ecartelera.com\/personas\/jesse-plemons\/\" rel=\"nofollow noopener\" target=\"_blank\">Jesse Plemons<\/a> y Aidan Delbis. El evento tendr\u00e1 lugar a las 8 de la tarde en el Teatro Culver de Los \u00c1ngeles el pr\u00f3ximo lunes 20 de octubre <b>con un patio de butacas lleno, llenito de calvas y entrada gratuita hasta completar aforo.<\/b> Si t\u00fa ya de por s\u00ed no tienes pelo, adelante, y si todav\u00eda te queda algo sobre la cabeza, all\u00ed mismo habr\u00e1 un barbero presente para que puedas afeitarte desde las 18.00. <\/p>\n<p>&#8216;Bugonia&#8217; es una nueva adaptaci\u00f3n de la pel\u00edcula surcoreana de 2003 &#8216;Save The Green Planet!&#8217; de Jang Joon-hwan y cuenta la historia de dos j\u00f3venes obsesionados con las teor\u00edas de la conspiraci\u00f3n que <b>secuestran a la directora ejecutiva de gran empresa farmac\u00e9utica convencidos de que es un extraterrestre<\/b> camuflado que quiere destruir la Tierra. El reparto lo completan <a href=\"https:\/\/www.ecartelera.com\/personas\/alicia-silverstone\/\" rel=\"nofollow noopener\" target=\"_blank\">Alicia Silverstone<\/a> y <a href=\"https:\/\/www.ecartelera.com\/personas\/stavros-halkias\/\" rel=\"nofollow noopener\" target=\"_blank\">Stavros Halkias<\/a>. <\/p>\n<p>\t\t\t\t\t\t\t<img decoding=\"async\" loading=\"lazy\" src=\"https:\/\/www.europesays.com\/es\/wp-content\/uploads\/2025\/10\/239973_el-teaser-de-bugonia-de-yorgos-lanthimos-se-preg.jpg\" alt=\"'Bugonia'\" width=\"1200\" height=\"750\"\/>\t<\/p>\n<p>\t\t\t\t\t\t&#8216;Bugonia&#8217; (Universal Pictures)<\/p>\n<p>La pel\u00edcula ha podido verse ya entre otros en el <b>Festival Internacional de Cine de Venecia (donde Lanthimos gan\u00f3 a mejor direcci\u00f3n),<\/b> en el Telluride Film Festival y en el Festival Internacional de Cine de San Sebasti\u00e1n. Will Tracy firma el guion y Jerskin Fendrix se ocupa de la banda sonora original. Por ahora ha recibido cr\u00edticas muy positivas por parte de la prensa especializada, destacando las actuaciones de Stone y Plemons y su apuesta por un \u00abentretenimiento disparatado\u00bb. <\/p>\n<p>Campa\u00f1as muy locas<\/p>\n<p>Esta campa\u00f1a no es m\u00e1s que otra t\u00e1ctica promocional inmersiva que busca devolver al inter\u00e9s por ir a las salas de cine ahora que el streaming se ha apoderado de gran parte de la cuota del mercado cultural audiovisual. Sin ir m\u00e1s lejos, el mes pasado Lionsgate <a href=\"https:\/\/www.ecartelera.com\/noticias\/proyeccion-inmersiva-la-larga-marcha-81735\/\" rel=\"nofollow noopener\" target=\"_blank\">organiz\u00f3 una proyecci\u00f3n<\/a> de &#8216;<a href=\"https:\/\/www.ecartelera.com\/peliculas\/la-larga-marcha\/\" rel=\"nofollow noopener\" target=\"_blank\">La larga marcha<\/a>&#8216;, nueva adaptaci\u00f3n de una novela de <a href=\"https:\/\/www.ecartelera.com\/personas\/stephen-king\/\" rel=\"nofollow noopener\" target=\"_blank\">Stephen King<\/a> en la que todos los espectadores\/as ten\u00edan que andar sin parar en una cinta de caminar. Si bajabas el ritmo, no pod\u00edas terminar de ver la pel\u00edcula. <\/p>\n<p>\t\t\t\t\t\t\t<img decoding=\"async\" loading=\"lazy\" src=\"https:\/\/www.europesays.com\/es\/wp-content\/uploads\/2025\/10\/242299_la-larga-marcha.jpg\" alt=\"'La larga marcha'\" width=\"1200\" height=\"800\"\/>\t<\/p>\n<p>\t\t\t\t\t\t&#8216;La larga marcha&#8217; (Diamond Films)<\/p>\n<p>&#8216;La larga marcha&#8217;, dirigida por <a href=\"https:\/\/www.ecartelera.com\/personas\/francis-lawrence\/\" rel=\"nofollow noopener\" target=\"_blank\">Francis Lawrence<\/a> con guion de <a href=\"https:\/\/www.ecartelera.com\/personas\/jt-mollner\/\" rel=\"nofollow noopener\" target=\"_blank\">JT Mollner<\/a>, nos traslada a un ficticio 1970 en una Am\u00e9rica fascista en la que anualmente un grupo de j\u00f3venes se ofrece voluntario para competir en una marat\u00f3n con un jugoso premio para el ganador y consecuencias mortales para todos los dem\u00e1s. <b>En Espa\u00f1a se estrena en cines el 14 de noviembre distribuida por Diamond Films. <\/b><\/p>\n","protected":false},"excerpt":{"rendered":"Yorgos Lanthimos es el director de &#8216;Canino&#8216;, &#8216;Alps&#8216;, &#8216;Langosta&#8216;, &#8216;La favorita&#8216; o &#8216;Pobres criaturas&#8216;, es decir, su cine&hellip;\n","protected":false},"author":2,"featured_media":188412,"comment_status":"","ping_status":"","sticky":false,"template":"","format":"standard","meta":{"footnotes":""},"categories":[169],"tags":[1014,1015,1013,177,1011,146,147,25,24,782,176,1019,1016,175,753,1012,23,1017,1018],"class_list":{"0":"post-188411","1":"post","2":"type-post","3":"status-publish","4":"format-standard","5":"has-post-thumbnail","7":"category-cine","8":"tag-actores","9":"tag-actrices","10":"tag-cartelera","11":"tag-cine","12":"tag-ecartelera","13":"tag-entertainment","14":"tag-entretenimiento","15":"tag-es","16":"tag-espana","17":"tag-estrellas","18":"tag-film","19":"tag-fotogramas","20":"tag-fotos","21":"tag-movies","22":"tag-peliculas","23":"tag-pelis","24":"tag-spain","25":"tag-trailers","26":"tag-videos"},"share_on_mastodon":{"url":"","error":""},"_links":{"self":[{"href":"https:\/\/www.europesays.com\/es\/wp-json\/wp\/v2\/posts\/188411","targetHints":{"allow":["GET"]}}],"collection":[{"href":"https:\/\/www.europesays.com\/es\/wp-json\/wp\/v2\/posts"}],"about":[{"href":"https:\/\/www.europesays.com\/es\/wp-json\/wp\/v2\/types\/post"}],"author":[{"embeddable":true,"href":"https:\/\/www.europesays.com\/es\/wp-json\/wp\/v2\/users\/2"}],"replies":[{"embeddable":true,"href":"https:\/\/www.europesays.com\/es\/wp-json\/wp\/v2\/comments?post=188411"}],"version-history":[{"count":0,"href":"https:\/\/www.europesays.com\/es\/wp-json\/wp\/v2\/posts\/188411\/revisions"}],"wp:featuredmedia":[{"embeddable":true,"href":"https:\/\/www.europesays.com\/es\/wp-json\/wp\/v2\/media\/188412"}],"wp:attachment":[{"href":"https:\/\/www.europesays.com\/es\/wp-json\/wp\/v2\/media?parent=188411"}],"wp:term":[{"taxonomy":"category","embeddable":true,"href":"https:\/\/www.europesays.com\/es\/wp-json\/wp\/v2\/categories?post=188411"},{"taxonomy":"post_tag","embeddable":true,"href":"https:\/\/www.europesays.com\/es\/wp-json\/wp\/v2\/tags?post=188411"}],"curies":[{"name":"wp","href":"https:\/\/api.w.org\/{rel}","templated":true}]}}