{"id":188417,"date":"2025-10-20T02:58:09","date_gmt":"2025-10-20T02:58:09","guid":{"rendered":"https:\/\/www.europesays.com\/es\/188417\/"},"modified":"2025-10-20T02:58:09","modified_gmt":"2025-10-20T02:58:09","slug":"romantica-boda-de-alberto-herrera-y-blanca-llandres-en-sanlucar-de-barrameda","status":"publish","type":"post","link":"https:\/\/www.europesays.com\/es\/188417\/","title":{"rendered":"Rom\u00e1ntica boda de Alberto Herrera y Blanca Llandres en Sanl\u00facar de Barrameda"},"content":{"rendered":"<p class=\"v-mdl-ath__p v-mdl-ath__p--6\">\nDomingo, 19 de octubre 2025, 12:36<\/p>\n<p class=\"v-p\">Alberto Herrera y Blanca Llandres se han dado el &#8216;s\u00ed, quiero&#8217; en la bas\u00edlica de Nuestra Se\u00f1ora de la Caridad, en la localidad gaditana de Sanl\u00facar de Barrameda, rodeados de los familiares y amigos m\u00e1s \u00edntimos, en una ceremonia cargada de emoci\u00f3n. El hijo de Carlos Herrera y Maril\u00f3 Montero lleg\u00f3 al templo acompa\u00f1ado por su madre. Al entrar, se abraz\u00f3 a su padre, que le esperaba en el primer banco junto a su esposa, Pepa Gea.<\/p>\n<p class=\"v-p\">Uno de los momentos m\u00e1s emotivos fue la entrada de la novia a la bas\u00edlica del brazo de su hermano Carlos, cuando el novio no pudo reprimir las l\u00e1grimas. Blanca luci\u00f3 un dise\u00f1o de Nicol\u00e1s Montengro con la colaboraci\u00f3n de Roc\u00edo Crusset, hermana del novio, con escote cuadrado, cuerpo drapeado y mangas largas trasl\u00facidas. Un vestido rom\u00e1ntico y vaporoso con una falda a base de capas y una cola de seis metros de largo.<\/p>\n<p class=\"v-p\">Entre los invitados, Goyo Coz\u00e1lez y su mujer, Sara Garc\u00eda; Lourdes y Sibi Montes, primas de la novia, con sus maridos, Francisco Rivera y Mateo Iba\u00f1ez Pacheco; o Jos\u00e9 Manuel Soto, que interpret\u00f3 una pieza durante la ceremonia cuya m\u00fasica estaba coordinada por Manuel Marviz\u00f3n, \u00edntimo amigo de la familia Herrera. Quien no estuvo presente fue Carlos Llandres, padre de la novia, distanciado desde hace tiempo de su hija.<\/p>\n<p class=\"v-p\">Los reci\u00e9n casados abandonaron la iglesia en un original veh\u00edculo descapotable, un Citroen M\u00e9hari de color naranja decorado con girasoles y margaritas. Desde all\u00ed se dirigieron a la Finca Marbella, propiedad de Teresa de la Cierva, donde celebraron el banquete y la fiesta posterior en la que pudimos ver el segundo vestido de la novia, un modelo de tres capas de volantes, escote halter y espalda descubierta, tambi\u00e9n de Montenegro, inspirado en la moda andaluza y en Lola Flores.<\/p>\n<p class=\"v-p\">Alberto y Blanca se conocen desde la infancia y han sido amigos durante a\u00f1os, pero no fue hasta el oto\u00f1o de 2024 cuando comenzaron a salir y la amistad dio paso al amor. Su primera aparici\u00f3n p\u00fablica como pareja oficial fue el pasado mayo en la boda de Patricia Cadaval, hija de C\u00e9sar Cadaval. Cinco meses despu\u00e9s de aquel enlace han sido ellos quienes han pasado por el altar tras de haber anunciado el pasado 5 de septiembre que est\u00e1n esperando su primer hijo. Una noticia que ha colmado de felicidad a la pareja y a toda su familia.<\/p>\n<p>Reporta un error<\/p>\n","protected":false},"excerpt":{"rendered":"Domingo, 19 de octubre 2025, 12:36 Alberto Herrera y Blanca Llandres se han dado el &#8216;s\u00ed, quiero&#8217; en&hellip;\n","protected":false},"author":2,"featured_media":188418,"comment_status":"","ping_status":"","sticky":false,"template":"","format":"standard","meta":{"footnotes":""},"categories":[91],"tags":[9125,52257,386,3158,146,147,25,24,2140,34798,21367,24792,23],"class_list":{"0":"post-188417","1":"post","2":"type-post","3":"status-publish","4":"format-standard","5":"has-post-thumbnail","7":"category-entretenimiento","8":"tag-alberto","9":"tag-barrameda","10":"tag-blanca","11":"tag-boda","12":"tag-entertainment","13":"tag-entretenimiento","14":"tag-es","15":"tag-espana","16":"tag-herrera","17":"tag-llandres","18":"tag-romantica","19":"tag-sanlucar","20":"tag-spain"},"share_on_mastodon":{"url":"","error":""},"_links":{"self":[{"href":"https:\/\/www.europesays.com\/es\/wp-json\/wp\/v2\/posts\/188417","targetHints":{"allow":["GET"]}}],"collection":[{"href":"https:\/\/www.europesays.com\/es\/wp-json\/wp\/v2\/posts"}],"about":[{"href":"https:\/\/www.europesays.com\/es\/wp-json\/wp\/v2\/types\/post"}],"author":[{"embeddable":true,"href":"https:\/\/www.europesays.com\/es\/wp-json\/wp\/v2\/users\/2"}],"replies":[{"embeddable":true,"href":"https:\/\/www.europesays.com\/es\/wp-json\/wp\/v2\/comments?post=188417"}],"version-history":[{"count":0,"href":"https:\/\/www.europesays.com\/es\/wp-json\/wp\/v2\/posts\/188417\/revisions"}],"wp:featuredmedia":[{"embeddable":true,"href":"https:\/\/www.europesays.com\/es\/wp-json\/wp\/v2\/media\/188418"}],"wp:attachment":[{"href":"https:\/\/www.europesays.com\/es\/wp-json\/wp\/v2\/media?parent=188417"}],"wp:term":[{"taxonomy":"category","embeddable":true,"href":"https:\/\/www.europesays.com\/es\/wp-json\/wp\/v2\/categories?post=188417"},{"taxonomy":"post_tag","embeddable":true,"href":"https:\/\/www.europesays.com\/es\/wp-json\/wp\/v2\/tags?post=188417"}],"curies":[{"name":"wp","href":"https:\/\/api.w.org\/{rel}","templated":true}]}}