{"id":188427,"date":"2025-10-20T03:04:08","date_gmt":"2025-10-20T03:04:08","guid":{"rendered":"https:\/\/www.europesays.com\/es\/188427\/"},"modified":"2025-10-20T03:04:08","modified_gmt":"2025-10-20T03:04:08","slug":"la-infanta-elena-el-mejor-apoyo-de-pablo-urdangarin-desde-las-gradas","status":"publish","type":"post","link":"https:\/\/www.europesays.com\/es\/188427\/","title":{"rendered":"La infanta Elena, el mejor apoyo de Pablo Urdangarin desde las gradas"},"content":{"rendered":"<p>            La infanta Elena, el mejor apoyo de Pablo Urdangarin desde las gradas                <\/p>\n<p>La infanta Elena, el mejor apoyo de Pablo Urdangarin desde las gradas<\/p>\n<p>gente<\/p>\n<p class=\"epigraph\">Acudi\u00f3 junto a Miguel Urdangarin y la novia de este a ver un partido del equipo de balonmano\u00a0Fraikin Granollers, donde milita su sobrino.<\/p>\n<p class=\"paragraph\">La <a href=\"https:\/\/www.heraldo.es\/tags\/personas\/infanta_elena.html\" title=\"Infanta Elena\" rel=\"nofollow noopener\" target=\"_blank\">infanta Elena<\/a> <b>ha ido a ver un partido de balonmano de su sobrino Pablo Urdangarin <\/b>y lo ha hecho muy bien acompa\u00f1ada, con su tambi\u00e9n sobrino Miguel Urdagarin y la novia de este, Olympia Beracasa.<\/p>\n<p>            Conforme a los criterios de<br \/>\n            <a class=\"trustproject_img\" id=\"trustproject_img\" href=\"https:\/\/thetrustproject.org\/\" target=\"_blank\" rel=\"nofollow noopener\" aria-label=\"Trust Project\"><img decoding=\"async\" loading=\"lazy\" src=\"https:\/\/www.heraldo.es\/images\/Trust-Logo-Horizontal.svg\" alt=\"Logo Trust Project\" width=\"200\" height=\"34\"\/><\/a><\/p>\n<p>        <a href=\"https:\/\/www.henneo.com\/\" title=\"Grupo Henneo\" class=\"logo\" rel=\"nofollow noopener\" target=\"_blank\"><br \/>\n            <img decoding=\"async\" src=\"https:\/\/www.heraldo.es\/images\/logo_henneo_gris.svg\" alt=\"Logo Henneo\" width=\"559\" height=\"389\" loading=\"lazy\"\/><br \/>\n        <\/a><\/p>\n<p>\u00a9 HERALDO DE ARAGON EDITORA, S.L.U.<br \/>Tel\u00e9fono 976 765 000 \/ &#8211; P\u00ba. Independencia, 29, 50001 Zaragoza &#8211; CIF: B99288763 &#8211; Inscrita en el Registro Mercantil de Zaragoza al Tomo 3796, Libro 0, Folio 177, Secci\u00f3n 8, Hoja Z-50564<br \/>Queda prohibida toda reproducci\u00f3n sin permiso escrito de la empresa a los efectos del art\u00edculo 32.1, p\u00e1rrafo segundo, de la Ley de Propiedad Intelectual<\/p>\n<p>\n                P\u00ba Independencia, 29, 50001 Zaragoza<br \/> Tel\u00e9fono 976 765 000\n            <\/p>\n<p>                    Actualmente tu navegador no permite ejecutar JavaScript. Para poder disfrutar de nuestro contenido es necesario que lo permita.<br \/>\n                                        <img decoding=\"async\" loading=\"lazy\" alt=\"Heraldo logo\" src=\"https:\/\/dkumiip2e9ary.cloudfront.net\/xalok\/heraldo\/especiales\/hola-de-nuevo\/logo-heraldo.svg\" width=\"215\" height=\"43\"\/><\/p>\n","protected":false},"excerpt":{"rendered":"La infanta Elena, el mejor apoyo de Pablo Urdangarin desde las gradas La infanta Elena, el mejor apoyo&hellip;\n","protected":false},"author":2,"featured_media":188428,"comment_status":"","ping_status":"","sticky":false,"template":"","format":"standard","meta":{"footnotes":""},"categories":[278],"tags":[376,6042,168,25,24,375,38716,12552,23,167],"class_list":{"0":"post-188427","1":"post","2":"type-post","3":"status-publish","4":"format-standard","5":"has-post-thumbnail","7":"category-balonmano","8":"tag-balonmano","9":"tag-casa-real","10":"tag-deportes","11":"tag-es","12":"tag-espana","13":"tag-handball","14":"tag-infanta-elena","15":"tag-pablo-urdangarin","16":"tag-spain","17":"tag-sports"},"share_on_mastodon":{"url":"","error":""},"_links":{"self":[{"href":"https:\/\/www.europesays.com\/es\/wp-json\/wp\/v2\/posts\/188427","targetHints":{"allow":["GET"]}}],"collection":[{"href":"https:\/\/www.europesays.com\/es\/wp-json\/wp\/v2\/posts"}],"about":[{"href":"https:\/\/www.europesays.com\/es\/wp-json\/wp\/v2\/types\/post"}],"author":[{"embeddable":true,"href":"https:\/\/www.europesays.com\/es\/wp-json\/wp\/v2\/users\/2"}],"replies":[{"embeddable":true,"href":"https:\/\/www.europesays.com\/es\/wp-json\/wp\/v2\/comments?post=188427"}],"version-history":[{"count":0,"href":"https:\/\/www.europesays.com\/es\/wp-json\/wp\/v2\/posts\/188427\/revisions"}],"wp:featuredmedia":[{"embeddable":true,"href":"https:\/\/www.europesays.com\/es\/wp-json\/wp\/v2\/media\/188428"}],"wp:attachment":[{"href":"https:\/\/www.europesays.com\/es\/wp-json\/wp\/v2\/media?parent=188427"}],"wp:term":[{"taxonomy":"category","embeddable":true,"href":"https:\/\/www.europesays.com\/es\/wp-json\/wp\/v2\/categories?post=188427"},{"taxonomy":"post_tag","embeddable":true,"href":"https:\/\/www.europesays.com\/es\/wp-json\/wp\/v2\/tags?post=188427"}],"curies":[{"name":"wp","href":"https:\/\/api.w.org\/{rel}","templated":true}]}}