{"id":188431,"date":"2025-10-20T03:09:23","date_gmt":"2025-10-20T03:09:23","guid":{"rendered":"https:\/\/www.europesays.com\/es\/188431\/"},"modified":"2025-10-20T03:09:23","modified_gmt":"2025-10-20T03:09:23","slug":"los-planes-de-tour-no-varian-para-enric-mas","status":"publish","type":"post","link":"https:\/\/www.europesays.com\/es\/188431\/","title":{"rendered":"Los planes de Tour no var\u00edan para Enric Mas"},"content":{"rendered":"<p>\t\t\t\t\t\t\t\t\t\t\t\t\t\t<strong><a href=\"https:\/\/www.dtswiss.com\/es\" rel=\"nofollow noopener\" target=\"_blank\"><img loading=\"lazy\" decoding=\"async\" class=\"aligncenter wp-image-65007 size-full\" src=\"data:image\/svg+xml,%3Csvg%20xmlns=\" http:=\"\" alt=\"\" width=\"1024\" height=\"140\" data-lazy- data-lazy- data-lazy-src=\"https:\/\/www.europesays.com\/es\/wp-content\/uploads\/2025\/10\/joanseguidor-1024x140px-es-erc1100.png\"\/><\/a><\/strong><br \/>\n<strong data-start=\"179\" data-end=\"226\">Los planes de Tour no var\u00edan para Enric Mas<\/strong><\/p>\n<p data-start=\"228\" data-end=\"555\">Un apunte, antes de que siempre se diga que nos gusta atizar a Enric Mas, su inicio de Tour ha sido bueno, excelente, bien situado, pertrechado por Iv\u00e1n Garc\u00eda Cortina, sali\u00f3 airoso de una criba que se llev\u00f3 por delante nombres no menores, es decir, Primoz Roglic, Florian Lipowitz, Carlos Rodr\u00edguez o el mismo Remco Evenepoel.<\/p>\n<p data-start=\"557\" data-end=\"739\"><strong>Enric Mas vino al Tour sin rodeos, \u00e9l quer\u00eda \u00abcorrer a la antigua\u00bb<\/strong>, pensando en la general, economizando, dejando de lado todo lo dem\u00e1s, como si en su palmar\u00e9s sobrasen los triunfos.<\/p>\n<p data-start=\"741\" data-end=\"834\">Cuando <a href=\"https:\/\/joanseguidor.com\/tour-que-plan-lleva-movistar\/\" target=\"_blank\" rel=\"noopener nofollow\">Enric<\/a> dijo eso, pensar\u00edamos que est\u00e1bamos ante el mism\u00edsimo Miguel Indurain pero no\u2026<\/p>\n<p><a class=\"wppaslink\" href=\"https:\/\/joanseguidor.com\/pas\/ccmm-valenciana\/44016\/0\" target=\"_blank\" rel=\"nofollow noopener\"><img decoding=\"async\" src=\"data:image\/svg+xml,%3Csvg%20xmlns=\" http:=\"\" alt=\"CCMM Valenciana\" border=\"0\" data-lazy-src=\"https:\/\/www.europesays.com\/es\/wp-content\/uploads\/2025\/10\/1760929761_202_tl-joanseguidorcom-1024x140-1.png\"\/><\/a><\/p>\n<p data-start=\"836\" data-end=\"968\">Es la historia de siempre, un relato manoseado y sin recorrido en el que un top 5 justificar\u00eda todo el sacrificio que ello conlleva.<\/p>\n<p data-start=\"970\" data-end=\"1069\">Un d\u00eda de la marmota del que nos escapamos y que, lastimosamente, puede arrastrar a todo el equipo.<\/p>\n<p data-start=\"1071\" data-end=\"1274\">Me niego a pensar que no son capaces de correr de otra manera, me parece perfecto que tengan claras las ideas, los objetivos y que no los escondan, tienen un plan y lo llevan adelante, pero \u00bfes realista?<\/p>\n<p data-start=\"1276\" data-end=\"1387\">Ahora mismo me vienen una docena de nombres mejores que Enric Mas para entrar en el top 10 del Tour de Francia.<\/p>\n<p data-start=\"1389\" data-end=\"1555\">Hasta el mismo Kevin Vauquelin, mucho m\u00e1s joven, pero ganador de una etapa en el Tour y podio en Suiza, me parece m\u00e1s s\u00f3lido en la apuesta de hacer puesto en el Tour.<\/p>\n<p data-start=\"1389\" data-end=\"1555\">Y si no lo logra, al menos le cabe el consuelo de ir engordando su palmar\u00e9s.<\/p>\n<p data-start=\"1557\" data-end=\"1756\">Eso de inicio, luego no entremos a valorar los dos cocos, m\u00e1s Remco, Roglic &amp; Lipowitz, m\u00e1s cualquier tercer hombre de UAE y Visma, sin obviar a otros muchos, el mismo Carlos Rodr\u00edguez si me apur\u00e1is.<\/p>\n<p data-start=\"1758\" data-end=\"1828\">Y eso que veo a <a href=\"https:\/\/joanseguidor.com\/carlos-rodriguez-tour\/\" target=\"_blank\" rel=\"noopener nofollow\">Carlos<\/a> lejos de aquel que hace dos a\u00f1os nos maravill\u00f3.<a href=\"https:\/\/bestcyclingbrands.com\/brand\/741-castelli?utm_source=banner&amp;utm_medium=verano-castelli&amp;utm_campaign=elcuadernodejoanseguidor&amp;temporada=castelli-ss25\" rel=\"nofollow noopener\" target=\"_blank\"><img loading=\"lazy\" decoding=\"async\" class=\"aligncenter wp-image-65014 size-full\" src=\"data:image\/svg+xml,%3Csvg%20xmlns=\" http:=\"\" alt=\"\" width=\"1024\" height=\"300\" data-lazy- data-lazy- data-lazy-src=\"https:\/\/www.europesays.com\/es\/wp-content\/uploads\/2025\/07\/1753913948_280_joan-seguidor.jpg\"\/><\/a><\/p>\n<p><a href=\"https:\/\/www.turismodecastellon.com\/es\/que-hacer\/rutaCicloturismo\" rel=\"nofollow noopener\" target=\"_blank\"><img loading=\"lazy\" decoding=\"async\" class=\"aligncenter size-full wp-image-63764\" src=\"data:image\/svg+xml,%3Csvg%20xmlns=\" http:=\"\" alt=\"\" width=\"1024\" height=\"300\" data-lazy-src=\"https:\/\/www.europesays.com\/es\/wp-content\/uploads\/2025\/07\/1753913949_224_bn-cycling-1024x300-1.gif\"\/><\/a><\/p>\n<p data-start=\"1830\" data-end=\"1939\">Es una opci\u00f3n, respetable, leg\u00edtima, pero que no podemos compartir, no hay forma de manejarlo de otra manera.<\/p>\n<p data-start=\"1941\" data-end=\"2105\">Me gustar\u00eda, eso s\u00ed, que dos ciclistas, en especial dos que quiero ver, Castrillo y Romeo, dos nuevos desprovistos de tanta tonter\u00eda hist\u00f3rica y peso de la leyenda.<\/p>\n<p data-start=\"2107\" data-end=\"2358\"><strong>Movistar bebe de ese Reynolds que cambi\u00f3 la historia hace m\u00e1s de 40 a\u00f1os<\/strong>, pero los tiempos cambian, los nombres con ellos, no tiene opci\u00f3n en la general, a no ser que se vayan para casa unos cuantos y otros tantos rindan muy por debajo de lo esperado.<\/p>\n<p data-start=\"2360\" data-end=\"2567\">Todo lo dem\u00e1s es un brindis al sol, un brindis que Enric Mas quiere hacer s\u00ed o s\u00ed, \u00e9l sabr\u00e1, si le sale, a pesar de lo que pens\u00e9is, nos alegraremos, otra cosa es que a priori no parece la opci\u00f3n m\u00e1s sensata.<\/p>\n<p data-start=\"2360\" data-end=\"2567\">Imagen: A.S.O.\/Romain Laurent<\/p>\n<p data-start=\"2360\" data-end=\"2567\"><a href=\"https:\/\/terresdelebre.travel\/cycling\/es\/deportivo\" target=\"_blank\" rel=\"noopener nofollow\"><img loading=\"lazy\" decoding=\"async\" class=\"aligncenter\" src=\"data:image\/svg+xml,%3Csvg%20xmlns=\" http:=\"\" alt=\"\" width=\"1024\" height=\"400\" data-lazy-src=\"https:\/\/www.europesays.com\/es\/wp-content\/uploads\/2025\/10\/1024x400-cicloturisme-joanseguidor.jpg\"\/><\/a><\/p>\n","protected":false},"excerpt":{"rendered":"Los planes de Tour no var\u00edan para Enric Mas Un apunte, antes de que siempre se diga que&hellip;\n","protected":false},"author":2,"featured_media":188432,"comment_status":"","ping_status":"","sticky":false,"template":"","format":"standard","meta":{"footnotes":""},"categories":[273],"tags":[313,312,168,3594,25,24,2548,303,23,167],"class_list":{"0":"post-188431","1":"post","2":"type-post","3":"status-publish","4":"format-standard","5":"has-post-thumbnail","7":"category-ciclismo","8":"tag-ciclismo","9":"tag-cycling","10":"tag-deportes","11":"tag-enric-mas","12":"tag-es","13":"tag-espana","14":"tag-featured","15":"tag-movistar","16":"tag-spain","17":"tag-sports"},"share_on_mastodon":{"url":"","error":""},"_links":{"self":[{"href":"https:\/\/www.europesays.com\/es\/wp-json\/wp\/v2\/posts\/188431","targetHints":{"allow":["GET"]}}],"collection":[{"href":"https:\/\/www.europesays.com\/es\/wp-json\/wp\/v2\/posts"}],"about":[{"href":"https:\/\/www.europesays.com\/es\/wp-json\/wp\/v2\/types\/post"}],"author":[{"embeddable":true,"href":"https:\/\/www.europesays.com\/es\/wp-json\/wp\/v2\/users\/2"}],"replies":[{"embeddable":true,"href":"https:\/\/www.europesays.com\/es\/wp-json\/wp\/v2\/comments?post=188431"}],"version-history":[{"count":0,"href":"https:\/\/www.europesays.com\/es\/wp-json\/wp\/v2\/posts\/188431\/revisions"}],"wp:featuredmedia":[{"embeddable":true,"href":"https:\/\/www.europesays.com\/es\/wp-json\/wp\/v2\/media\/188432"}],"wp:attachment":[{"href":"https:\/\/www.europesays.com\/es\/wp-json\/wp\/v2\/media?parent=188431"}],"wp:term":[{"taxonomy":"category","embeddable":true,"href":"https:\/\/www.europesays.com\/es\/wp-json\/wp\/v2\/categories?post=188431"},{"taxonomy":"post_tag","embeddable":true,"href":"https:\/\/www.europesays.com\/es\/wp-json\/wp\/v2\/tags?post=188431"}],"curies":[{"name":"wp","href":"https:\/\/api.w.org\/{rel}","templated":true}]}}