{"id":188443,"date":"2025-10-20T03:15:09","date_gmt":"2025-10-20T03:15:09","guid":{"rendered":"https:\/\/www.europesays.com\/es\/188443\/"},"modified":"2025-10-20T03:15:09","modified_gmt":"2025-10-20T03:15:09","slug":"os-66-de-xavier-queipo","status":"publish","type":"post","link":"https:\/\/www.europesays.com\/es\/188443\/","title":{"rendered":"Os \u00ab66\u00bb de Xavier Queipo"},"content":{"rendered":"<p>\t\t\t\t\t\tO escritor Xavier Queipo presenta na librer\u00eda Cartab\u00f3n o libro de relatos titulado 66<br \/>\n\t\t\t\t\t\t\t\t\t\t\t\t<strong>20 oct 2025<\/strong> . Actualizado a las 05:05 h.\t\t\t\t\t\t<\/p>\n<p class=\"first-paragraph txt\"><strong>Hoxe 20.00 horas \u2022 Urzaiz, 125 \u2022 <\/strong>O escritor Xavier Queipo presenta na librer\u00eda Cartab\u00f3n o libro de relatos titulado 66, un crisol de historias, unha po cada ano que ten, que pasean entre a realidade e a ficci\u00f3n, con referencias eruditas e tam\u00e9n con lembranzas de outras vidas que xa sucederon ou que a\u00ednda poder\u00e1n suceder.<\/p>\n<p class=\"txt\">\u00a0<\/p>\n<p>&#13;<br \/>\n\tArchivado en:&#13;<br \/>\n\t\t\t\t\t<a href=\"https:\/\/www.lavozdegalicia.es\/temas\/xavier-queipo\/\" target=\"_blank\" class=\"mg-l\" rel=\"nofollow noopener\">Xavier Queipo<\/a>&#13;<br \/>\n\t&#13;<\/p>\n","protected":false},"excerpt":{"rendered":"O escritor Xavier Queipo presenta na librer\u00eda Cartab\u00f3n o libro de relatos titulado 66 20 oct 2025 .&hellip;\n","protected":false},"author":2,"featured_media":188444,"comment_status":"","ping_status":"","sticky":false,"template":"","format":"standard","meta":{"footnotes":""},"categories":[172],"tags":[224,146,147,25,24,225,23,52869],"class_list":{"0":"post-188443","1":"post","2":"type-post","3":"status-publish","4":"format-standard","5":"has-post-thumbnail","7":"category-libros","8":"tag-books","9":"tag-entertainment","10":"tag-entretenimiento","11":"tag-es","12":"tag-espana","13":"tag-libros","14":"tag-spain","15":"tag-xavier-queipo"},"share_on_mastodon":{"url":"","error":""},"_links":{"self":[{"href":"https:\/\/www.europesays.com\/es\/wp-json\/wp\/v2\/posts\/188443","targetHints":{"allow":["GET"]}}],"collection":[{"href":"https:\/\/www.europesays.com\/es\/wp-json\/wp\/v2\/posts"}],"about":[{"href":"https:\/\/www.europesays.com\/es\/wp-json\/wp\/v2\/types\/post"}],"author":[{"embeddable":true,"href":"https:\/\/www.europesays.com\/es\/wp-json\/wp\/v2\/users\/2"}],"replies":[{"embeddable":true,"href":"https:\/\/www.europesays.com\/es\/wp-json\/wp\/v2\/comments?post=188443"}],"version-history":[{"count":0,"href":"https:\/\/www.europesays.com\/es\/wp-json\/wp\/v2\/posts\/188443\/revisions"}],"wp:featuredmedia":[{"embeddable":true,"href":"https:\/\/www.europesays.com\/es\/wp-json\/wp\/v2\/media\/188444"}],"wp:attachment":[{"href":"https:\/\/www.europesays.com\/es\/wp-json\/wp\/v2\/media?parent=188443"}],"wp:term":[{"taxonomy":"category","embeddable":true,"href":"https:\/\/www.europesays.com\/es\/wp-json\/wp\/v2\/categories?post=188443"},{"taxonomy":"post_tag","embeddable":true,"href":"https:\/\/www.europesays.com\/es\/wp-json\/wp\/v2\/tags?post=188443"}],"curies":[{"name":"wp","href":"https:\/\/api.w.org\/{rel}","templated":true}]}}