{"id":188464,"date":"2025-10-20T03:31:12","date_gmt":"2025-10-20T03:31:12","guid":{"rendered":"https:\/\/www.europesays.com\/es\/188464\/"},"modified":"2025-10-20T03:31:12","modified_gmt":"2025-10-20T03:31:12","slug":"la-compleja-relacion-de-serena-williams-con-su-padre-richard","status":"publish","type":"post","link":"https:\/\/www.europesays.com\/es\/188464\/","title":{"rendered":"La compleja relaci\u00f3n de Serena Williams con su padre Richard"},"content":{"rendered":"<p data-start=\"220\" data-end=\"758\"><strong>Serena Williams<\/strong>, una de las deportistas m\u00e1s ic\u00f3nicas de la historia del tenis, ha sido galardonada con el <a href=\"https:\/\/okdiario.com\/look\/casa-real\/princesa-asturias-titulos-menos-conocidos-ostenta-leonor-2384873\" rel=\"nofollow noopener\" target=\"_blank\">premio Princesa de Asturias de los Deportes 2025<\/a>, un reconocimiento que celebra no solo su impresionante trayectoria deportiva, sino tambi\u00e9n su influencia fuera de las pistas. La ceremonia tendr\u00e1 lugar este 24 de octubre, y sirve como momento perfecto para reflexionar sobre la compleja y a veces pol\u00e9mica relaci\u00f3n que la extenista mantiene con su padre, <strong>Richard Williams<\/strong>, pieza clave en su vida y en la de su hermana Venus.<\/p>\n<p data-start=\"760\" data-end=\"1519\">Desde muy temprana edad, Serena y Venus estuvieron bajo la intensa supervisi\u00f3n de Richard, un hombre que convirti\u00f3 la exigencia y la disciplina en herramientas para forjar a futuras campeonas. Tal como se relata en la pel\u00edcula King Richard, Richard no dudaba en entrenarlas largas horas, bajo la lluvia o en la oscuridad, con la convicci\u00f3n de protegerlas de los peligros de Compton y de preparar sus cuerpos y mentes para la \u00e9lite del tenis mundial. Esta dureza extrema, que \u00e9l defend\u00eda con vehemencia &#8211;<strong>\u00ab\u00a1ese es nuestro trabajo, mantenerlas alejadas de estas calles!\u00bb<\/strong>&#8211; gener\u00f3 cr\u00edticas desde m\u00faltiples frentes, cuestionando su \u00e9tica y su manera de criar a sus hijas, pero Serena siempre ha reconocido que esas ense\u00f1anzas fueron determinantes para su \u00e9xito.<\/p>\n<p>\n<img decoding=\"async\" loading=\"lazy\" class=\"size-full wp-image-2401734\" alt=\"Serena Williams durante una conferencia. (Foto: Gtres)\" width=\"1800\" height=\"1200\"  src=\"https:\/\/www.europesays.com\/es\/wp-content\/uploads\/2025\/09\/1758214691_923_placeholder.jpg\"  bad-src=\"https:\/\/www.europesays.com\/es\/wp-content\/uploads\/2025\/09\/1758214691_923_placeholder.jpg\"\/><\/p>\n<p><img decoding=\"async\" loading=\"lazy\" class=\"size-full wp-image-2401734\" src=\"https:\/\/www.europesays.com\/es\/wp-content\/uploads\/2025\/10\/u585106_002-1.jpg\" alt=\"Serena Williams durante una conferencia. (Foto: Gtres)\" width=\"1800\" height=\"1200\"  \/><\/p>\n<p> Serena Williams durante una conferencia. (Foto: Gtres)\n<\/p>\n<p data-start=\"1521\" data-end=\"2264\">El plan de Richard fue meticuloso incluso antes del nacimiento de Serena: un documento de 78 p\u00e1ginas detallaba c\u00f3mo llevar\u00eda a sus hijas a la cima del tenis. Su control abarcaba desde la educaci\u00f3n hasta la selecci\u00f3n de entrenadores y el manejo de cada torneo. Sin embargo, <a href=\"https:\/\/okdiario.com\/look\/actualidad\/serena-williams-mas-alla-deporte-sus-compromisos-causas-2303053\" rel=\"nofollow noopener\" target=\"_blank\">este mismo control ha sido fuente de tensiones a lo largo de los a\u00f1os.<\/a> Serena ha compartido que, pese a las acusaciones de manipulaci\u00f3n y excesiva exigencia, siempre comprendi\u00f3 que la motivaci\u00f3n de su padre era protegerla y prepararla para un mundo competitivo, muchas veces hostil y racista. Como ella misma ha declarado, \u00abera importante para nosotros decir la verdad y <strong>la protecci\u00f3n que mi pap\u00e1 ten\u00eda a mi alrededor\u2026 era mi pap\u00e1, era mi mam\u00e1, era nuestra familia\u00bb.<\/strong><\/p>\n<p data-start=\"2266\" data-end=\"2815\">Aun as\u00ed, la relaci\u00f3n no ha estado exenta de momentos dif\u00edciles. Un episodio que marc\u00f3 <a href=\"https:\/\/okdiario.com\/look\/actualidad\/serena-williams-reivindica-como-madre-trabajadora-semana-moda-nueva-york-783642\" rel=\"nofollow noopener\" target=\"_blank\">su v\u00ednculo ocurri\u00f3 el d\u00eda de su boda en 2017<\/a>, cuando <strong>Richard decidi\u00f3 no acompa\u00f1arla hasta el altar<\/strong>, envi\u00e1ndole un mensaje de texto apenas una hora antes. Serena, con madurez y comprensi\u00f3n, decidi\u00f3 caminar sola, entendiendo los problemas de salud y emocionales que atravesaba su padre. Este episodio, lejos de fracturar su relaci\u00f3n, refleja la complejidad y la humanidad de su v\u00ednculo: una mezcla de amor profundo, exigencia y, en ocasiones, distancia emocional.<\/p>\n<p>\n<img decoding=\"async\" loading=\"lazy\" class=\"size-full wp-image-2401735\" alt=\"Richard Williams con una c\u00e1mara de fotos. (Foto: Gtres)\" width=\"1712\" height=\"2560\"  src=\"https:\/\/www.europesays.com\/es\/wp-content\/uploads\/2025\/09\/1758214691_923_placeholder.jpg\"  bad-src=\"https:\/\/www.europesays.com\/es\/wp-content\/uploads\/2025\/09\/1758214691_923_placeholder.jpg\"\/><\/p>\n<p><img decoding=\"async\" loading=\"lazy\" class=\"size-full wp-image-2401735\" src=\"https:\/\/www.europesays.com\/es\/wp-content\/uploads\/2025\/10\/a00128794_001-1-scaled.jpg\" alt=\"Richard Williams con una c\u00e1mara de fotos. (Foto: Gtres)\" width=\"1712\" height=\"2560\"  \/><\/p>\n<p> Richard Williams con una c\u00e1mara de fotos. (Foto: Gtres)\n<\/p>\n<p data-start=\"2817\" data-end=\"3444\">Con el tiempo,<strong> Serena ha demostrado que la influencia de su padre se fusion\u00f3 con la gu\u00eda espiritual y la firmeza de su madre, Oracene Price.<\/strong> Juntos, Richard y Oracene inculcaron valores como la independencia, la humildad y la resiliencia, formando no solo campeonas, sino tambi\u00e9n mujeres capaces de liderar fuera del deporte. Serena ha sabido trasladar estas ense\u00f1anzas a otras facetas de su vida: <a href=\"https:\/\/okdiario.com\/look\/actualidad\/marta-carriedo-1255836\" rel=\"nofollow noopener\" target=\"_blank\">maternidad<\/a>, activismo en salud materna y emprendimiento con Serena Ventures, siempre destacando la importancia de la autenticidad y la visibilidad de las mujeres afroamericanas en \u00e1mbitos tradicionalmente dominados por hombres.<\/p>\n<p data-start=\"3446\" data-end=\"4119\">A pesar de los conflictos y malentendidos que pudieron surgir con su padre a lo largo de los a\u00f1os, <strong>Serena mantiene hoy un v\u00ednculo cercano con \u00e9l.<\/strong> Pruebas de ello son los gestos cotidianos, como compartir momentos familiares con su hija Olympia o <a href=\"https:\/\/www.instagram.com\/serenawilliams\/\" target=\"_blank\" rel=\"nofollow noopener noreferrer\">publicar en redes sociales videos de Richard interactuando con su familia,<\/a> llam\u00e1ndolo con cari\u00f1o \u00abpap\u00e1\u00bb y reconociendo su rol como el G.O.A.T., el mejor de todos los tiempos. Esta mezcla de respeto, admiraci\u00f3n y cierta distancia emocional caracteriza una relaci\u00f3n que, aunque complicada, ha sido crucial para forjar la tenista que Serena Williams lleg\u00f3 a ser: una atleta indomable, una madre dedicada y una l\u00edder inspiradora.<\/p>\n<p>\t\t\t\t\t\t\t<script async src=\"\/\/www.instagram.com\/embed.js\"><\/script><\/p>\n","protected":false},"excerpt":{"rendered":"Serena Williams, una de las deportistas m\u00e1s ic\u00f3nicas de la historia del tenis, ha sido galardonada con el&hellip;\n","protected":false},"author":2,"featured_media":188465,"comment_status":"","ping_status":"","sticky":false,"template":"","format":"standard","meta":{"footnotes":""},"categories":[274],"tags":[168,25,24,1911,23,167,327,326],"class_list":{"0":"post-188464","1":"post","2":"type-post","3":"status-publish","4":"format-standard","5":"has-post-thumbnail","7":"category-tenis","8":"tag-deportes","9":"tag-es","10":"tag-espana","11":"tag-serena-williams","12":"tag-spain","13":"tag-sports","14":"tag-tenis","15":"tag-tennis"},"share_on_mastodon":{"url":"","error":""},"_links":{"self":[{"href":"https:\/\/www.europesays.com\/es\/wp-json\/wp\/v2\/posts\/188464","targetHints":{"allow":["GET"]}}],"collection":[{"href":"https:\/\/www.europesays.com\/es\/wp-json\/wp\/v2\/posts"}],"about":[{"href":"https:\/\/www.europesays.com\/es\/wp-json\/wp\/v2\/types\/post"}],"author":[{"embeddable":true,"href":"https:\/\/www.europesays.com\/es\/wp-json\/wp\/v2\/users\/2"}],"replies":[{"embeddable":true,"href":"https:\/\/www.europesays.com\/es\/wp-json\/wp\/v2\/comments?post=188464"}],"version-history":[{"count":0,"href":"https:\/\/www.europesays.com\/es\/wp-json\/wp\/v2\/posts\/188464\/revisions"}],"wp:featuredmedia":[{"embeddable":true,"href":"https:\/\/www.europesays.com\/es\/wp-json\/wp\/v2\/media\/188465"}],"wp:attachment":[{"href":"https:\/\/www.europesays.com\/es\/wp-json\/wp\/v2\/media?parent=188464"}],"wp:term":[{"taxonomy":"category","embeddable":true,"href":"https:\/\/www.europesays.com\/es\/wp-json\/wp\/v2\/categories?post=188464"},{"taxonomy":"post_tag","embeddable":true,"href":"https:\/\/www.europesays.com\/es\/wp-json\/wp\/v2\/tags?post=188464"}],"curies":[{"name":"wp","href":"https:\/\/api.w.org\/{rel}","templated":true}]}}