{"id":188496,"date":"2025-10-20T03:48:08","date_gmt":"2025-10-20T03:48:08","guid":{"rendered":"https:\/\/www.europesays.com\/es\/188496\/"},"modified":"2025-10-20T03:48:08","modified_gmt":"2025-10-20T03:48:08","slug":"yolanda-diaz-multiplica-su-actividad-para-recuperar-la-iniciativa-tras-la-caida-de-la-reduccion-de-jornada-espana","status":"publish","type":"post","link":"https:\/\/www.europesays.com\/es\/188496\/","title":{"rendered":"Yolanda D\u00edaz multiplica su actividad para recuperar la iniciativa tras la ca\u00edda de la reducci\u00f3n de jornada | Espa\u00f1a"},"content":{"rendered":"<p class=\"\">Despu\u00e9s de meses de extremo cuidado con Junts para dar espacio a las negociaciones sobre la reducci\u00f3n de jornada, la vicepresidenta Yolanda D\u00edaz cambi\u00f3 de estrategia y se revolvi\u00f3 contra su portavoz, Miriam Nogueras, en el pleno en el que el partido de Carles Puigdemont <a href=\"https:\/\/elpais.com\/espana\/2025-09-10\/el-congreso-tumba-la-reduccion-de-la-jornada-laboral-con-los-votos-de-pp-vox-y-junts.html\" target=\"_self\" rel=\"nofollow noopener\" title=\"https:\/\/elpais.com\/espana\/2025-09-10\/el-congreso-tumba-la-reduccion-de-la-jornada-laboral-con-los-votos-de-pp-vox-y-junts.html\">tumbaba la ley de Trabajo<\/a>. \u201cUstedes no representan al independentismo, sino a la patronal espa\u00f1ola en sus sectores m\u00e1s reaccionarios\u201d, le dijo D\u00edaz en un tono que hab\u00eda meditado antes, pero que nadie en el Gobierno hab\u00eda usado desde la investidura. Tras la derrota parlamentaria en la norma estrella de Sumar, que el socio minoritario ha tratado de <a href=\"https:\/\/elpais.com\/espana\/2025-09-21\/yolanda-diaz-golpear-a-12-millones-de-trabajadores-saldra-caro-a-pp-vox-y-junts.html\" target=\"_self\" rel=\"nofollow noopener\" title=\"https:\/\/elpais.com\/espana\/2025-09-21\/yolanda-diaz-golpear-a-12-millones-de-trabajadores-saldra-caro-a-pp-vox-y-junts.html\">reconvertir en una victoria de la calle<\/a> \u2014porque las encuestas dicen que es una reforma aceptada por la mayor\u00eda\u2014, la vicepresidenta ha emprendido una ofensiva para impulsar la actividad legislativa desde el Ejecutivo e intentar desplegar al m\u00e1ximo la agenda social. La intenci\u00f3n es aprobar todo lo que se pueda v\u00eda reglamento en el Consejo de Ministros y someter lo dem\u00e1s, a\u00fan sin los votos, a debate en el Congreso para que sean los partidos los que se retraten ante los ciudadanos. \u201cLa gente nos quiere peleando\u201d, repite desde hace tiempo D\u00edaz, que tiene entre sus manos en torno a una decena de negociaciones en marcha, algunas m\u00e1s avanzadas que otras. <\/p>\n<p class=\"\">Aunque el punto de inflexi\u00f3n ya lo marc\u00f3 antes del par\u00f3n del verano la crisis que afect\u00f3 al Gobierno por la presunta implicaci\u00f3n de Santos Cerd\u00e1n en el cobro de mordidas a cambio de la adjudicaci\u00f3n de obras p\u00fablicas \u2014cuando Sumar exigi\u00f3 al PSOE<a href=\"https:\/\/elpais.com\/espana\/2025-07-09\/yolanda-diaz-defiende-a-sanchez-se-que-usted-es-honrado-pero-la-ciudadania-progresista-esta-angustiada.html\" target=\"_self\" rel=\"nofollow noopener\" title=\"https:\/\/elpais.com\/espana\/2025-07-09\/yolanda-diaz-defiende-a-sanchez-se-que-usted-es-honrado-pero-la-ciudadania-progresista-esta-angustiada.html\"> ese \u201cgiro social\u201d en la legislatura<\/a>\u2014, en las \u00faltimas semanas D\u00edaz ha multiplicado los anuncios. <\/p>\n<p class=\"\">Desde el registro horario digital \u2014una reforma que no necesita pasar por las Cortes y que busca <a href=\"https:\/\/elpais.com\/economia\/2025-10-09\/el-futuro-registro-horario-obligara-a-detallar-como-se-compensa-cada-hora-extra.html\" target=\"_self\" rel=\"nofollow noopener\" title=\"https:\/\/elpais.com\/economia\/2025-10-09\/el-futuro-registro-horario-obligara-a-detallar-como-se-compensa-cada-hora-extra.html\">poner coto a las horas extras <\/a>que se hacen en Espa\u00f1a sin remunerar, una de las patas de la norma para reducir la jornada\u2014 hasta el \u00faltimo real decreto ley para intervenir el mercado inmobiliario, <a href=\"https:\/\/elpais.com\/economia\/2025-10-13\/sumar-propone-un-real-decreto-con-medidas-urgentes-para-intervenir-el-mercado-de-la-vivienda.html\" target=\"_self\" rel=\"nofollow noopener\" title=\"https:\/\/elpais.com\/economia\/2025-10-13\/sumar-propone-un-real-decreto-con-medidas-urgentes-para-intervenir-el-mercado-de-la-vivienda.html\">presentado con solemnidad<\/a> por cuatro ministros de Sumar hace una semana y sobre el que no hay ninguna garant\u00eda de que llegue a aprobarse en el Gabinete, porque a\u00fan debe negociarse con el PSOE, que es el que tiene las competencias. <\/p>\n<p class=\"\">Pero marcar la agenda del Gobierno frente a la estrategia de desgaste de las derechas a la coalici\u00f3n se ha convertido en la prioridad de los de D\u00edaz, que necesitan tambi\u00e9n despegarse de los socialistas en asuntos como la vivienda, convertido en el principal problema de los ciudadanos, y aprovechar todos los departamentos (desde Trabajo, pero tambi\u00e9n Derechos Sociales y Consumo, Cultura, Sanidad y Juventud e Infancia) para desarrollar su programa.<\/p>\n<p class=\"\">\u201cMovimiento Sumar tiene que jugar el rol de partido laborista\u201d, se\u00f1ala una fuente parlamentaria. \u201cSi quieres no matar a Yolanda, no puedes reducir tu programa a la jornada y el salario m\u00ednimo, hay que demostrar que no est\u00e1 todo hecho y que le quedan varias legislaturas\u201d, describe sobre la sucesi\u00f3n de anuncios y la hiperactividad del ministerio en el arranque del curso, sobre todo desde el fiasco de la reducci\u00f3n de jornada. <\/p>\n<p>Despido, SMI, riesgos laborales&#8230;<\/p>\n<p class=\"\">Esa abultada agenda inaugura una nueva negociaci\u00f3n con los agentes sociales este mismo lunes: los sindicatos y las patronales est\u00e1n convocados a la primera reuni\u00f3n para tratar un cambio en la normativa <a href=\"https:\/\/elpais.com\/economia\/2025-09-18\/diaz-rescata-la-reforma-del-despido-y-anuncia-que-iniciara-su-negociacion-en-octubre.html\" target=\"_self\" rel=\"nofollow noopener\" title=\"https:\/\/elpais.com\/economia\/2025-09-18\/diaz-rescata-la-reforma-del-despido-y-anuncia-que-iniciara-su-negociacion-en-octubre.html\">del despido<\/a>. Hace tiempo que Trabajo insiste en este asunto, pese al <a href=\"https:\/\/elpais.com\/economia\/2025-07-16\/trabajo-insiste-en-reformar-la-indemnizacion-por-despido-pese-a-la-decision-del-supremo.html\" target=\"_self\" rel=\"nofollow noopener\" title=\"https:\/\/elpais.com\/economia\/2025-07-16\/trabajo-insiste-en-reformar-la-indemnizacion-por-despido-pese-a-la-decision-del-supremo.html\">rechazo patronal<\/a> que despierta y tambi\u00e9n dentro del Gobierno, <a href=\"https:\/\/elpais.com\/economia\/2024-08-10\/la-reforma-del-despido-pone-a-prueba-las-costuras-del-gobierno-de-coalicion.html\" target=\"_self\" rel=\"nofollow noopener\" title=\"https:\/\/elpais.com\/economia\/2024-08-10\/la-reforma-del-despido-pone-a-prueba-las-costuras-del-gobierno-de-coalicion.html\">con Econom\u00eda<\/a> en contra de una modificaci\u00f3n. El departamento de D\u00edaz se ve legitimado por las resoluciones del Consejo de Europa que indican que Espa\u00f1a <a href=\"https:\/\/elpais.com\/economia\/2025-03-31\/el-consejo-de-europa-vuelve-a-resolver-contra-la-indemnizacion-por-despido-espanola-y-presiona-al-gobierno-para-reformarla.html\" target=\"_self\" rel=\"nofollow noopener\" title=\"https:\/\/elpais.com\/economia\/2025-03-31\/el-consejo-de-europa-vuelve-a-resolver-contra-la-indemnizacion-por-despido-espanola-y-presiona-al-gobierno-para-reformarla.html\">no cumple la Carta Social Europea en esta materia<\/a>. Trabajo no ha concretado en qu\u00e9 consistir\u00e1 su propuesta de despido restaurativo, pero la previsi\u00f3n es que se la traslade pronto a los agentes sociales.<\/p>\n<p class=\"\">Fuentes del di\u00e1logo social insisten en que ese cambio no tiene opciones de prosperar en el Congreso, dado el rechazo no solo de Junts, <a href=\"https:\/\/elpais.com\/economia\/2025-09-10\/autopsia-de-la-reduccion-de-jornada-de-la-esperanza-inicial-al-fracaso-en-el-congreso.html\" target=\"_self\" rel=\"nofollow noopener\" title=\"https:\/\/elpais.com\/economia\/2025-09-10\/autopsia-de-la-reduccion-de-jornada-de-la-esperanza-inicial-al-fracaso-en-el-congreso.html\">como en la reducci\u00f3n de jornada<\/a>. Tampoco lo respaldar\u00eda el PNV. El ministerio necesita igualmente respaldo parlamentario para sacar adelante el estatuto del becario, un acuerdo con los sindicatos de la pasada legislatura, que se pas\u00f3 <a href=\"https:\/\/elpais.com\/economia\/2025-06-14\/la-espera-interminable-de-los-becarios-que-nuestra-labor-no-este-regulada-nos-perjudica.html\" target=\"_self\" rel=\"nofollow noopener\" title=\"https:\/\/elpais.com\/economia\/2025-06-14\/la-espera-interminable-de-los-becarios-que-nuestra-labor-no-este-regulada-nos-perjudica.html\">dos a\u00f1os en el caj\u00f3n<\/a> y que recibi\u00f3 el visto bueno de la <a href=\"https:\/\/elpais.com\/economia\/2025-07-21\/el-gobierno-rescata-el-estatuto-del-becario-para-intentar-enviarlo-al-congreso-antes-de-agosto.html\" target=\"_self\" rel=\"nofollow noopener\" title=\"https:\/\/elpais.com\/economia\/2025-07-21\/el-gobierno-rescata-el-estatuto-del-becario-para-intentar-enviarlo-al-congreso-antes-de-agosto.html\">Comisi\u00f3n Delegada de Asuntos Econ\u00f3micos<\/a> (paso previo a la entrada en el Consejo de Ministros) en julio. El departamento insiste en que el Gabinete le dar\u00e1 el visto bueno pronto, que ya se han resuelto las diferencias con el PSOE, pero hace ya un mes del plazo que marc\u00f3 D\u00edaz <a href=\"https:\/\/cadenaser.com\/nacional\/2025\/09\/03\/sigue-en-directo-la-entrevista-a-yolanda-diaz-en-hora-25-cadena-ser\/\" target=\"_self\" rel=\"nofollow noopener\" title=\"https:\/\/cadenaser.com\/nacional\/2025\/09\/03\/sigue-en-directo-la-entrevista-a-yolanda-diaz-en-hora-25-cadena-ser\/\">en una entrevista en la SER<\/a> para llevarlo a la reuni\u00f3n del Gobierno.<\/p>\n<p class=\"\">Entre las batallas planteadas se encuentra la ampliaci\u00f3n del permiso por fallecimiento <a href=\"https:\/\/elpais.com\/economia\/2025-10-09\/diaz-anuncia-la-ampliacion-del-permiso-de-fallecimiento-a-diez-dias.html\" rel=\"nofollow noopener\" title=\"https:\/\/elpais.com\/economia\/2025-10-09\/diaz-anuncia-la-ampliacion-del-permiso-de-fallecimiento-a-diez-dias.html\" target=\"_blank\">a diez d\u00edas<\/a>. Es un avance respecto a la <a href=\"https:\/\/www.boe.es\/biblioteca_juridica\/abrir_pdf.php?id=PUB-DT-2025-139\" rel=\"nofollow noopener\" title=\"https:\/\/www.boe.es\/biblioteca_juridica\/abrir_pdf.php?id=PUB-DT-2025-139\" target=\"_blank\">normativa actual<\/a>, que solo concede dos d\u00edas de descanso por el fallecimiento del c\u00f3nyuge, pareja de hecho o parientes hasta el segundo grado de consanguinidad o afinidad, ampliables a cuatro si es necesario un desplazamiento. La vicepresidenta segunda tambi\u00e9n propone un nuevo permiso para el cuidado de familiares en cuidados paliativos. Este nuevo asunto en la agenda fue recibido con cierta frialdad por el ministro de Econom\u00eda, Carlos Cuerpo, que apost\u00f3 por \u201ctener en cuenta a las empresas\u201d. El presidente de la principal patronal que las representa, CEOE, trat\u00f3 de ridiculizar la iniciativa al pedir \u201cun permiso para descansar un ratito de los anuncios del Ministerio de Trabajo\u201d, seg\u00fan las palabras de Antonio Garamendi. Trabajo sostiene que el texto con esta propuesta, que exigir\u00eda un cambio legislativo, est\u00e1 muy avanzado.<\/p>\n<p class=\"\">Otro asunto que refleja la intensa actividad de D\u00edaz este oto\u00f1o es el calendario de la convocatoria de expertos que recomendar\u00e1n un nuevo incremento del salario m\u00ednimo interprofesional. La primera reuni\u00f3n se celebr\u00f3 <a href=\"https:\/\/elpais.com\/economia\/2025-10-01\/trabajo-abre-la-puerta-a-que-el-salario-minimo-tribute-y-pide-a-hacienda-que-exprese-su-posicion.html\" target=\"_self\" rel=\"nofollow noopener\" title=\"https:\/\/elpais.com\/economia\/2025-10-01\/trabajo-abre-la-puerta-a-que-el-salario-minimo-tribute-y-pide-a-hacienda-que-exprese-su-posicion.html\">el 1 de octubre<\/a>, cuando el a\u00f1o pasado no se abri\u00f3 esta comisi\u00f3n hasta <a href=\"https:\/\/elpais.com\/economia\/2024-11-26\/diaz-garantiza-que-el-smi-crecera-al-menos-como-la-inflacion-y-que-no-caera-por-debajo-del-60-del-salario-medio.html\" target=\"_self\" rel=\"nofollow noopener\" title=\"https:\/\/elpais.com\/economia\/2024-11-26\/diaz-garantiza-que-el-smi-crecera-al-menos-como-la-inflacion-y-que-no-caera-por-debajo-del-60-del-salario-medio.html\">el 26 de noviembre<\/a>. A la vez, y tambi\u00e9n sobre el SMI, el ministerio negocia con sindicatos y patronales impedir que las subidas se puedan absorber mediante la eliminaci\u00f3n de pluses. Los sindicatos pusieron como condici\u00f3n para firmar el \u00faltimo incremento que se suprimiese <a href=\"https:\/\/elpais.com\/economia\/2025-01-29\/yolanda-diaz-anuncia-que-el-salario-minimo-subira-50-euros-en-2025-hasta-los-1184-euros-al-mes.html\" target=\"_self\" rel=\"nofollow noopener\" title=\"https:\/\/elpais.com\/economia\/2025-01-29\/yolanda-diaz-anuncia-que-el-salario-minimo-subira-50-euros-en-2025-hasta-los-1184-euros-al-mes.html\">esta posibilidad<\/a>. Es un planteamiento que irrita a las patronales y que, previsiblemente, se acordar\u00e1 pr\u00f3ximamente solo con CC OO y UGT. <\/p>\n<p class=\"\">Tambi\u00e9n est\u00e1 abierta, desde <a href=\"https:\/\/elpais.com\/economia\/2025-02-15\/un-ano-negociando-la-mejora-de-los-riesgos-laborales-los-sindicatos-reclaman-al-gobierno-que-acelere-la-nueva-ley.html\" target=\"_self\" rel=\"nofollow noopener\" title=\"https:\/\/elpais.com\/economia\/2025-02-15\/un-ano-negociando-la-mejora-de-los-riesgos-laborales-los-sindicatos-reclaman-al-gobierno-que-acelere-la-nueva-ley.html\">hace m\u00e1s de 20 meses<\/a>, la negociaci\u00f3n para modificar la ley de prevenci\u00f3n de riegos laborales, sobre la que hubo una primera propuesta concreta <a href=\"https:\/\/elpais.com\/economia\/2025-03-27\/trabajo-redobla-la-atencion-a-la-salud-mental-y-a-la-crisis-climatica-en-su-reforma-de-la-prevencion-de-riesgos-laborales.html\" target=\"_self\" rel=\"nofollow noopener\" title=\"https:\/\/elpais.com\/economia\/2025-03-27\/trabajo-redobla-la-atencion-a-la-salud-mental-y-a-la-crisis-climatica-en-su-reforma-de-la-prevencion-de-riesgos-laborales.html\">en marzo<\/a>, o el estatuto del artista. <\/p>\n<p class=\"\">La sensaci\u00f3n en Sumar es que el PSOE ha recogido el guante y creen que lo demuestran cuestiones como la aprobaci\u00f3n de los permisos de conciliaci\u00f3n a final de julio, el embargo de armas a Israel o la propuesta de reforma para <a href=\"https:\/\/elpais.com\/espana\/2025-10-14\/sumar-pelea-la-bandera-del-aborto-a-sanchez-denuncia-que-la-propuesta-del-psoe-podria-suponer-un-retroceso.html\" target=\"_self\" rel=\"nofollow noopener\" title=\"https:\/\/elpais.com\/espana\/2025-10-14\/sumar-pelea-la-bandera-del-aborto-a-sanchez-denuncia-que-la-propuesta-del-psoe-podria-suponer-un-retroceso.html\">blindar el aborto en la Constituci\u00f3n<\/a>, que el socio minoritario del Ejecutivo ya formul\u00f3 de manera similar en febrero. <\/p>\n<p class=\"\">En lo que supuso la apertura de un nuevo frente, Sumar presion\u00f3 al PSOE el mes pasado para que se apruebe v\u00eda decreto, antes de que acabe octubre y v\u00eda decreto \u2014como hizo Jos\u00e9 Luis Rodr\u00edguez Zapatero en 2005\u2014, la <a href=\"https:\/\/elpais.com\/espana\/2025-09-29\/sumar-presiona-al-psoe-para-que-apruebe-la-regularizacion-extraordinaria-de-inmigrantes-en-octubre-via-decreto.html\" target=\"_self\" rel=\"nofollow noopener\" title=\"https:\/\/elpais.com\/espana\/2025-09-29\/sumar-presiona-al-psoe-para-que-apruebe-la-regularizacion-extraordinaria-de-inmigrantes-en-octubre-via-decreto.html\">regularizaci\u00f3n extraordinaria de inmigrantes<\/a> que est\u00e1 paralizada en el Congreso. De momento, no han trascendido avances, pero quedan diez d\u00edas para que acabe el mes. En un oto\u00f1o tan fren\u00e9tico, todav\u00eda puede pasar de todo. <\/p>\n","protected":false},"excerpt":{"rendered":"Despu\u00e9s de meses de extremo cuidado con Junts para dar espacio a las negociaciones sobre la reducci\u00f3n de&hellip;\n","protected":false},"author":2,"featured_media":188497,"comment_status":"","ping_status":"","sticky":false,"template":"","format":"standard","meta":{"footnotes":""},"categories":[8],"tags":[17,18,5702,25,24,13,14,582,11,19,20,4455,9,10,15,16,4452,46035,23,4453,12,21,22,4454],"class_list":{"0":"post-188496","1":"post","2":"type-post","3":"status-publish","4":"format-standard","5":"has-post-thumbnail","7":"category-espana","8":"tag-breaking-news","9":"tag-breakingnews","10":"tag-despido","11":"tag-es","12":"tag-espana","13":"tag-featured-news","14":"tag-featurednews","15":"tag-gobierno","16":"tag-headlines","17":"tag-latest-news","18":"tag-latestnews","19":"tag-ministerio-de-trabajo-y-economia-social","20":"tag-news","21":"tag-noticias","22":"tag-noticias-destacadas","23":"tag-noticiasdestacadas","24":"tag-permisos-laborales","25":"tag-salario-minimo","26":"tag-spain","27":"tag-sumar","28":"tag-titulares","29":"tag-ultimas-noticias","30":"tag-ultimasnoticias","31":"tag-yolanda-diaz"},"share_on_mastodon":{"url":"","error":""},"_links":{"self":[{"href":"https:\/\/www.europesays.com\/es\/wp-json\/wp\/v2\/posts\/188496","targetHints":{"allow":["GET"]}}],"collection":[{"href":"https:\/\/www.europesays.com\/es\/wp-json\/wp\/v2\/posts"}],"about":[{"href":"https:\/\/www.europesays.com\/es\/wp-json\/wp\/v2\/types\/post"}],"author":[{"embeddable":true,"href":"https:\/\/www.europesays.com\/es\/wp-json\/wp\/v2\/users\/2"}],"replies":[{"embeddable":true,"href":"https:\/\/www.europesays.com\/es\/wp-json\/wp\/v2\/comments?post=188496"}],"version-history":[{"count":0,"href":"https:\/\/www.europesays.com\/es\/wp-json\/wp\/v2\/posts\/188496\/revisions"}],"wp:featuredmedia":[{"embeddable":true,"href":"https:\/\/www.europesays.com\/es\/wp-json\/wp\/v2\/media\/188497"}],"wp:attachment":[{"href":"https:\/\/www.europesays.com\/es\/wp-json\/wp\/v2\/media?parent=188496"}],"wp:term":[{"taxonomy":"category","embeddable":true,"href":"https:\/\/www.europesays.com\/es\/wp-json\/wp\/v2\/categories?post=188496"},{"taxonomy":"post_tag","embeddable":true,"href":"https:\/\/www.europesays.com\/es\/wp-json\/wp\/v2\/tags?post=188496"}],"curies":[{"name":"wp","href":"https:\/\/api.w.org\/{rel}","templated":true}]}}