{"id":188506,"date":"2025-10-20T03:58:13","date_gmt":"2025-10-20T03:58:13","guid":{"rendered":"https:\/\/www.europesays.com\/es\/188506\/"},"modified":"2025-10-20T03:58:13","modified_gmt":"2025-10-20T03:58:13","slug":"compostela-lugo-b-cronica-el-compostela-termina-sufriendo-para-sumar-los-tres-puntos-ante-el-lugo-b","status":"publish","type":"post","link":"https:\/\/www.europesays.com\/es\/188506\/","title":{"rendered":"COMPOSTELA LUGO B CR\u00d3NICA | El Compostela termina sufriendo para sumar los tres puntos ante el Lugo B"},"content":{"rendered":"<p class=\"ft-text\">Sufri\u00f3 de lo lindo la <a class=\"ft-link ft-link--decoration\" href=\"https:\/\/www.elcorreogallego.es\/tags\/sd-compostela\/\" target=\"_blank\" rel=\"nofollow noopener\">SD Compostela<\/a> para ganar un partido que se le puso muy de cara, pero en el que termin\u00f3 pidiendo la hora ante el \u00edmpetu de un valiente<strong> Lugo B<\/strong>. El cuadro compostelano encarril\u00f3 el encuentro gracias a su efectividad en ataque, reflejada en los goles de<strong> Armental, Maceira y Parapar<\/strong>, aunque vio tambalear el triunfo en los compases finales. Finalmente, supo resistir para sumar los tres puntos, mantener el invicto y afianzarse en el liderato<\/p>\n<p class=\"ft-text\">El filial lucense llegaba a <a class=\"ft-link ft-link--decoration\" href=\"https:\/\/www.elcorreogallego.es\/tags\/estadio-de-san-lazaro\/\" target=\"_blank\" rel=\"nofollow noopener\">San L\u00e1zaro<\/a> como tercer clasificado e inmerso en una gran din\u00e1mica de resultados. Con Aday Alcalde, m\u00e1ximo goleador de la competici\u00f3n, e Ibe Doumbouya como referencias ofensivas, el cuadro de Dani Gal\u00e1n apost\u00f3 por una propuesta valiente desde un inicio con el objetivo de<strong> incomodar al m\u00e1ximo el juego rival<\/strong>. Ante esto, Secho decidi\u00f3 cambiar el planteamiento, alineando una l\u00ednea de tres defensas formada por <strong>Diego Rodr\u00edguez, Pablo Crespo y Dami\u00e1n Noya<\/strong>. En el medio, <strong>Diego Uzal, Mateo Arellano y Goris<\/strong> fueron los encargados de sostener al equipo, mientras que el t\u00e9cnico sonense repiti\u00f3 elecci\u00f3n en el tr\u00edo de mediapuntas, con<strong> Armental, Parapar y Guisande<\/strong>. En la delantera, <strong>Maceira<\/strong> fue titular ante su exequipo.<\/p>\n<p class=\"ft-text\">La constante lluvia que azot\u00f3 Santiago durante la jornada del domingo dej\u00f3 un terreno de juego r\u00e1pido<strong> que favoreci\u00f3 a las transiciones <\/strong>de ambos equipos. Tras unos primeros compases de tanteo mutuo, el Compos tom\u00f3 la iniciativa y consigui\u00f3 intimidar a la s\u00f3lida defensa albivermella gracias a los destellos de sus hombres de calidad. Primero fue Armental, el cual consigui\u00f3 desbordar a Noah, lateral derecho rival, por banda izquierda, provocando <strong>la primera tarjeta amarilla<\/strong> del encuentro. Despu\u00e9s fue el turno de Parapar, que, <strong>tras un gran pase de Cobo<\/strong>, tuvo la oportunidad de encarar la porter\u00eda sin marca alguna pero no acert\u00f3 en la conducci\u00f3n del bal\u00f3n.<\/p>\n<p class=\"ft-text\">Primer cuarto de hora sin ocasiones donde la nota negativa la dej\u00f3<strong> Ant\u00f3n Guisande<\/strong>. El atacante pontevedr\u00e9s, que ven\u00eda siendo un fijo para su entrenador, se vio obligado a pedir el cambio debido a un problema f\u00edsico. Oportunidad para Pablo Porr\u00faa, el cual apenas hab\u00eda tenido protagonismo en partidos anteriores.<\/p>\n<p class=\"ft-text\">Despu\u00e9s del cambio, el Lugo B se apoder\u00f3 del juego, inhabilitando la presi\u00f3n picheleira con grandes combinaciones. Las buenas sensaciones visitantes se tradujeron r\u00e1pidamente en oportunidades de gol. Una buena salida de bal\u00f3n por parte de los lucenses acab\u00f3 en los pies de <strong>Aday Alcalde<\/strong>, que remat\u00f3 con calidad al palo largo, pero apareci\u00f3 Cobo para evitar el gol. El Compos se aferr\u00f3 a su portero, el cual <strong>volvi\u00f3 a ser <\/strong>decisivo, momentos despu\u00e9s al detener un remate a quemarropa de Ibe.\u00a0<\/p>\n<p class=\"ft-text\">El atrevimiento y descaro del joven equipo lucense sorprendi\u00f3 a una esed\u00e9 que se sostuvo gracias a las intervenciones de su guardameta. Las tuvo el Lugo B, no acert\u00f3 <strong>y el l\u00edder no perdon\u00f3<\/strong>. A falta de poco menos de diez minutos para alcanzar el descanso, Porr\u00faa recibi\u00f3 el bal\u00f3n, atrajo la atenci\u00f3n de dos defensores y abri\u00f3 el juego para Diego, que puso un centro preciso al segundo palo, donde <strong>apareci\u00f3 la cabeza de Armental para abrir la lata<\/strong>.<\/p>\n<p class=\"ft-text\">No terminaba de cre\u00e9rselo el filial lucense cuando en el descuento del primer acto el Compos volvi\u00f3 a castigar la imprecisi\u00f3n de su rival. Un desbarajuste defensivo permiti\u00f3 al cuadro compostelano armar un contraataque que finaliz\u00f3 <strong>Maceira<\/strong>. El delantero recort\u00f3 dos veces dentro del \u00e1rea y, tras aprovechar el rechace de su propio tiro despu\u00e9s de la parada de Mateo, hizo el segundo y complet\u00f3 la famosa \u2018ley del ex\u2019. De esta forma, descanso en San L\u00e1zaro. El Lugo B <strong>pagaba muy caro sus pecados de juventud<\/strong> ante un Compos letal en ataque.<\/p>\n<p class=\"ft-text\">Tras la reanudaci\u00f3n, el conjunto local volvi\u00f3 a asumir el mando del partido y a punto estuvo de poner m\u00e1s tierra de por medio. Primeros compases de segundo tiempo y Parapar consigui\u00f3 desbordar por banda derecha. El jugador de Laba\u00f1ou complet\u00f3 una jugada que levant\u00f3 a una grada de San L\u00e1zaro que ya cantaba el gol cuando <strong>apareci\u00f3 de forma providencial la cabeza de Tom\u00e1s<\/strong> para evitar el 3-0.\u00a0<\/p>\n<p class=\"ft-text\">Insist\u00eda el conjunto blanquiazul. Maceira tuvo el segundo para su cuenta particular tras un robo a Mateo, pero no logr\u00f3 acertar en la definici\u00f3n. La insistencia picheleira volvi\u00f3 a provocar indecisi\u00f3n en la defensa rival a la hora de defender un contragolpe, algo que aprovech\u00f3 <strong>Goris<\/strong> para plantarse en el \u00e1rea,<strong> donde fue objeto de falta<\/strong>. Al igual que frente al Gran Pe\u00f1a,<strong> Parapar resolvi\u00f3 el penalti con delicadeza y calma, definiendo a su lado derecho<\/strong>.<\/p>\n<p class=\"ft-text\">El tercero son\u00f3 a sentencia, pero el descaro de la juventud lucense se transform\u00f3 en una temprana reacci\u00f3n. Inmediatamente despu\u00e9s del tercero y tras una p\u00e9rdida de Arellano, <strong>Samu conect\u00f3 un disparo cruzado desde dentro del \u00e1rea para recortar diferencias<\/strong> y a\u00f1adir emoci\u00f3n a los \u00faltimos 20 minutos de encuentro.\u00a0<\/p>\n<p class=\"ft-text\">El tanto hizo tambalear la aparente solidez del cuadro local, que se vio abrumado ante la crecida de los visitantes. Frente al \u00edmpetu albivermello, Secho dio entrada a Quico, un central m\u00e1s, en busca de defender mejor el \u00e1rea. Por su parte, el Lugo B dio un paso hacia adelante con el objetivo de meterse en el partido y, de forma merecida,<strong> lo logr\u00f3<\/strong>. De nuevo una p\u00e9rdida local, esta vez de Porr\u00faa, permiti\u00f3 a Aday e Ibe, los jugadores m\u00e1s peligrosos del filial lucense, conectar para generar una gran jugada<strong> que termin\u00f3 en penalti<\/strong>. Cobo arroll\u00f3 al \u20189\u2019 cuando este pretend\u00eda regatearlo. <strong>El mismo Ibe transform\u00f3 la pena m\u00e1xima en el minuto 83.<\/strong><\/p>\n<p class=\"ft-text\">Presos de la motivaci\u00f3n, los jugadores del cuadro visitante se lanzaron al ataque en busca de <strong>una oportunidad para lograr el empate<\/strong>, al tiempo que el Compos ced\u00eda espacios. Los constantes env\u00edos al \u00e1rea <strong>metieron el miedo en el cuerpo a un conjunto blanquiazul que se libr\u00f3 por muy poco<\/strong> en varias ocasiones. A duras penas y con mucho sufrimiento, el Compostela defendi\u00f3 el resultado y <strong>sell\u00f3 una important\u00edsima victoria ante su gente.<\/strong><\/p>\n","protected":false},"excerpt":{"rendered":"Sufri\u00f3 de lo lindo la SD Compostela para ganar un partido que se le puso muy de cara,&hellip;\n","protected":false},"author":2,"featured_media":188507,"comment_status":"","ping_status":"","sticky":false,"template":"","format":"standard","meta":{"footnotes":""},"categories":[268],"tags":[49533,168,25,24,52885,280,282,1044,52884,281,23,167,23570,4453,4178,603],"class_list":{"0":"post-188506","1":"post","2":"type-post","3":"status-publish","4":"format-standard","5":"has-post-thumbnail","7":"category-futbol","8":"tag-compostela","9":"tag-deportes","10":"tag-es","11":"tag-espana","12":"tag-estadio-de-san-lazaro","13":"tag-football","14":"tag-futbol","15":"tag-liga","16":"tag-sd-compostela","17":"tag-soccer","18":"tag-spain","19":"tag-sports","20":"tag-sufriendo","21":"tag-sumar","22":"tag-termina","23":"tag-tres"},"share_on_mastodon":{"url":"","error":""},"_links":{"self":[{"href":"https:\/\/www.europesays.com\/es\/wp-json\/wp\/v2\/posts\/188506","targetHints":{"allow":["GET"]}}],"collection":[{"href":"https:\/\/www.europesays.com\/es\/wp-json\/wp\/v2\/posts"}],"about":[{"href":"https:\/\/www.europesays.com\/es\/wp-json\/wp\/v2\/types\/post"}],"author":[{"embeddable":true,"href":"https:\/\/www.europesays.com\/es\/wp-json\/wp\/v2\/users\/2"}],"replies":[{"embeddable":true,"href":"https:\/\/www.europesays.com\/es\/wp-json\/wp\/v2\/comments?post=188506"}],"version-history":[{"count":0,"href":"https:\/\/www.europesays.com\/es\/wp-json\/wp\/v2\/posts\/188506\/revisions"}],"wp:featuredmedia":[{"embeddable":true,"href":"https:\/\/www.europesays.com\/es\/wp-json\/wp\/v2\/media\/188507"}],"wp:attachment":[{"href":"https:\/\/www.europesays.com\/es\/wp-json\/wp\/v2\/media?parent=188506"}],"wp:term":[{"taxonomy":"category","embeddable":true,"href":"https:\/\/www.europesays.com\/es\/wp-json\/wp\/v2\/categories?post=188506"},{"taxonomy":"post_tag","embeddable":true,"href":"https:\/\/www.europesays.com\/es\/wp-json\/wp\/v2\/tags?post=188506"}],"curies":[{"name":"wp","href":"https:\/\/api.w.org\/{rel}","templated":true}]}}