{"id":188514,"date":"2025-10-20T04:02:10","date_gmt":"2025-10-20T04:02:10","guid":{"rendered":"https:\/\/www.europesays.com\/es\/188514\/"},"modified":"2025-10-20T04:02:10","modified_gmt":"2025-10-20T04:02:10","slug":"los-invitados-de-el-hormiguero-para-esta-semana-20-a-23-de-octubre-el-seleccionador-nacional-dos-actores-un-reconocido-duo-musical-y-una-famosa-aristocrata","status":"publish","type":"post","link":"https:\/\/www.europesays.com\/es\/188514\/","title":{"rendered":"Los invitados de &#8216;El Hormiguero&#8217; para esta semana (20 a 23 de octubre): el seleccionador nacional, dos actores, un reconocido d\u00fao musical y una famosa arist\u00f3crata"},"content":{"rendered":"<p><img fetchpriority=\"high\" class=\"v-a-img\" src=\"https:\/\/www.europesays.com\/es\/wp-content\/uploads\/2025\/10\/EHInvitados-kvfE-U23034227570628WB-1200x840@Las Provincias.jpg\" loading=\"eager\" decoding=\"async\" alt=\"Pablo Motos junto a Trancas y Barrancas.\"  width=\"1200\" height=\"840\"\/><\/p>\n<p>Pablo Motos junto a Trancas y Barrancas.          TV        <\/p>\n<p>Pablo Motos empieza una nueva semana con el foco en liderar la batalla de audiencias que mantiene con &#8216;La Revuelta&#8217;<\/p>\n<p class=\"v-mdl-ath__p v-mdl-ath__p--6\">\nLunes, 20 de octubre 2025, 00:32<\/p>\n<p class=\"v-p\"><a href=\"https:\/\/www.lasprovincias.es\/culturas\/tv\/bustamante-desvela-hormiguero-manias-conciertos-secreto-cambio-20251015230357-nt.html\" target=\"_blank\" title=\"www.lasprovincias.es\" data-voc-vtm-id=\"in-text-traffic\" data-mrf-link=\"www.lasprovincias.es\" rel=\"nofollow noopener\">&#8216;El Hormiguero&#8217;<\/a> comienza una nueva semana en la parrilla de Antena 3 con el objetivo de consolidar su liderato en la <a href=\"https:\/\/www.lasprovincias.es\/culturas\/tv\/revuelta-sale-victoriosa-cambio-horario-silvia-intxaurrondo-20251015105450-nt.html\" target=\"_blank\" title=\"www.lasprovincias.es\" data-voc-vtm-id=\"in-text-traffic\" data-mrf-link=\"www.lasprovincias.es\" rel=\"nofollow noopener\">batalla de audiencias<\/a> que mantiene desde hace meses con <a href=\"https:\/\/www.lasprovincias.es\/culturas\/tv\/diego-martin-rememora-antigua-relacion-amaia-salamanca-20251015233201-nt.html\" target=\"_blank\" title=\"www.lasprovincias.es\" data-voc-vtm-id=\"in-text-traffic\" data-mrf-link=\"www.lasprovincias.es\" rel=\"nofollow noopener\">&#8216;La Revuelta&#8217;<\/a> de David Broncano. El programa presentado por Pablo Motos ya ha lanzado los nombres de los invitados que acudir\u00e1n al espacio de Antena 3.<\/p>\n<p class=\"v-p\">El seleccionador nacional, un conocido d\u00fao musical espa\u00f1ol, dos reconocidos actores y una famosa arist\u00f3crata visitar\u00e1n el plat\u00f3 de las hormigas de lunes a jueves, a las 21:45h.<\/p>\n<p class=\"v-p\"><strong>Lunes 20 de octubre.<\/strong> El seleccionador nacional Luis de la Fuente acude al programa tras igualar la mayor racha de partidos consecutivos sin conocer la derrota en la historia de Espa\u00f1a y con la clasificaci\u00f3n encarrilada para el Mundial 2026.<\/p>\n<p class=\"v-p\"><strong>Martes 21.<\/strong> El d\u00fao Taburete, compuesto por Willy Barcenas y Ant\u00f3n Carre\u00f1o, visita &#8216;El Hormiguero&#8217; para presentar su sexto disco de estudio, titulado &#8216;El perro que fuma&#8217;, que ve la luz el pr\u00f3ximo 28 de noviembre.<\/p>\n<p class=\"v-p\"><strong>Mi\u00e9rcoles 22.<\/strong> Los actores Blanca Su\u00e1rez y Manu R\u00edos acuden a charlar con Pablo Motos sobre la segunda temporada de &#8216;Respira&#8217;, la ficci\u00f3n de Netflix que llega a la plataforma este 31 de octubre.<\/p>\n<p class=\"v-p\"><strong>Jueves 23.<\/strong> La famosa arist\u00f3crata Isabel Preysler cierra la semana con su visita para presentar su nueva obra &#8216;Mi verdadera historia&#8217;,a la venta un d\u00eda antes de pasar por &#8216;El Hormiguero&#8217;. Sus esperadas memorias en las que rompe falsos mitos que desde hace a\u00f1os circulan sobre ella<\/p>\n<p>Reporta un error<\/p>\n","protected":false},"excerpt":{"rendered":"Pablo Motos junto a Trancas y Barrancas. TV Pablo Motos empieza una nueva semana con el foco en&hellip;\n","protected":false},"author":2,"featured_media":188515,"comment_status":"","ping_status":"","sticky":false,"template":"","format":"standard","meta":{"footnotes":""},"categories":[171],"tags":[46310,33939,1563,146,147,25,24,4271,17775,3551,24921,773,23,214],"class_list":{"0":"post-188514","1":"post","2":"type-post","3":"status-publish","4":"format-standard","5":"has-post-thumbnail","7":"category-tv","8":"tag-aristocrata","9":"tag-comicos","10":"tag-dos","11":"tag-entertainment","12":"tag-entretenimiento","13":"tag-es","14":"tag-espana","15":"tag-famosa","16":"tag-hormiguero","17":"tag-invitados","18":"tag-seleccionador","19":"tag-semana","20":"tag-spain","21":"tag-tv"},"share_on_mastodon":{"url":"","error":""},"_links":{"self":[{"href":"https:\/\/www.europesays.com\/es\/wp-json\/wp\/v2\/posts\/188514","targetHints":{"allow":["GET"]}}],"collection":[{"href":"https:\/\/www.europesays.com\/es\/wp-json\/wp\/v2\/posts"}],"about":[{"href":"https:\/\/www.europesays.com\/es\/wp-json\/wp\/v2\/types\/post"}],"author":[{"embeddable":true,"href":"https:\/\/www.europesays.com\/es\/wp-json\/wp\/v2\/users\/2"}],"replies":[{"embeddable":true,"href":"https:\/\/www.europesays.com\/es\/wp-json\/wp\/v2\/comments?post=188514"}],"version-history":[{"count":0,"href":"https:\/\/www.europesays.com\/es\/wp-json\/wp\/v2\/posts\/188514\/revisions"}],"wp:featuredmedia":[{"embeddable":true,"href":"https:\/\/www.europesays.com\/es\/wp-json\/wp\/v2\/media\/188515"}],"wp:attachment":[{"href":"https:\/\/www.europesays.com\/es\/wp-json\/wp\/v2\/media?parent=188514"}],"wp:term":[{"taxonomy":"category","embeddable":true,"href":"https:\/\/www.europesays.com\/es\/wp-json\/wp\/v2\/categories?post=188514"},{"taxonomy":"post_tag","embeddable":true,"href":"https:\/\/www.europesays.com\/es\/wp-json\/wp\/v2\/tags?post=188514"}],"curies":[{"name":"wp","href":"https:\/\/api.w.org\/{rel}","templated":true}]}}