{"id":188543,"date":"2025-10-20T04:23:08","date_gmt":"2025-10-20T04:23:08","guid":{"rendered":"https:\/\/www.europesays.com\/es\/188543\/"},"modified":"2025-10-20T04:23:08","modified_gmt":"2025-10-20T04:23:08","slug":"las-claves-del-robo-en-el-louvre-siete-minutos-cuatro-asaltantes-y-una-escalera-para-acceder-a-las-joyas-de-la-corona-cultura","status":"publish","type":"post","link":"https:\/\/www.europesays.com\/es\/188543\/","title":{"rendered":"Las claves del robo en el Louvre: siete minutos, cuatro asaltantes y una escalera para acceder a las joyas de la Corona | Cultura"},"content":{"rendered":"<p class=\"\"><a href=\"https:\/\/elpais.com\/cultura\/2025-10-19\/un-intento-de-atraco-en-el-louvre-lleva-al-cierre-del-museo-durante-todo-el-dia.html\" target=\"_self\" rel=\"nofollow noopener\" title=\"https:\/\/elpais.com\/cultura\/2025-10-19\/un-intento-de-atraco-en-el-louvre-lleva-al-cierre-del-museo-durante-todo-el-dia.html\">El golpe que ha sufrido este domingo el Museo del Louvre<\/a> se califica ya como el mayor robo en la pinacoteca en un siglo, un atraco de pel\u00edcula. El valor de las piezas sustra\u00eddas es dif\u00edcilmente calculable, porque forman parte de la historia de Francia. Los asaltantes quebraron la seguridad del museo m\u00e1s visitado del mundo, dieron el golpe en siete minutos y huyeron en motos de gran cilindrada. <\/p>\n<p>M\u00e1s informaci\u00f3n\u00bfC\u00f3mo pudieron acceder los asaltantes al museo?<\/p>\n<p class=\"\">Los asaltantes fueron cuatro. Llegaron al museo, dos en motos de gran cilindrada, otros dos en un veh\u00edculo. El centro acababa de abrir. Eran entre las 9.30 y 9.40 de la ma\u00f1ana y ya hab\u00eda gente dentro. Accedieron al interior a trav\u00e9s la fachada situada en el lado que da al r\u00edo Sena, por una escalera mecanizada como las que se utilizan en las mudanzas y entraron por un balc\u00f3n a la galer\u00eda de Apolo, situada en el primer piso. Los encapuchados amenazaron a los agentes presentes en la sala con las mismas radiales con las que luego rompieron las vitrinas para que no se acercaran. Se llevaron nueve piezas.<\/p>\n<p class=\"\">Despu\u00e9s huyeron como llegaron: en moto. Toda la operaci\u00f3n dur\u00f3 unos siete minutos. Seg\u00fan han confirmado tanto el ministro de Interior, Laurent Nu\u00f1ez, como la titular de Cultura, Rachida Dati, est\u00e1 claro que trata de ladrones profesionales, que \u201chab\u00edan hecho previamente un reconocimiento de la zona\u201d, para saber por d\u00f3nde pod\u00edan acceder. La fiscal de la Rep\u00fablica, Laure Beccuau, ha apuntado a un comando organizado. <\/p>\n<p class=\"\">Se ha abierto una investigaci\u00f3n por robo en banda organizada y de momento no se ha encontrado a los asaltantes. <a href=\"\" rel=\"\">De las nueve piezas robadas, la polic\u00eda ha encontrado una, una corona que perteneci\u00f3 a Eugenia de Montijo, que perdieron en su huida. Por lo tanto, ocho piezas segu\u00edan desaparecidas este domingo por la noche. <\/a><\/p>\n<p>\u00bfC\u00f3mo sortearon la seguridad del Louvre?<\/p>\n<p class=\"\">Es la gran pregunta. El Museo del Louvre es uno de los emblemas nacionales, <a href=\"https:\/\/elpais.com\/cultura\/2019\/01\/03\/actualidad\/1546510665_507360.html\" target=\"_self\" rel=\"nofollow noopener\" title=\"https:\/\/elpais.com\/cultura\/2019\/01\/03\/actualidad\/1546510665_507360.html\">la pinacoteca m\u00e1s visitada de Francia y del mundo<\/a>. Por tanto, de las m\u00e1s protegidas. En 2024 pasaron por sus salas 8,9 millones de personas, unas 30.000 cada d\u00eda. Dos tercios son turistas extranjeros. Inaugurado en 1793, tiene un total de 24 hect\u00e1reas y es el museo m\u00e1s grande del mundo. Tiene la mayor colecci\u00f3n de arte antiguo, con m\u00e1s de 30.000 obras expuestas. Entre las m\u00e1s emblem\u00e1ticas y visitadas est\u00e1 la Gioconda, la Victoria de Samotracia o la Venus de Milo. Seg\u00fan el comunicado del Ministerio de Cultura, el \u201crobo fue r\u00e1pido y brutal\u201d y cinco agentes presentes en la sala y en otras anexas activaron r\u00e1pidamente el protocolo de seguridad: llamar a las fuerzas del orden y evacuar al zona. La fiscal detall\u00f3 que las alarmas funcionaron, pero que \u201co los agentes no las escucharon o no sonaron en la Galer\u00eda\u201d. <\/p>\n<p> \u00bfQu\u00e9 piezas contiene la galer\u00eda de Apolo? <\/p>\n<p class=\"\">La galer\u00eda de Apolo est\u00e1 en el lado sur del Museo del Louvre y en ella se exponen las piezas m\u00e1s importantes de la historia de Francia, lo que queda de las joyas de la Corona. Su valor patrimonial es por ello incalculable. Es una de las galer\u00edas m\u00e1s espectaculares de la pinacoteca y de las m\u00e1s visitadas. Adem\u00e1s de obras y frescos, expone un total de 23 joyas, algunas anteriores a la Revoluci\u00f3n Francesa, entre ellas los diamantes m\u00e1s valiosos de la colecci\u00f3n, Regent y Sancy. <a href=\"https:\/\/elpais.com\/noticias\/napoleon-bonaparte\/\" target=\"_self\" rel=\"nofollow noopener\" title=\"https:\/\/elpais.com\/noticias\/napoleon-bonaparte\/\">Tambi\u00e9n hay joyas de la \u00e9poca de Napole\u00f3n Bonaparte<\/a>, durante el Primer Imperio, y del Segundo. De esta \u00e9poca se exponen las joyas que pertenecieron a Eugenia de Montijo, esposa de Napole\u00f3n III. La sala fue renovada en 2019 y fue inaugurada en enero de 2020. <\/p>\n<p>\u00bfQu\u00e9 se sabe de las piezas robadas?<\/p>\n<p class=\"\">El listado se ha comunicado oficialmente a \u00faltima hora. Se trata de nueve piezas, joyas de un valor incalculable, que pertenecieron a las reinas Mar\u00eda Amelia, esposa de Luis Felipe I, y Hortensia, casada con Luis Bonaparte y madre del emperador Napole\u00f3n II. Entre las joyas hay una diadema, un collar de zafiros, dos pares de pendientes, un collar de esmeraldas, una diadema de la emperatriz Eugenia de Montijo, as\u00ed como dos broches. <\/p>\n<p class=\"\">Piezas con esmeraldas, oro, zafiros y diamantes, pero sobre todo \u201cde un valor patrimonial incalculable\u201d, seg\u00fan la fiscal. De las nueve piezas sustra\u00eddas, solo se ha recuperado la corona que perteneci\u00f3 a la Emperatriz Eugenia de Montijo, una joya con m\u00e1s de 1.300 diamantes y 56 esmeraldas que ha aparecido fuera del museo, al perderla los asaltantes durante su huida. <\/p>\n<p>\u00bfEl Louvre ha sufrido otros robos?<\/p>\n<p class=\"\">No es el primer asalto que tiene lugar en el emblem\u00e1tico museo. <a href=\"https:\/\/elpais.com\/cultura\/2025-10-19\/los-grandes-robos-de-arte-de-la-historia-de-la-gioconda-a-un-valiosisimo-vermeer.html\" target=\"_self\" rel=\"nofollow noopener\" title=\"https:\/\/elpais.com\/cultura\/2025-10-19\/los-grandes-robos-de-arte-de-la-historia-de-la-gioconda-a-un-valiosisimo-vermeer.html\">El robo m\u00e1s sonado fue el de la Gioconda<\/a>, obra de Leonardo Da Vinci y la pieza m\u00e1s visitada. Ocurri\u00f3 el 21 de agosto de 1911, cuando el italiano Vicenzo Peruggia, un antiguo empleado, accedi\u00f3 a la pinacoteca cuando estaba cerrada y se llev\u00f3 el cuadro. Nadie se dio cuenta hasta el d\u00eda siguiente. Se recuper\u00f3 la obra dos a\u00f1os despu\u00e9s. La Gioconda ha sufrido otros actos vand\u00e1licos y en enero del a\u00f1o pasado dos activistas arrojaron sopa sobre el cuadro. Como est\u00e1 protegido por un cristal, no sufri\u00f3 da\u00f1os.<\/p>\n<p>\u00bfHay un problema de seguridad en los museos franceses?<\/p>\n<p class=\"\">Este ins\u00f3lito atraco digno de pel\u00edcula <a href=\"https:\/\/elpais.com\/cultura\/2025-10-19\/ladrones-de-guante-facil-en-el-museo-del-louvre.html\" target=\"_self\" rel=\"nofollow noopener\" title=\"https:\/\/elpais.com\/cultura\/2025-10-19\/ladrones-de-guante-facil-en-el-museo-del-louvre.html\">pone en evidencia las fisuras que hay en la seguridad en algunos museos franceses<\/a>, pues en las \u00faltimas semanas se han producido asaltos en tres centros del pa\u00eds. El domingo de la semana pasada cuatro individuos entraron con un arma en el Museo Jacques Chirac, en Corr\u00e8ze, en el centro oeste del pa\u00eds. Tambi\u00e9n fue de d\u00eda y se llevaron un reloj de colecci\u00f3n. Lograron huir, pero fueron detenidos d\u00edas despu\u00e9s. <\/p>\n<p class=\"\">El Museo Nacional de Historia Natural, en Par\u00eds, tambi\u00e9n fue asaltado hace unas semanas. Varios individuos accedieron al interior y se llevaron varias piezas de oro, valoradas en 600.000 euros. En la noche del 3 al 4 de septiembre, la alarma son\u00f3 de madrugada en el Museo Adrien Debouch\u00e9, en Limoges, en el suroeste. El centro posee una vasta colecci\u00f3n de cer\u00e1micas. Los ladrones rompieron una ventana, accedieron a una de las galer\u00edas de la pinacoteca y se llevaron varias cer\u00e1micas chinas de los siglos XIV y XV, cuyo valor se estima en siete millones de euros. Como dijo este domingo la presidenta del Museo del Louvre, Laurence des Car, estos hechos demuestran que \u201cnuestros museos ya no son santuarios\u201d. <\/p>\n","protected":false},"excerpt":{"rendered":"El golpe que ha sufrido este domingo el Museo del Louvre se califica ya como el mayor robo&hellip;\n","protected":false},"author":2,"featured_media":188544,"comment_status":"","ping_status":"","sticky":false,"template":"","format":"standard","meta":{"footnotes":""},"categories":[173],"tags":[229,233,231,230,209,232,234,146,147,25,24,52892,4016,41530,3873,52564,4759,11989,23],"class_list":{"0":"post-188543","1":"post","2":"type-post","3":"status-publish","4":"format-standard","5":"has-post-thumbnail","7":"category-arte-y-diseno","8":"tag-arte","9":"tag-arte-y-diseno","10":"tag-arts","11":"tag-arts-and-design","12":"tag-cultura","13":"tag-design","14":"tag-diseno","15":"tag-entertainment","16":"tag-entretenimiento","17":"tag-es","18":"tag-espana","19":"tag-eugenia-de-montijo","20":"tag-joyas","21":"tag-museo-del-louvre","22":"tag-museos","23":"tag-napoleon-bonaparte","24":"tag-paris","25":"tag-robos","26":"tag-spain"},"share_on_mastodon":{"url":"","error":""},"_links":{"self":[{"href":"https:\/\/www.europesays.com\/es\/wp-json\/wp\/v2\/posts\/188543","targetHints":{"allow":["GET"]}}],"collection":[{"href":"https:\/\/www.europesays.com\/es\/wp-json\/wp\/v2\/posts"}],"about":[{"href":"https:\/\/www.europesays.com\/es\/wp-json\/wp\/v2\/types\/post"}],"author":[{"embeddable":true,"href":"https:\/\/www.europesays.com\/es\/wp-json\/wp\/v2\/users\/2"}],"replies":[{"embeddable":true,"href":"https:\/\/www.europesays.com\/es\/wp-json\/wp\/v2\/comments?post=188543"}],"version-history":[{"count":0,"href":"https:\/\/www.europesays.com\/es\/wp-json\/wp\/v2\/posts\/188543\/revisions"}],"wp:featuredmedia":[{"embeddable":true,"href":"https:\/\/www.europesays.com\/es\/wp-json\/wp\/v2\/media\/188544"}],"wp:attachment":[{"href":"https:\/\/www.europesays.com\/es\/wp-json\/wp\/v2\/media?parent=188543"}],"wp:term":[{"taxonomy":"category","embeddable":true,"href":"https:\/\/www.europesays.com\/es\/wp-json\/wp\/v2\/categories?post=188543"},{"taxonomy":"post_tag","embeddable":true,"href":"https:\/\/www.europesays.com\/es\/wp-json\/wp\/v2\/tags?post=188543"}],"curies":[{"name":"wp","href":"https:\/\/api.w.org\/{rel}","templated":true}]}}