{"id":18856,"date":"2025-08-01T16:13:10","date_gmt":"2025-08-01T16:13:10","guid":{"rendered":"https:\/\/www.europesays.com\/es\/18856\/"},"modified":"2025-08-01T16:13:10","modified_gmt":"2025-08-01T16:13:10","slug":"laura-sanchez-felicita-con-ternura-a-su-hija-naia-ocio-por-su-cumpleanos","status":"publish","type":"post","link":"https:\/\/www.europesays.com\/es\/18856\/","title":{"rendered":"Laura S\u00e1nchez felicita con ternura a su hija Naia Ocio por su cumplea\u00f1os"},"content":{"rendered":"<p><img fetchpriority=\"high\" class=\"v-a-img\" src=\"https:\/\/www.europesays.com\/es\/wp-content\/uploads\/2025\/08\/naiaiocio-img-kxXC-U2302539256304qHI-1200x840@El Correo.PNG\" loading=\"eager\" decoding=\"async\" alt=\"Laura S\u00e1nchez felicita con ternura a su hija Naia Ocio por su cumplea\u00f1os\"  width=\"1200\" height=\"840\"\/><\/p>\n<p>Instagram (@laurasanchezofi)        <\/p>\n<p>La actriz y modelo dedica un v\u00eddeo y un mensaje de orgullo a su hija Naia, futbolista que actualmente vive y estudia en Estados Unidos<\/p>\n<p class=\"v-mdl-ath__p v-mdl-ath__p--6\">\nViernes, 1 de agosto 2025, 17:42<\/p>\n<p class=\"v-p\">Laura S\u00e1nchez, conocida por su papel de Pepa Miranda en Los hombres de Paco, ha compartido un emotivo mensaje de cumplea\u00f1os en Instagram dirigido a su hija Naia Ocio, fruto de su relaci\u00f3n con el exfutbolista del Athletic Aitor Ocio.<\/p>\n<p class=\"v-p\">En la publicaci\u00f3n, Laura acompa\u00f1a un v\u00eddeo de su hija, compartiendo recuerdos de las dos juntas (como un viaje por la Toscana), con el siguiente texto: \u00abQu\u00e9 bonita eres mi vida\u2026 tu sonrisa y tu personalidad te hacen grande mi amor\u2026 estoy tan orgullosa de ti que no tengo palabras para describirlo\u2026 solo decirte que sigas as\u00ed, lo est\u00e1s haciendo muuuuy bien\u2026 FELIZ CUMPLEA\u00d1OS GORDITA @naia_ocio TE AMO.\u00bb<\/p>\n<p class=\"v-p\">La joven, que actualmente reside en Connecticut (Estados Unidos) donde cursa estudios universitarios y se forma como futbolista, cumple 19 a\u00f1os, siguendo los pasos de su padre.<\/p>\n<p><a href=\"http:\/\/www.elcorreo.com\/gente-estilo\/viaje-camper-naia-hija-aitor-ocio-madre-20250716110051-nt.html#vtm_modulosEngag=mod-rel:sociedad:noticia:1:cmp:1-not\" class=\"v-a-link\" aria-label=\"Imagen\" rel=\"nofollow noopener\" target=\"_blank\"><\/p>\n<p><img decoding=\"async\" loading=\"lazy\" src=\"https:\/\/www.europesays.com\/es\/wp-content\/uploads\/2025\/08\/naia-aitor-ocio-roma-kvSH--366x256@El Correo.JPG\" class=\"v-a-img\" width=\"258\" height=\"180\" alt=\"\" data-voc-vtm-id=\"in-text-traffic\"\/><\/p>\n<p><\/a><\/p>\n<p class=\"v-p\">Por su parte, Aitor Ocio ha mostrado en redes sus felicitaciones a su hija, compartiendo un conjunto de fotos que recorren toda la vida de Naia en una publicaci\u00f3n en su cuenta de Instagram: \u00abFeliz de haber compartido contigo este &#8216;viaje&#8217; de vida y lo que nos queda. Te quiero Vikinga\u00bb<\/p>\n<p>Comenta<\/p>\n<p>Reporta un error<\/p>\n","protected":false},"excerpt":{"rendered":"Instagram (@laurasanchezofi) La actriz y modelo dedica un v\u00eddeo y un mensaje de orgullo a su hija Naia,&hellip;\n","protected":false},"author":2,"featured_media":18857,"comment_status":"","ping_status":"","sticky":false,"template":"","format":"standard","meta":{"footnotes":""},"categories":[174],"tags":[255,6996,146,147,25,24,256,11660,3983,3459,11662,3799,199,23,11661],"class_list":{"0":"post-18856","1":"post","2":"type-post","3":"status-publish","4":"format-standard","5":"has-post-thumbnail","7":"category-famosos","8":"tag-celebrities","9":"tag-cumpleanos","10":"tag-entertainment","11":"tag-entretenimiento","12":"tag-es","13":"tag-espana","14":"tag-famosos","15":"tag-felicita","16":"tag-hija","17":"tag-laura","18":"tag-naia","19":"tag-ocio","20":"tag-sanchez","21":"tag-spain","22":"tag-ternura"},"share_on_mastodon":{"url":"","error":""},"_links":{"self":[{"href":"https:\/\/www.europesays.com\/es\/wp-json\/wp\/v2\/posts\/18856","targetHints":{"allow":["GET"]}}],"collection":[{"href":"https:\/\/www.europesays.com\/es\/wp-json\/wp\/v2\/posts"}],"about":[{"href":"https:\/\/www.europesays.com\/es\/wp-json\/wp\/v2\/types\/post"}],"author":[{"embeddable":true,"href":"https:\/\/www.europesays.com\/es\/wp-json\/wp\/v2\/users\/2"}],"replies":[{"embeddable":true,"href":"https:\/\/www.europesays.com\/es\/wp-json\/wp\/v2\/comments?post=18856"}],"version-history":[{"count":0,"href":"https:\/\/www.europesays.com\/es\/wp-json\/wp\/v2\/posts\/18856\/revisions"}],"wp:featuredmedia":[{"embeddable":true,"href":"https:\/\/www.europesays.com\/es\/wp-json\/wp\/v2\/media\/18857"}],"wp:attachment":[{"href":"https:\/\/www.europesays.com\/es\/wp-json\/wp\/v2\/media?parent=18856"}],"wp:term":[{"taxonomy":"category","embeddable":true,"href":"https:\/\/www.europesays.com\/es\/wp-json\/wp\/v2\/categories?post=18856"},{"taxonomy":"post_tag","embeddable":true,"href":"https:\/\/www.europesays.com\/es\/wp-json\/wp\/v2\/tags?post=18856"}],"curies":[{"name":"wp","href":"https:\/\/api.w.org\/{rel}","templated":true}]}}