{"id":188572,"date":"2025-10-20T04:43:09","date_gmt":"2025-10-20T04:43:09","guid":{"rendered":"https:\/\/www.europesays.com\/es\/188572\/"},"modified":"2025-10-20T04:43:09","modified_gmt":"2025-10-20T04:43:09","slug":"hemos-perdido-la-actitud-que-nos-caracteriza","status":"publish","type":"post","link":"https:\/\/www.europesays.com\/es\/188572\/","title":{"rendered":"Hemos perdido la actitud que nos caracteriza"},"content":{"rendered":"<p class=\"paragraph\">El <b>entrenador del Casademont Zaragoza, Carlos Cantero, <\/b>reconoci\u00f3 que su equipo <a href=\"https:\/\/www.heraldo.es\/noticias\/deportes\/baloncesto\/2025\/10\/19\/partido-gernika-casademont-zaragoza-en-directo-1863050.html\" title=\"El Casademont Zaragoza sufre un severo correctivo en la pista del Gernika\" rel=\"nofollow noopener\" target=\"_blank\">mereci\u00f3 la derrota en la pista del Gernika (97-83), <\/a>en el partido de la tercera jornada de la Liga Femenina, ya que \u00abperdi\u00f3 la actitud que le caracteriza\u00bb y \u00abcometi\u00f3 errores clave\u00bb ante un rival muy exigente en sus actuaciones como local.\u00a0<\/p>\n<p class=\"paragraph\">Y eso que el conjunto aragon\u00e9s <b>inici\u00f3 el choque de manera ilusionante,<\/b> lo que le permiti\u00f3 cerrar el primer cuarto con una ventaja de 11 puntos en el marcador (19-30). \u00abEl partido comenz\u00f3 muy bien, especialmente en la parte ofensiva. Sin embargo, ah\u00ed ya se notaban algunos problemas en la defensa\u00bb, advirti\u00f3 Cantero, quien ya hab\u00eda advertido de \u00abla dificultad que supone jugar en la pista del Gernika\u00bb.\u00a0<\/p>\n<p class=\"paragraph\">\u00abSab\u00eda que si no solucion\u00e1bamos esos fallos defensivos, acabar\u00edan afectando tambi\u00e9n a nuestro ataque, y as\u00ed ha sido -a\u00f1adi\u00f3 el t\u00e9cnico-. Ni hemos dado ese paso adelante en defensa, <b>ni tampoco hemos sabido mantener la solidez en ataque <\/b>que est\u00e1bamos mostrando, as\u00ed que avabamos perdiendo la actitud que nos caracteriza. Poco a poco fuimos cayendo en un bache del que no hemos logrado salir\u00bb, analiz\u00f3 el preparador del Casademont Zaragoza.<\/p>\n<p>Altibajos<\/p>\n<p class=\"paragraph\">Nos la primera vez que el conjunto aragon\u00e9s presenta importantes altibajos en su rendimiento. \u00abNos sucede con cierta frecuencia, pero como cuerpo t\u00e9cnico intentamos que sean lo m\u00e1s cortos posible. Ahora toca cambiar la actitud y la concentraci\u00f3n,<b> aspectos que hemos entrenado mucho<\/b> y que, sin duda, nos ayudar\u00e1n a recuperar los conceptos que nos definen como equipo\u00bb, anunci\u00f3 el entrenador de las zaragozanas.\u00a0<\/p>\n<p class=\"paragraph\">\u00abTenemos que<b> creer en lo que somos<\/b> y en el buen equipo que podemos llegar a ser, recuperando la disciplina que en algunos momentos del partido nos ha faltado\u00bb, sostuvo el t\u00e9cnico tras la dura derrota en tierras vascas.\u00a0<\/p>\n<p class=\"paragraph\">Ante el Gernika no pudo jugar Merrit Hempe, por unas molestias f\u00edsicas, mientras que Carla Leite se retir\u00f3 lesionada antes del descanso. \u00abAunque no haya lesiones graves, estas bajas son un reto para el equipo y debemos estar preparados para ello; no pueden servir de excusa para la derrota\u00bb, afirm\u00f3 Cantero, quien explic\u00f3 que Leite sufri\u00f3 <b>\u00abuna torcedura de tobillo\u00bb,<\/b> de la que se encontraba \u00aben la fase aguda del dolor\u00bb, mientrs que Hempe llevaba un tiempo \u00abarrastrando molestias en el cuello\u00bb que le hab\u00edan limitado mucho \u00abhasta el punto de no poder agacharse o moverse con normalidad\u00bb.<\/p>\n","protected":false},"excerpt":{"rendered":"El entrenador del Casademont Zaragoza, Carlos Cantero, reconoci\u00f3 que su equipo mereci\u00f3 la derrota en la pista del&hellip;\n","protected":false},"author":2,"featured_media":188573,"comment_status":"","ping_status":"","sticky":false,"template":"","format":"standard","meta":{"footnotes":""},"categories":[269],"tags":[7713,299,298,52899,2511,168,2226,25,24,23,167,491],"class_list":{"0":"post-188572","1":"post","2":"type-post","3":"status-publish","4":"format-standard","5":"has-post-thumbnail","7":"category-baloncesto","8":"tag-actitud","9":"tag-baloncesto","10":"tag-basketball","11":"tag-caracteriza","12":"tag-casademont","13":"tag-deportes","14":"tag-entrenador","15":"tag-es","16":"tag-espana","17":"tag-spain","18":"tag-sports","19":"tag-zaragoza"},"share_on_mastodon":{"url":"","error":""},"_links":{"self":[{"href":"https:\/\/www.europesays.com\/es\/wp-json\/wp\/v2\/posts\/188572","targetHints":{"allow":["GET"]}}],"collection":[{"href":"https:\/\/www.europesays.com\/es\/wp-json\/wp\/v2\/posts"}],"about":[{"href":"https:\/\/www.europesays.com\/es\/wp-json\/wp\/v2\/types\/post"}],"author":[{"embeddable":true,"href":"https:\/\/www.europesays.com\/es\/wp-json\/wp\/v2\/users\/2"}],"replies":[{"embeddable":true,"href":"https:\/\/www.europesays.com\/es\/wp-json\/wp\/v2\/comments?post=188572"}],"version-history":[{"count":0,"href":"https:\/\/www.europesays.com\/es\/wp-json\/wp\/v2\/posts\/188572\/revisions"}],"wp:featuredmedia":[{"embeddable":true,"href":"https:\/\/www.europesays.com\/es\/wp-json\/wp\/v2\/media\/188573"}],"wp:attachment":[{"href":"https:\/\/www.europesays.com\/es\/wp-json\/wp\/v2\/media?parent=188572"}],"wp:term":[{"taxonomy":"category","embeddable":true,"href":"https:\/\/www.europesays.com\/es\/wp-json\/wp\/v2\/categories?post=188572"},{"taxonomy":"post_tag","embeddable":true,"href":"https:\/\/www.europesays.com\/es\/wp-json\/wp\/v2\/tags?post=188572"}],"curies":[{"name":"wp","href":"https:\/\/api.w.org\/{rel}","templated":true}]}}