{"id":188576,"date":"2025-10-20T04:45:14","date_gmt":"2025-10-20T04:45:14","guid":{"rendered":"https:\/\/www.europesays.com\/es\/188576\/"},"modified":"2025-10-20T04:45:14","modified_gmt":"2025-10-20T04:45:14","slug":"julian-contreras-podria-estar-preparando-una-serie-sobre-la-vida-de-carmina-ordonez","status":"publish","type":"post","link":"https:\/\/www.europesays.com\/es\/188576\/","title":{"rendered":"Juli\u00e1n Contreras podr\u00eda estar preparando una serie sobre la vida de Carmina Ord\u00f3\u00f1ez"},"content":{"rendered":"<p data-journey-content=\"true\" data-node-id=\"3\" class=\"css-6wxqfj emevuu60\"><strong data-node-id=\"3.0\">Juli\u00e1n Contreras vuelve a ser protagonista de la cr\u00f3nica social de esta semana.<\/strong> Primero por su relaci\u00f3n Lourdes Montes y ahora por un proyecto audiovisual que podr\u00eda romper para siempre su relaci\u00f3n con los hermanos Rivera. La dise\u00f1adora concedi\u00f3 una entrevista en &#8216;Y ahora Sonsoles&#8217; en la que hablaba de <a href=\"https:\/\/www.diezminutos.es\/famosos-corazon\/famosos-espanoles\/a69045769\/lourdes-montes-entrevista-julian-contreras-relacion-enfado\/\" target=\"_blank\" data-vars-ga-outbound-link=\"https:\/\/www.diezminutos.es\/famosos-corazon\/famosos-espanoles\/a69045769\/lourdes-montes-entrevista-julian-contreras-relacion-enfado\/\" data-vars-ga-ux-element=\"Hyperlink\" data-vars-ga-call-to-action=\"su relaci\u00f3n con el hermano peque\u00f1o de Fran Rivera. \" data-node-id=\"3.2\" class=\"body-link css-177bzfx emevuu60\" rel=\"nofollow noopener\">su relaci\u00f3n con el hermano peque\u00f1o de Fran Rivera. <\/a>\u00abEra con el que mejor me llevaba, le quer\u00eda mucho, y de pronto descubr\u00ed un Juli\u00e1n que no conoc\u00eda y me defraud\u00f3.<strong data-node-id=\"3.4\"> Su cari\u00f1o y su apego no era real, era interesado y me doli\u00f3<\/strong>. Con \u00e9l hab\u00eda v\u00ednculo, no era un hermano que estaba ausente como Kiko\u00bb, dec\u00eda hace unas semanas. D\u00edas despu\u00e9s era \u00e9l que se pronunciaba en una entrevista poniendo en duda la versi\u00f3n que se habr\u00eda contado.<\/p>\n<p data-journey-content=\"true\" data-node-id=\"6\" class=\"css-6wxqfj emevuu60\">\u00abNo les import\u00f3 que casi me suicidase. <strong data-node-id=\"6.1\">Francisco vive por y para la galer\u00eda. Todo es mostrar perfecci\u00f3n<\/strong>. Pero re\u00edrse de la enfermedad de mi padre es de ser un miserable. O Lourdes lo es, o se ha vuelto as\u00ed al lado del que est\u00e1\u00bb, dijo Juli\u00e1n en respuesta a las palabras de la dise\u00f1adora de moda en una entrevista en &#8216;Lecturas&#8217;. <\/p>\n<p>El proyecto de Juli\u00e1n Contreras que podr\u00eda dinamitar su relaci\u00f3n con los hermanos Rivera<\/p>\n<p data-journey-content=\"true\" data-node-id=\"9\" class=\"css-6wxqfj emevuu60\">Y, ahora,  parece que la guerra entre los hermanos Rivera con Juli\u00e1n Contreras est\u00e1 a punto de recrudecerse. &#8216;Fiesta&#8217; ha desvelado qu<strong data-node-id=\"9.1\">e Juli\u00e1n Contreras tiene en manos un proyecto audiovisual que dinamitar\u00e1 del todo su relaci\u00f3n con sus hermanos<\/strong>. Concretamente el hijo peque\u00f1o de Carmina Ord\u00f3\u00f1ez estar\u00eda planeando una serie sobre la vida de su madre a escondidas de sus hermanos, Fran y Cayetano Rivera. <\/p>\n<p data-journey-content=\"true\" data-node-id=\"13\" class=\"css-6wxqfj emevuu60\">\u00abEst\u00e1 en <strong data-node-id=\"13.1\">conversaciones avanzadas con la productora de Los Javis<\/strong>, Javier Calvo y Javier Ambrossi, porque pretende hacer un &#8216;biopic&#8217; de la madre. No s\u00e9 si basado en el libro que escribi\u00f3 o de la historia de su madre sin el consentimiento de los hermanos\u00bb, ha asegurado Amor Romeira en el plat\u00f3 de Telecinco.<\/p>\n<p><img draggable=\"true\" alt=\"los hijos de carmina ord\u00f3\u00f1ez\" title=\"Los hijos de Carmina Ord\u00f3\u00f1ez\" loading=\"lazy\" width=\"1500\" height=\"1088\" decoding=\"async\" data-nimg=\"1\" style=\"color:transparent;width:100%;height:auto;\"   src=\"https:\/\/www.europesays.com\/es\/wp-content\/uploads\/2025\/10\/hijos-carmina-ordn-ez-1590506288.jpg\" class=\"css-0 e1g79fud0\"\/><\/p>\n<p>Agencias<\/p>\n<p data-journey-content=\"true\" data-node-id=\"16\" class=\"css-6wxqfj emevuu60\">Recordemos que los directores y actores tienen una productora que contado la vida de otras divas espa\u00f1olas como  Superstar&#8217;, basada en la vida de Tamara, o &#8216;Veneno&#8217; sobre Cristina La Veneno. Y ahora podr\u00edan contar la vida de Carmina Ord\u00f3\u00f1ez desde la perspectiva de su hijo peque\u00f1o. Juli\u00e1n siempre permaneci\u00f3 al lado de su madre, hasta en sus peores momentos. <\/p>\n<p>Un amor desmesurado por su madre<\/p>\n<p data-journey-content=\"true\" data-node-id=\"19\" class=\"css-6wxqfj emevuu60\">El joven ha contado en innumerables ocasiones la dura infancia que le toc\u00f3 vivir al lado de su madre.  \u00abEstaba en medio de fiestas de adultos hasta alt\u00edsimas horas de la madrugada, casi entrada la ma\u00f1ana. Evidentemente, pues no son ambientes para un ni\u00f1o. Pero no part\u00eda de una actitud descuidada o de una negligencia, parte de un exceso de amor y de cari\u00f1o. Casi de posesi\u00f3n\u00bb, relataba  Juli\u00e1n.<\/p>\n<p><img draggable=\"true\" alt=\"Juli\u00e1n Contreras rememora uno de los episodios m\u00e1s oscuros de su infancia.\" title=\"Juli\u00e1n Contreras y Carmina Ord\u00f3\u00f1ez\" loading=\"lazy\" width=\"1200\" height=\"733\" decoding=\"async\" data-nimg=\"1\" style=\"color:transparent;width:100%;height:auto;\"   src=\"https:\/\/www.europesays.com\/es\/wp-content\/uploads\/2025\/10\/julian-contreras-y-carmina-ordonez-1532076079.jpg\" class=\"css-0 e1g79fud0\"\/><\/p>\n<p>TVE<\/p>\n<p><img src=\"https:\/\/www.europesays.com\/es\/wp-content\/uploads\/2025\/10\/1760935514_406_4104b2dc-9d92-4a2f-a41f-327dc6377620_1734436473.jpg\" alt=\"Headshot of Valentina Vera\" title=\"Headshot of Valentina Vera\" width=\"100%\" height=\"100%\" decoding=\"async\" loading=\"lazy\" class=\"css-o0wq4v ev8dhu53\"\/><\/p>\n<p>Valentina Vera es una periodista experta en cr\u00f3nica rosa, realidad, &#8216;reality&#8217;, moda y belleza. Siempre al d\u00eda de las \u00faltimas novedades de los famosos nacionales e internacionales y de las casas reales europeas. Su trabajo como redactora le permite ser testigo de las bodas de los personajes m\u00e1s relevantes del panorama social; de alfombras rojas; de funerales de Estado o de acontecimientos hist\u00f3ricos: como la proclamaci\u00f3n de Felipe VI como Rey o la coronaci\u00f3n de Carlos III de Inglaterra.<br \/>\nLicenciada en Periodismo por la Universidad Complutense de Madrid. Comenz\u00f3 su andadura en el mundo del coraz\u00f3n en el a\u00f1o 2013 en la revista \u00a1Hola! Y desde 2014 forma parte del grupo Hearst, donde ha ido adquiriendo experiencia tanto en la edici\u00f3n impresa como en el formato web de la revista Diez Minutos.<br \/>\nEl medio digital le apasiona por la inmediatez en la que sus lectores pueden ser testigos de lo que sucede en la vida de los famosos desde cualquier parte del mundo. Instagram, Twitter y TikTok se han convertido en una herramienta m\u00e1s de informaci\u00f3n a la hora de crear, gestionar y organizar el contenido, ya que le permiten conocer la \u00faltima hora de lo que sucede en la vida de los famosos.<br \/>\nEn constante formaci\u00f3n de estrategias y t\u00e9cnicas de optimizaci\u00f3n digital para su trabajo como redactora, en la actualidad tambi\u00e9n se encuentra estudiando Diet\u00e9tica. Llevar un estilo de vida saludable es algo que le apasiona y cree que la nutrici\u00f3n es una parte fundamental.<\/p>\n","protected":false},"excerpt":{"rendered":"Juli\u00e1n Contreras vuelve a ser protagonista de la cr\u00f3nica social de esta semana. Primero por su relaci\u00f3n Lourdes&hellip;\n","protected":false},"author":2,"featured_media":188577,"comment_status":"","ping_status":"","sticky":false,"template":"","format":"standard","meta":{"footnotes":""},"categories":[174],"tags":[255,253,146,147,25,24,256,23],"class_list":{"0":"post-188576","1":"post","2":"type-post","3":"status-publish","4":"format-standard","5":"has-post-thumbnail","7":"category-famosos","8":"tag-celebrities","9":"tag-discover","10":"tag-entertainment","11":"tag-entretenimiento","12":"tag-es","13":"tag-espana","14":"tag-famosos","15":"tag-spain"},"share_on_mastodon":{"url":"","error":""},"_links":{"self":[{"href":"https:\/\/www.europesays.com\/es\/wp-json\/wp\/v2\/posts\/188576","targetHints":{"allow":["GET"]}}],"collection":[{"href":"https:\/\/www.europesays.com\/es\/wp-json\/wp\/v2\/posts"}],"about":[{"href":"https:\/\/www.europesays.com\/es\/wp-json\/wp\/v2\/types\/post"}],"author":[{"embeddable":true,"href":"https:\/\/www.europesays.com\/es\/wp-json\/wp\/v2\/users\/2"}],"replies":[{"embeddable":true,"href":"https:\/\/www.europesays.com\/es\/wp-json\/wp\/v2\/comments?post=188576"}],"version-history":[{"count":0,"href":"https:\/\/www.europesays.com\/es\/wp-json\/wp\/v2\/posts\/188576\/revisions"}],"wp:featuredmedia":[{"embeddable":true,"href":"https:\/\/www.europesays.com\/es\/wp-json\/wp\/v2\/media\/188577"}],"wp:attachment":[{"href":"https:\/\/www.europesays.com\/es\/wp-json\/wp\/v2\/media?parent=188576"}],"wp:term":[{"taxonomy":"category","embeddable":true,"href":"https:\/\/www.europesays.com\/es\/wp-json\/wp\/v2\/categories?post=188576"},{"taxonomy":"post_tag","embeddable":true,"href":"https:\/\/www.europesays.com\/es\/wp-json\/wp\/v2\/tags?post=188576"}],"curies":[{"name":"wp","href":"https:\/\/api.w.org\/{rel}","templated":true}]}}