{"id":188578,"date":"2025-10-20T04:46:09","date_gmt":"2025-10-20T04:46:09","guid":{"rendered":"https:\/\/www.europesays.com\/es\/188578\/"},"modified":"2025-10-20T04:46:09","modified_gmt":"2025-10-20T04:46:09","slug":"el-arco-de-santa-maria-cerrara-para-los-artistas-en-mayo-en-burgos-y-sera-museo-cidiano-en-un-ano","status":"publish","type":"post","link":"https:\/\/www.europesays.com\/es\/188578\/","title":{"rendered":"El Arco de Santa Mar\u00eda cerrar\u00e1 para los artistas en mayo en Burgos y ser\u00e1 Museo Cidiano en un a\u00f1o"},"content":{"rendered":"<p>Desde el principio ha parecido un empecinamiento de la alcaldesa, Cristina Ayala, casi a la altura de lo que le sucede con el inefable t\u00fanel de la calle Santander. Pero, a diferencia de \u00e9ste, que a\u00fan no parece del todo claro que vaya a ejecutarse, s\u00ed se antoja m\u00e1s cercana y factible la idea de convertir el Arco de Santa Mar\u00eda en un Museo Cidiano. Seg\u00fan ha sabido este peri\u00f3dico, este proyecto -aunque a\u00fan embrionario- tiene ya plazos bien marcados: el equipo de Gobierno quiere que este espacio tan simb\u00f3lico de la ciudad est\u00e9 consagrado al que en buena hora naci\u00f3 cuando se celebre el pr\u00f3ximo fin de semana cidiano, esto es, en octubre del a\u00f1o que viene. El que hasta ahora, y durante d\u00e9cadas, ha sido privilegiada y codiciada sala de exposiciones de artistas (esencialmente locales, pero tambi\u00e9n for\u00e1neos), dejar\u00e1 de serlo si, como parece, la que fuera una de las principales puertas de entrada a la ciudad termina dedic\u00e1ndose a la figura del universal guerrero castellano.<\/p>\n<p>El actual Arco de Santa Mar\u00eda, erigido durante el siglo XVI, fue el lugar que acogi\u00f3 las reuniones del Consistorio burgal\u00e9s hasta el XVIII, cuando se construy\u00f3 el edificio del hoy alberga las dependencias municipales. Siendo cierto que este hist\u00f3rico y singular edificio tiene resonancias cidianas (en su portada, junto al fundador de Castilla, Fern\u00e1n Gonz\u00e1lez, el de Burgos, Diego Porcelos, los simb\u00f3licos jueces de Castilla La\u00edn Calvo y Nu\u00f1o Rasura, y el emperador Carlos V, hay una efigie de Rodrigo D\u00edaz, adem\u00e1s de que en la llamada Sala Poridad se exhibe un presunto hueso del de Vivar, una reproducci\u00f3n de la espada Tizona que \u00e9ste, seg\u00fan el mito, blandi\u00f3 en las batallas,\u00a0 el cuadro El Cid y Do\u00f1a Jimena obra de Marceliano Santa Mar\u00eda, y algunos escudos alusivos al guerrero), no lo es menos que ha sido sin\u00f3nimo de encuentro con el arte, manteniendo su condici\u00f3n de centro cultural hist\u00f3rico art\u00edstico de enorme tir\u00f3n tambi\u00e9n para el turismo.<\/p>\n<p>Seg\u00fan las fuentes consultadas, la intenci\u00f3n del equipo de Gobierno pasa por dise\u00f1ar un museo \u00abcon el m\u00e1ximo rigor hist\u00f3rico, que est\u00e9 avalado por el conocimiento cient\u00edfico\u00bb, motivo por el cual en su concepci\u00f3n y dise\u00f1o se va a involucrar a la Universidad de Burgos. Respecto del contenido, habr\u00e1 que esperar a esta aportaci\u00f3n (no menor) de los expertos, pero parece claro que este es uno de los proyectos que el PP quiere sacar adelante esta legislatura. La regidora de la ciudad ha manifestado en m\u00e1s de una ocasi\u00f3n que el peso espec\u00edfico del Cid merece una promoci\u00f3n mayor y de forma permanente en aras de un mayor \u00abcrecimiento tur\u00edstico y cultural de la ciudad\u00bb que a su entender avala a\u00f1o tras a\u00f1o el fin de semana cidiano (Semana Cidiana ya) y con la mira puesta en la candidatura a Capital Cultural Europea en 2031.<\/p>\n<p><strong>(Informaci\u00f3n completa, en la edici\u00f3n impresa de Diario de Burgos de este lunes o <a href=\"https:\/\/suscripciones.promecal.es\/DIARIODEBURGOS\" target=\"_blank\" rel=\"nofollow noopener\">aqu\u00ed<\/a>)<\/strong><\/p>\n","protected":false},"excerpt":{"rendered":"Desde el principio ha parecido un empecinamiento de la alcaldesa, Cristina Ayala, casi a la altura de lo&hellip;\n","protected":false},"author":2,"featured_media":188579,"comment_status":"","ping_status":"","sticky":false,"template":"","format":"standard","meta":{"footnotes":""},"categories":[173],"tags":[52901,229,233,231,230,623,52900,52902,31989,232,234,146,147,25,24,241,50178,23,4664,31396],"class_list":{"0":"post-188578","1":"post","2":"type-post","3":"status-publish","4":"format-standard","5":"has-post-thumbnail","7":"category-arte-y-diseno","8":"tag-arco-de-santa-maria","9":"tag-arte","10":"tag-arte-y-diseno","11":"tag-arts","12":"tag-arts-and-design","13":"tag-burgos","14":"tag-burgos-cidiano","15":"tag-calle-santander","16":"tag-cristina-ayala","17":"tag-design","18":"tag-diseno","19":"tag-entertainment","20":"tag-entretenimiento","21":"tag-es","22":"tag-espana","23":"tag-exposiciones","24":"tag-marceliano-santa-maria","25":"tag-spain","26":"tag-turismo","27":"tag-universidad-de-burgos"},"share_on_mastodon":{"url":"","error":""},"_links":{"self":[{"href":"https:\/\/www.europesays.com\/es\/wp-json\/wp\/v2\/posts\/188578","targetHints":{"allow":["GET"]}}],"collection":[{"href":"https:\/\/www.europesays.com\/es\/wp-json\/wp\/v2\/posts"}],"about":[{"href":"https:\/\/www.europesays.com\/es\/wp-json\/wp\/v2\/types\/post"}],"author":[{"embeddable":true,"href":"https:\/\/www.europesays.com\/es\/wp-json\/wp\/v2\/users\/2"}],"replies":[{"embeddable":true,"href":"https:\/\/www.europesays.com\/es\/wp-json\/wp\/v2\/comments?post=188578"}],"version-history":[{"count":0,"href":"https:\/\/www.europesays.com\/es\/wp-json\/wp\/v2\/posts\/188578\/revisions"}],"wp:featuredmedia":[{"embeddable":true,"href":"https:\/\/www.europesays.com\/es\/wp-json\/wp\/v2\/media\/188579"}],"wp:attachment":[{"href":"https:\/\/www.europesays.com\/es\/wp-json\/wp\/v2\/media?parent=188578"}],"wp:term":[{"taxonomy":"category","embeddable":true,"href":"https:\/\/www.europesays.com\/es\/wp-json\/wp\/v2\/categories?post=188578"},{"taxonomy":"post_tag","embeddable":true,"href":"https:\/\/www.europesays.com\/es\/wp-json\/wp\/v2\/tags?post=188578"}],"curies":[{"name":"wp","href":"https:\/\/api.w.org\/{rel}","templated":true}]}}