{"id":188588,"date":"2025-10-20T04:51:18","date_gmt":"2025-10-20T04:51:18","guid":{"rendered":"https:\/\/www.europesays.com\/es\/188588\/"},"modified":"2025-10-20T04:51:18","modified_gmt":"2025-10-20T04:51:18","slug":"fornals-tambien-reino-en-villarreal","status":"publish","type":"post","link":"https:\/\/www.europesays.com\/es\/188588\/","title":{"rendered":"Fornals tambi\u00e9n rein\u00f3 en Villarreal"},"content":{"rendered":"<p style=\"\">Se ha llevado Antony todos los flashes y titulares del encuentro que el Real Betis empat\u00f3 (2-2) ante el Villarreal, con el segundo tanto del brasile\u00f1o en el descuento del duelo disputado el s\u00e1bado en La Cer\u00e1mica correspondiente a la novena jornada de LaLiga  &#8230; 25-26. No es para menos. El extremo de Osasco no estaba realizando su mejor encuentro, siempre con mucha presencia eso s\u00ed, pero fall\u00f3 pases y en las acciones por velocidad en la banda tampoco es que apretara demasiado a Pedraza primero y a Cardona despu\u00e9s.<\/p>\n<p class=\"voc-p\" style=\"\">Pero los buenos jugadores es lo que tienen, que aparecen, como ya hizo ante el Nottingham Forest para tambi\u00e9n igualar a dos el primer duelo europeo de este curso, para, con dos chispazos (pero qu\u00e9 chispazos) darle un gran punto al equipo de Manuel Pellegrini en el campo de uno de los rivales directos por las plazas Champions del curso pr\u00f3ximo.<\/p>\n<p class=\"voc-p\" style=\"\">Pero hablando de buenos jugadores, igualmente hay que detenerse en Pablo Fornals. El castellonense, criticado y pitado por la que fue su afici\u00f3n durante el partido, tambi\u00e9n rein\u00f3 sobre el c\u00e9sped del que fue su estadio con las dos asistencias para los dos tantos con los que Antony empat\u00f3 el partido. Con las dos del duelo en La Cer\u00e1mica, el &#8216;8&#8217; del Betis acumula cuatro pases decisivos de gol que, sumados a los dos tantos que ha marcado en lo que va de temporada, en el campo del Levante y ante la Real Sociedad en la Cartuja, suman un total de seis participaciones de gol, todas ellas en LaLiga.<\/p>\n<p class=\"voc-p\" style=\"\">Pero no s\u00f3lo es buen futbolista Fornals con el bal\u00f3n en los pies. Tambi\u00e9n destaca por su lectura de juego durante los partidos. Ante el Villarreal, una vez que Pau L\u00f3pez detuvo el bal\u00f3n a un tiro de un futbolista local, el centrocampista, ya situado en el doble pivote junto a Amrabat porque Lo Celso hab\u00eda entrado al partido, hizo un movimiento de desmarque por el centro que el meta b\u00e9tico vio y le pas\u00f3 la pelota. Ese movimiento y la conducci\u00f3n de bal\u00f3n antes de hacer la pared con Abde, provocaron que el Villarreal se descolocara en defensa. El equipo de Marcelino dej\u00f3 s\u00f3lo en la derecha a Antony y el castellonense vio ese hueco libre donde el brasile\u00f1o, de primeras y con su pierna izquierda, marc\u00f3 el que entonces era el 2 a 1 en el marcador.<\/p>\n<p class=\"voc-p\" style=\"\">Igualmente fue decisivo en la jugada del segundo gol. Pese a que ya estaba el descuento y el des\u00e1nimo se apoderaba de los seguidores b\u00e9ticos presentes en La Cer\u00e1mica porque su equipo pod\u00eda perder el segundo encuentro del curso, el temple y el control del bal\u00f3n y del juego que tuvieron Lo Celso y Fornals en la frontal del \u00e1rea permitieron encontrar el espacio donde estaba Antony, para que el exjugador del Manchester United se encargase de batir a Arnau Tenas y llevar la felicidad a todo el beticismo. Fornals, un futbolista tambi\u00e9n muy completo en la plantilla para Pellegrini.<\/p>\n","protected":false},"excerpt":{"rendered":"Se ha llevado Antony todos los flashes y titulares del encuentro que el Real Betis empat\u00f3 (2-2) ante&hellip;\n","protected":false},"author":2,"featured_media":188589,"comment_status":"","ping_status":"","sticky":false,"template":"","format":"standard","meta":{"footnotes":""},"categories":[93],"tags":[168,25,24,16831,9444,23,167,10560],"class_list":{"0":"post-188588","1":"post","2":"type-post","3":"status-publish","4":"format-standard","5":"has-post-thumbnail","7":"category-deportes","8":"tag-deportes","9":"tag-es","10":"tag-espana","11":"tag-fornals","12":"tag-reino","13":"tag-spain","14":"tag-sports","15":"tag-villarreal"},"share_on_mastodon":{"url":"","error":""},"_links":{"self":[{"href":"https:\/\/www.europesays.com\/es\/wp-json\/wp\/v2\/posts\/188588","targetHints":{"allow":["GET"]}}],"collection":[{"href":"https:\/\/www.europesays.com\/es\/wp-json\/wp\/v2\/posts"}],"about":[{"href":"https:\/\/www.europesays.com\/es\/wp-json\/wp\/v2\/types\/post"}],"author":[{"embeddable":true,"href":"https:\/\/www.europesays.com\/es\/wp-json\/wp\/v2\/users\/2"}],"replies":[{"embeddable":true,"href":"https:\/\/www.europesays.com\/es\/wp-json\/wp\/v2\/comments?post=188588"}],"version-history":[{"count":0,"href":"https:\/\/www.europesays.com\/es\/wp-json\/wp\/v2\/posts\/188588\/revisions"}],"wp:featuredmedia":[{"embeddable":true,"href":"https:\/\/www.europesays.com\/es\/wp-json\/wp\/v2\/media\/188589"}],"wp:attachment":[{"href":"https:\/\/www.europesays.com\/es\/wp-json\/wp\/v2\/media?parent=188588"}],"wp:term":[{"taxonomy":"category","embeddable":true,"href":"https:\/\/www.europesays.com\/es\/wp-json\/wp\/v2\/categories?post=188588"},{"taxonomy":"post_tag","embeddable":true,"href":"https:\/\/www.europesays.com\/es\/wp-json\/wp\/v2\/tags?post=188588"}],"curies":[{"name":"wp","href":"https:\/\/api.w.org\/{rel}","templated":true}]}}