{"id":188611,"date":"2025-10-20T05:09:09","date_gmt":"2025-10-20T05:09:09","guid":{"rendered":"https:\/\/www.europesays.com\/es\/188611\/"},"modified":"2025-10-20T05:09:09","modified_gmt":"2025-10-20T05:09:09","slug":"puerto-de-las-palmas-un-saludo-coreano-al-puerto-de-la-luz","status":"publish","type":"post","link":"https:\/\/www.europesays.com\/es\/188611\/","title":{"rendered":"PUERTO DE LAS PALMAS | Un saludo coreano al Puerto de La Luz"},"content":{"rendered":"<p class=\"ft-text ft-helper-closenews\"><strong>El martes se inaugur\u00f3, a la entrada del muelle de Santa Catalina, el <\/strong><strong>Greetingman<\/strong><strong>, una estatua que ha donado Corea del Sur a <\/strong><a class=\"ft-link ft-link--decoration\" href=\"https:\/\/www.laprovincia.es\/gran-canaria\/\" rel=\"nofollow noopener\" target=\"_blank\"><strong>Gran Canaria<\/strong><\/a> y que <strong>representa el saludo que practican los naturales del citado pa\u00eds asi\u00e1tico<\/strong> en agradecimiento por la amistad que se les brinda en los lugares del mundo donde se asientan los surcoreanos, <strong>constituyendo unas importantes colonias.<\/strong><\/p>\n<p class=\"ft-text\"><strong>Hace 60 a\u00f1os los coreanos llegaron a Las Palmas de Gran Canaria gracias al <\/strong><a class=\"ft-link ft-link--decoration\" href=\"https:\/\/www.laprovincia.es\/tags\/puerto-de-la-luz-y-de-las-palmas\/\" rel=\"nofollow noopener\" target=\"_blank\"><strong>Puerto de La Luz<\/strong><\/a>, donde la presencia de su flota pesquera ha sido una constante, arrastrando tras de s\u00ed a sus empresas y familias. <strong>En ocasiones han residido en nuestra Isla unas 4.000 personas en torno a la actividad de la pesca<\/strong>, aunque en la actualidad quedan un millar de componentes, algunos de los cuales est\u00e1n ya en la tercera generaci\u00f3n, <strong>formando incluso relaciones con familias canarias.<\/strong><\/p>\n<p class=\"ft-text\"><strong>Por lo tanto, este saludo, que es permanente en el coraz\u00f3n del puerto grancanario gracias al artista Yoo Young-ho<\/strong>, se est\u00e1 repartiendo por el mundo como <strong>agradecimiento a los pueblos que han acogido a sus compatriotas<\/strong>, como <strong>Uruguay, Panam\u00e1, M\u00e9xico y Vietnam.<\/strong> Por ello, <strong>es un gran honor que se haya escogido nuestra ciudad<\/strong>, testimoniando con ello <strong>los 75 a\u00f1os de relaciones diplom\u00e1ticas con Espa\u00f1a.<\/strong><\/p>\n<p class=\"ft-text\"><strong>La hospitalidad del pueblo canario se palpa de forma preferente en el puerto de La Isleta<\/strong>, donde cualquier ciudadano del mundo no es un extra\u00f1o y, sin lugar a dudas, <strong>la colonia coreana es un ejemplo de convivencia y buena amistad.<\/strong><\/p>\n<p class=\"ft-text\"><strong>En 1966 entraron en nuestro recinto por primera vez 28 pesqueros coreanos y en 1980 hicieron 253 escalas<\/strong> para realizar sus operaciones m\u00e1s de 33 mercantes. <strong>Recuerdo que tuve de vecina, puerta con puerta, a una familia coreana<\/strong>, la cual, al tomar el ascensor, me saludaba <strong>con esa inclinaci\u00f3n de 15 cent\u00edmetros que ahora se nos hace m\u00e1s que familiar con el <\/strong><strong>Greetingman.<\/strong><\/p>\n<p data-close=\"closedContent\" class=\"subscribeHideForDisplay\">Suscr\u00edbete para seguir leyendo<\/p>\n","protected":false},"excerpt":{"rendered":"El martes se inaugur\u00f3, a la entrada del muelle de Santa Catalina, el Greetingman, una estatua que ha&hellip;\n","protected":false},"author":2,"featured_media":188612,"comment_status":"","ping_status":"","sticky":false,"template":"","format":"standard","meta":{"footnotes":""},"categories":[173],"tags":[229,233,231,230,2111,45239,232,234,146,147,25,24,1875,740,4032,52912,42059,23],"class_list":{"0":"post-188611","1":"post","2":"type-post","3":"status-publish","4":"format-standard","5":"has-post-thumbnail","7":"category-arte-y-diseno","8":"tag-arte","9":"tag-arte-y-diseno","10":"tag-arts","11":"tag-arts-and-design","12":"tag-corea-del-sur","13":"tag-coreano","14":"tag-design","15":"tag-diseno","16":"tag-entertainment","17":"tag-entretenimiento","18":"tag-es","19":"tag-espana","20":"tag-luz","21":"tag-puerta","22":"tag-puerto","23":"tag-puerto-de-la-luz","24":"tag-saludo","25":"tag-spain"},"share_on_mastodon":{"url":"","error":""},"_links":{"self":[{"href":"https:\/\/www.europesays.com\/es\/wp-json\/wp\/v2\/posts\/188611","targetHints":{"allow":["GET"]}}],"collection":[{"href":"https:\/\/www.europesays.com\/es\/wp-json\/wp\/v2\/posts"}],"about":[{"href":"https:\/\/www.europesays.com\/es\/wp-json\/wp\/v2\/types\/post"}],"author":[{"embeddable":true,"href":"https:\/\/www.europesays.com\/es\/wp-json\/wp\/v2\/users\/2"}],"replies":[{"embeddable":true,"href":"https:\/\/www.europesays.com\/es\/wp-json\/wp\/v2\/comments?post=188611"}],"version-history":[{"count":0,"href":"https:\/\/www.europesays.com\/es\/wp-json\/wp\/v2\/posts\/188611\/revisions"}],"wp:featuredmedia":[{"embeddable":true,"href":"https:\/\/www.europesays.com\/es\/wp-json\/wp\/v2\/media\/188612"}],"wp:attachment":[{"href":"https:\/\/www.europesays.com\/es\/wp-json\/wp\/v2\/media?parent=188611"}],"wp:term":[{"taxonomy":"category","embeddable":true,"href":"https:\/\/www.europesays.com\/es\/wp-json\/wp\/v2\/categories?post=188611"},{"taxonomy":"post_tag","embeddable":true,"href":"https:\/\/www.europesays.com\/es\/wp-json\/wp\/v2\/tags?post=188611"}],"curies":[{"name":"wp","href":"https:\/\/api.w.org\/{rel}","templated":true}]}}