{"id":188646,"date":"2025-10-20T05:31:11","date_gmt":"2025-10-20T05:31:11","guid":{"rendered":"https:\/\/www.europesays.com\/es\/188646\/"},"modified":"2025-10-20T05:31:11","modified_gmt":"2025-10-20T05:31:11","slug":"betis-deportivo-1-0-sanluqueno-yoan-kore-obra-un-estreno-de-bella-factura","status":"publish","type":"post","link":"https:\/\/www.europesays.com\/es\/188646\/","title":{"rendered":"Betis Deportivo 1-0 Sanluque\u00f1o: Yoan Kor\u00e9 obra un estreno de bella factura"},"content":{"rendered":"<p class=\"parrafo\">Hasta la octava jornada no lleg\u00f3 la primera victoria de la temporada para el <strong>Betis Deportivo<\/strong>. Y con suspense, pues el colegiado, que se tom\u00f3 con calma cada vez que le toc\u00f3 hacer uso de <strong>FVS <\/strong>(conocido popularmente como &#8216;<strong>VAR low cost<\/strong>&#8216;), decret\u00f3 <strong>catorce minutos de prolongaci\u00f3n<\/strong>, aunque vali\u00f3 el solitario gol antes del descanso de <strong>Yoan Kor\u00e9<\/strong>, otras veces protagonista negativo por penaltis evitables (y otros que surgieron m\u00e1s de la imaginaci\u00f3n del trencilla de turno) y tarjetas rojas. Volv\u00eda el central franco-marfile\u00f1o, de hecho, a la alineaci\u00f3n titular, de la que se cay\u00f3 a \u00faltima hora <strong>F\u00e9lix Garreta<\/strong> para que ingresara <strong>Moha Hamdoune<\/strong> tras el calentamiento, anotando <a href=\"https:\/\/www.estadiodeportivo.com\/futbol\/betis\/betis-remata-mercado-fichajes-con-central-para-filial-primer-equipo-20250902-510167.html\" target=\"_blank\" class=\"intext-link\" rel=\"nofollow noopener\">el prometedor zaguero ex del Paris FC<\/a> una diana que sirve para escapar, al menos, del &#8216;farolillo rojo&#8217;, con la esperanza de que sea un punto de inflexi\u00f3n en verdiblanco.<\/p>\n<p class=\"parrafo\">La primera mitad fue muy entretenida, con tantas alternativas que cualquier marcador habr\u00eda sido justo al descanso. Se llev\u00f3 el gato al agua el filial, al resolver de chilena en el \u00e1rea peque\u00f1a <strong>Yoan Kor\u00e9<\/strong> un bal\u00f3n suelto tras un c\u00f3rner colgado por <strong>Carlos Reina<\/strong>, aunque lo cierto es que <strong>Kwame Sosu<\/strong> y <strong>Rodrigo<\/strong> <strong>Marina<\/strong>, con un remate providencialmente desviado por <strong>Petr Kudakovskiy<\/strong> y un testarazo alto por no demasiado, respectivamente, pudieron haber casi sentenciado el duelo para los anfitriones, que lo hab\u00edan intentado con peligro antes del 1-0 por medio del propio capit\u00e1n, el delantero cacere\u00f1o, <strong>Mawuli Mensah<\/strong> y <strong>Gnangoro Bouare<\/strong>, que se med\u00eda a sus ex, quienes gozaron tambi\u00e9n de oportunidades meritorias en las botas de <strong>Agust\u00edn Ju\u00e1rez<\/strong> y, sobre todo, <strong>Zequi D\u00edaz<\/strong>, sobre todo la del 37.<\/p>\n<p class=\"parrafo\">Ya en la reanudaci\u00f3n, <strong>Carlos Reina<\/strong> y <strong>Rodri Val<\/strong> desataron las hostilidades desde media distancia, repitiendo <a href=\"https:\/\/www.estadiodeportivo.com\/futbol\/cantera\/carlos-reina-escalon-segunda-division-del-primer-equipo-que-suban-mateo-jesus-angel-nos-hace-ver-que-estamos-pequeno-pasito-20250322-487312.html\" target=\"_blank\" class=\"intext-link\" rel=\"nofollow noopener\">el mediapunta hispalense<\/a> con una falta al lateral de la red. Antes del ecuador, se revis\u00f3 en el monitor una posible agresi\u00f3n del pivote de <strong>V\u00edcar<\/strong> de ascendencia maliense a su hom\u00f3logo <strong>Josu Gallastegui<\/strong>, que tuvo que ser sustituido por una herida en su ojo izquierdo, aunque <strong>Camacho Garrote<\/strong> no atisb\u00f3 maldad en la acci\u00f3n y lo dej\u00f3 s\u00f3lo en amarilla. Tampoco cambi\u00f3 la decisi\u00f3n del colegiado cordob\u00e9s ante las peticiones casi seguidas de <strong>Javi Medina<\/strong> y <strong>Jos\u00e9 Manuel P\u00e9rez Herrera <\/strong>para que acudiera a ver las repeticiones por sendos posibles penaltis en cada \u00e1rea. Esto motiv\u00f3 un alargue enorme en el que <strong>Jos\u00e9 Antonio Morante<\/strong> estrell\u00f3 la sentencia en el palo.<\/p>\n<p><a class=\"elementos-rel-t2\" href=\"https:\/\/www.estadiodeportivo.com\/futbol\/betis\/sin-premio-para-cegador-lucimiento-elyaz-zidane-canterano-del-betis-20251016-516591.html\" title=\"Sin premio para el cegador lucimiento de Elyaz Zidane, canterano del Betis \" rel=\"nofollow noopener\" target=\"_blank\">Sin premio para el cegador lucimiento de Elyaz Zidane, canterano del Betis <img decoding=\"async\" src=\"https:\/\/www.europesays.com\/es\/wp-content\/uploads\/2025\/10\/17c40cc3-4b37-4226-9e21-880a394556ad_320x180.jpeg\" alt=\"Sin premio para el cegador lucimiento de Elyaz Zidane, canterano del Betis \"\/><\/a><a class=\"elementos-rel-t2\" href=\"https:\/\/www.estadiodeportivo.com\/futbol\/betis\/periodo-reflexion-betis-por-nefasto-arranque-curso-del-filial-20251012-516073.html\" title=\"Per\u00edodo de reflexi\u00f3n en el Betis por el nefasto arranque de curso del filial\" rel=\"nofollow noopener\" target=\"_blank\">Per\u00edodo de reflexi\u00f3n en el Betis por el nefasto arranque de curso del filial<img decoding=\"async\" src=\"https:\/\/www.europesays.com\/es\/wp-content\/uploads\/2025\/10\/eefad617-cc6d-438e-8229-948d1245ed82_320x180.jpeg\" alt=\"Per\u00edodo de reflexi\u00f3n en el Betis por el nefasto arranque de curso del filial\"\/><\/a><a class=\"elementos-rel-t2\" href=\"https:\/\/www.estadiodeportivo.com\/futbol\/primera-rfef\/betis-deportivo-algeciras-punto-sutura-otro-enfado-con-hattrick-del-fvs-20251004-515030.html\" title=\"Betis Deportivo 1-1 Algeciras | Un punto de sutura, otro de enfado y &#039;hat-trick&#039; del FVS: &quot;No nos han dejado ganar&quot;\" rel=\"nofollow noopener\" target=\"_blank\">Betis Deportivo 1-1 Algeciras | Un punto de sutura, otro de enfado y &#8216;hat-trick&#8217; del FVS: \u00abNo nos han dejado ganar\u00bb<img decoding=\"async\" src=\"https:\/\/www.europesays.com\/es\/wp-content\/uploads\/2025\/10\/d2ed18c1-3cc5-4d9f-949a-89325ea10429_320x180.jpeg\" alt=\"Betis Deportivo 1-1 Algeciras | Un punto de sutura, otro de enfado y 'hat-trick' del FVS: &quot;No nos han dejado ganar&quot;\"\/><\/a>Ficha t\u00e9cnica<\/p>\n<p class=\"parrafo\"><strong>Betis Deportivo:<\/strong> Manu Gonz\u00e1lez; Busto, Yoan Kor\u00e9, Moha, Ian Forns (Bladi 49&#8242;); Gismera, Gnangoro, Mawuli (Daouda 111&#8242;); Sosu (Toral 88&#8242;), Reina (Morante 88&#8242;) y Rodrigo Marina.<\/p>\n<p class=\"parrafo\"><strong>Atl\u00e9tico Sanluque\u00f1o:<\/strong> Kudakovskiy; Ra\u00fal Sola, Adri Castellano (Luis Morales 85&#8242;), Alberto Trapero, Julio; Gallastegui (Carneil 62&#8242;), N&#8217;tji Tounkara (Kik\u00edn 70&#8242;), Satoca; Rodri Val, Zequi D\u00edaz (Kik\u00edn 70&#8242;); y Ju\u00e1rez (Arruabarrena 70&#8242;).<\/p>\n<p class=\"parrafo\"><strong>\u00c1rbitro: <\/strong>Camacho Garrote (cordob\u00e9s). Amarillas al local Gnangoro, as\u00ed como al visitante N&#8217;tji Tounkara.<\/p>\n<p class=\"parrafo\"><strong>Gol: 1-0<\/strong> (39&#8242;) Yoan Kor\u00e9.<\/p>\n<p class=\"parrafo\"><strong>Incidencias:<\/strong> Encuentro correspondiente a la jornada 8\u00aa del Grupo 2 de Primera RFEF, disputado en una Ciudad Deportiva Luis del Sol de Sevilla con muy buena entrada, incluyendo 300 aficionados sanluque\u00f1os.<\/p>\n","protected":false},"excerpt":{"rendered":"Hasta la octava jornada no lleg\u00f3 la primera victoria de la temporada para el Betis Deportivo. Y con&hellip;\n","protected":false},"author":2,"featured_media":188647,"comment_status":"","ping_status":"","sticky":false,"template":"","format":"standard","meta":{"footnotes":""},"categories":[268],"tags":[52919,8900,2512,168,25,24,284,280,282,6958,286,281,23,167],"class_list":{"0":"post-188646","1":"post","2":"type-post","3":"status-publish","4":"format-standard","5":"has-post-thumbnail","7":"category-futbol","8":"tag-atletico-sanluqueno","9":"tag-betis-deportivo","10":"tag-cantera","11":"tag-deportes","12":"tag-es","13":"tag-espana","14":"tag-estadio-deportivo","15":"tag-football","16":"tag-futbol","17":"tag-primera-rfef","18":"tag-real-betis-balompie","19":"tag-soccer","20":"tag-spain","21":"tag-sports"},"share_on_mastodon":{"url":"https:\/\/pubeurope.com\/@es\/115404857999920936","error":""},"_links":{"self":[{"href":"https:\/\/www.europesays.com\/es\/wp-json\/wp\/v2\/posts\/188646","targetHints":{"allow":["GET"]}}],"collection":[{"href":"https:\/\/www.europesays.com\/es\/wp-json\/wp\/v2\/posts"}],"about":[{"href":"https:\/\/www.europesays.com\/es\/wp-json\/wp\/v2\/types\/post"}],"author":[{"embeddable":true,"href":"https:\/\/www.europesays.com\/es\/wp-json\/wp\/v2\/users\/2"}],"replies":[{"embeddable":true,"href":"https:\/\/www.europesays.com\/es\/wp-json\/wp\/v2\/comments?post=188646"}],"version-history":[{"count":0,"href":"https:\/\/www.europesays.com\/es\/wp-json\/wp\/v2\/posts\/188646\/revisions"}],"wp:featuredmedia":[{"embeddable":true,"href":"https:\/\/www.europesays.com\/es\/wp-json\/wp\/v2\/media\/188647"}],"wp:attachment":[{"href":"https:\/\/www.europesays.com\/es\/wp-json\/wp\/v2\/media?parent=188646"}],"wp:term":[{"taxonomy":"category","embeddable":true,"href":"https:\/\/www.europesays.com\/es\/wp-json\/wp\/v2\/categories?post=188646"},{"taxonomy":"post_tag","embeddable":true,"href":"https:\/\/www.europesays.com\/es\/wp-json\/wp\/v2\/tags?post=188646"}],"curies":[{"name":"wp","href":"https:\/\/api.w.org\/{rel}","templated":true}]}}