{"id":188654,"date":"2025-10-20T05:35:08","date_gmt":"2025-10-20T05:35:08","guid":{"rendered":"https:\/\/www.europesays.com\/es\/188654\/"},"modified":"2025-10-20T05:35:08","modified_gmt":"2025-10-20T05:35:08","slug":"los-accionistas-rebeldes-de-prisa-buscan-un-socio-para-optar-al-nuevo-canal-de-television","status":"publish","type":"post","link":"https:\/\/www.europesays.com\/es\/188654\/","title":{"rendered":"Los accionistas rebeldes de Prisa buscan un socio para optar al nuevo canal de televisi\u00f3n"},"content":{"rendered":"<p>Los accionistas rebeldes de Prisa agrupados en Global Alconaba est\u00e1n en b\u00fasqueda activa de socios para su proyecto de televisi\u00f3n. Tratan de<strong> lograr la financiaci\u00f3n necesaria y la solvencia econ\u00f3mica para presentarse con garant\u00edas al concurso de TDT que abri\u00f3 el Gobierno esta semana<\/strong>. Las fuentes consultadas por <a href=\"https:\/\/theobjective.com\/\" rel=\"nofollow noopener\" target=\"_blank\">THE OBJECTIVE<\/a> indican que el grupo busca, tanto dentro como fuera de Espa\u00f1a, con la mente puesta en un partner industrial o una gran major internacional que aporte programas y recursos.<\/p>\n<p>Los empresarios (Andr\u00e9s Varela, Adolfo Utor y Diego Prieto) quieren utilizar el proyecto montado por Jos\u00e9 Miguel Contreras, centrado en informaci\u00f3n y tertulias de actualidad que intentaron lanzar con Prisa<strong>. Pero necesitan el aval financiero de una empresa de comunicaci\u00f3n<\/strong> para tener posibilidades de quedarse con la licencia y mantener la cadena. Los c\u00e1lculos del sector hablan de una televisi\u00f3n de no menos de quince millones de euros de inversi\u00f3n y que tendr\u00eda unos costes fijos anuales de al menos diez millones.<\/p>\n<p>En el mercado se barajan algunos nombres como Discovery, compa\u00f1\u00eda internacional que actualmente tiene dos se\u00f1ales en abierto en Espa\u00f1a: DMAX, en asociaci\u00f3n con Unidad Editorial, y DKISS, junto con Kiss Media. Este operador internacional es de los pocos que ha logrado rentabilidad en el complicado mercado publicitario espa\u00f1ol de las cadenas peque\u00f1as, <strong>aunque el hecho de que sea propietario de HBO Max puede frenar el intento de reforzar sus posiciones en el sector.<\/strong><\/p>\n<p>Publicidad y producci\u00f3n<\/p>\n<p>Otro de los nombres con los que se especula en el sector es el de CNN, tambi\u00e9n propiedad de Discovery. Pero en este caso no ser\u00eda para hacer una cadena generalista ni de programas, sino para entrar de lleno en una parrilla centrada en informaci\u00f3n, <strong>algo m\u00e1s cercano a lo que Alconaba ha planteado desde el comienzo del proyecto<\/strong>. CNN \u2013 cuya marca CNN+ se march\u00f3 de Espa\u00f1a en 2010 con la venta de los canales de TDT de Prisa a <a href=\"https:\/\/theobjective.com\/etiqueta\/mediaset\/\" rel=\"nofollow noopener\" target=\"_blank\">Mediaset<\/a>\u2013 gusta mucho, en especial en el entorno del Gobierno, donde creen que se dar\u00eda una imagen de pluralidad y objetividad.<\/p>\n<p><strong>Todo parece indicar que si la cadena saliera adelante, su gesti\u00f3n comercial pudiera integrarse en Pulsa<\/strong>, la agencia que ahora lleva la publicidad de todas las televisiones peque\u00f1as que est\u00e1n fuera de Atresmedia y Mediaset. Lleva la cuenta de Discovery, pero tambi\u00e9n la de Ten y de los canales de pago de Paramount. Es la forma m\u00e1s eficaz de rentabilizar espacios publicitarios, algo clave en la importante crisis que est\u00e1 viviendo el sector este a\u00f1o.<\/p>\n<p>La televisi\u00f3n de Alconaba tambi\u00e9n podr\u00eda retomar el acuerdo que ya se avanz\u00f3 con <a href=\"https:\/\/theobjective.com\/etiqueta\/grupo-mediapro\/\" rel=\"nofollow noopener\" target=\"_blank\">Mediapro<\/a> para la producci\u00f3n t\u00e9cnica de la cadena cuando estaba bajo el paraguas de Prisa. <strong>La televisi\u00f3n que estuvo preparando Contreras se pens\u00f3 originalmente para el editor de El Pa\u00eds<\/strong>, por lo que \u2013pese a que est\u00e1n buscando un socio para intentar reflotarla\u2013 reconocen que ser\u00e1 dif\u00edcil llegar a tiempo. Los plazos del concurso indican que como tarde deben presentarse los proyectos hasta el\u00a020 de noviembre, es decir, en poco m\u00e1s de un mes.<\/p>\n<p>Rechazo de Prisa<\/p>\n<p><strong>Este diario ya ha publicado que el objetivo del Gobierno es <a href=\"https:\/\/theobjective.com\/medios\/2025-09-17\/gobierno-ultima-licitacion-tdt\/\" rel=\"nofollow noopener\" target=\"_blank\">tener una televisi\u00f3n af\u00edn<\/a><\/strong>, y que el favorito es Contreras. De hecho, tras el triunfo de Oughourlian en la guerra por Prisa, Moncloa baraj\u00f3 no seguir adelante con la TDT, pero la ley de reordenamiento del espectro les obligaba a poner en marcha un concurso antes de seis meses si no quer\u00edan que alguna televisi\u00f3n reclamase la frecuencia. Incluso hubo movimientos de El Toro TV (heredera de la Intereconom\u00eda de Julio Ariza) para qued\u00e1rsela, lo que aceler\u00f3 la concesi\u00f3n.<\/p>\n<p>Y pese a todas las dificultades, tras lanzar el concurso este grupo sigue siendo la primera opci\u00f3n, aunque ya no tengan a Prisa detr\u00e1s. <strong>Solo falta encontrar un partner que les d\u00e9 soporte industrial y econ\u00f3mico. <\/strong>Y para ello, Moncloa puede ayudar con los plazos. Las bases del concurso indican que a partir de la recepci\u00f3n de ofertas hay doce meses para decidir (hasta noviembre de 2026), lo que se interpreta en el sector como un salvavidas para que tengan tiempo de buscar este socio.<\/p>\n<p><strong>Una situaci\u00f3n que coincide adem\u00e1s con la frialdad con la que el sector ha recibido la licencia.<\/strong> De momento, ni Atresmedia ni Mediaset se han pronunciado, y otros potenciales interesados, como el grupo God\u00f3 o El Toro TV, lo estudian. No es f\u00e1cil montar una televisi\u00f3n con el actual mercado publicitario cayendo un 8%, y menos todav\u00eda en un contexto en que las peque\u00f1as televisiones han tardado a\u00f1os en dejar de perder dinero y algunas, como Trece TV \u2013que ha sido de las pocas que ha apostado por producci\u00f3n propia y programas informativos\u2013, siguen desequilibradas.<\/p>\n<p>God\u00f3 y El Toro TV<\/p>\n<p>Esto obliga a hacer \u2013al menos al comienzo\u2013 una televisi\u00f3n con los costes muy ajustados, <strong>lo que puede ser un arma de doble filo, ya que impedir\u00eda tener un gran \u00e9xito de audiencia<\/strong>. Lo que s\u00ed est\u00e1 claro es que la idea de hacer varias tertulias al d\u00eda deber\u00e1 quedar aparcada al menos en un primer momento y se deber\u00e1 apostar por m\u00e1s programas enlatados, la piedra filosofal de las peque\u00f1as cadenas de TDT, aunque esto desdibuje el proyecto original.<\/p>\n<p>Este proyecto fue el detonante de la guerra que estall\u00f3 en Prisa a comienzos de a\u00f1os. El grupo de accionistas propuso lanzar la cadena dentro del editor para aprovechar las sinergias audiovisuales as\u00ed como las redacciones de <a href=\"https:\/\/theobjective.com\/etiqueta\/el-pais\/\" rel=\"nofollow noopener\" target=\"_blank\">El Pa\u00eds<\/a> y Cadena SER,<strong> e invit\u00f3 al presidente, Joseph Oughourlian, a participar de forma minoritaria<\/strong>, pero el empresario francoarmenio se neg\u00f3. Sabiendo que se le quer\u00eda apartar de la compa\u00f1\u00eda, forz\u00f3 la salida de los promotores del proyecto (Contreras y el CEO de Prisa Media, Carlos N\u00fa\u00f1ez) y activ\u00f3 todos los resortes para reforzarse en el capital.<\/p>\n","protected":false},"excerpt":{"rendered":"Los accionistas rebeldes de Prisa agrupados en Global Alconaba est\u00e1n en b\u00fasqueda activa de socios para su proyecto&hellip;\n","protected":false},"author":2,"featured_media":188655,"comment_status":"","ping_status":"","sticky":false,"template":"","format":"standard","meta":{"footnotes":""},"categories":[171],"tags":[151,18175,52924,146,147,25,24,3748,955,5966,3752,23,214],"class_list":{"0":"post-188654","1":"post","2":"type-post","3":"status-publish","4":"format-standard","5":"has-post-thumbnail","7":"category-tv","8":"tag-atresmedia","9":"tag-cnn","10":"tag-discovery","11":"tag-entertainment","12":"tag-entretenimiento","13":"tag-es","14":"tag-espana","15":"tag-grupo-prisa","16":"tag-mediaset","17":"tag-pedro-su00e1nchez","18":"tag-prisa","19":"tag-spain","20":"tag-tv"},"share_on_mastodon":{"url":"https:\/\/pubeurope.com\/@es\/115404873706026876","error":""},"_links":{"self":[{"href":"https:\/\/www.europesays.com\/es\/wp-json\/wp\/v2\/posts\/188654","targetHints":{"allow":["GET"]}}],"collection":[{"href":"https:\/\/www.europesays.com\/es\/wp-json\/wp\/v2\/posts"}],"about":[{"href":"https:\/\/www.europesays.com\/es\/wp-json\/wp\/v2\/types\/post"}],"author":[{"embeddable":true,"href":"https:\/\/www.europesays.com\/es\/wp-json\/wp\/v2\/users\/2"}],"replies":[{"embeddable":true,"href":"https:\/\/www.europesays.com\/es\/wp-json\/wp\/v2\/comments?post=188654"}],"version-history":[{"count":0,"href":"https:\/\/www.europesays.com\/es\/wp-json\/wp\/v2\/posts\/188654\/revisions"}],"wp:featuredmedia":[{"embeddable":true,"href":"https:\/\/www.europesays.com\/es\/wp-json\/wp\/v2\/media\/188655"}],"wp:attachment":[{"href":"https:\/\/www.europesays.com\/es\/wp-json\/wp\/v2\/media?parent=188654"}],"wp:term":[{"taxonomy":"category","embeddable":true,"href":"https:\/\/www.europesays.com\/es\/wp-json\/wp\/v2\/categories?post=188654"},{"taxonomy":"post_tag","embeddable":true,"href":"https:\/\/www.europesays.com\/es\/wp-json\/wp\/v2\/tags?post=188654"}],"curies":[{"name":"wp","href":"https:\/\/api.w.org\/{rel}","templated":true}]}}