{"id":188662,"date":"2025-10-20T05:39:14","date_gmt":"2025-10-20T05:39:14","guid":{"rendered":"https:\/\/www.europesays.com\/es\/188662\/"},"modified":"2025-10-20T05:39:14","modified_gmt":"2025-10-20T05:39:14","slug":"se-le-fue-de-las-manos-a-la-salud-publica","status":"publish","type":"post","link":"https:\/\/www.europesays.com\/es\/188662\/","title":{"rendered":"\u201cSe le fue de las manos a la salud p\u00fablica\u201d"},"content":{"rendered":"<p class=\"mb-4 text-lg md:leading-8 break-words\">Perico (Cuba), 19 oct (EFE).- Es dif\u00edcil, por no decir pr\u00e1cticamente imposible, encontrar a un vecino de Perico (60.000 habitantes, 170 kil\u00f3metros al sureste de La Habana) que no conozca a alguien que haya padecido chikungu\u00f1a recientemente.<\/p>\n<p class=\"mb-4 text-lg md:leading-8 break-words\">\u201cEn mi cuadra casi todos lo han tenido\u201d, suele ser la respuesta cuando sus habitantes hablan del \u201cvirus ese\u201d.<\/p>\n<p class=\"mb-4 text-lg md:leading-8 break-words\">En julio, este municipio de la provincia occidental de Matanzas fue el primer foco en Cuba de un brote que ya representa un problema \u201cnacional\u201d con \u201c\u00edndices elevados\u201d, seg\u00fan reconocieron las autoridades sanitarias esta semana.<\/p>\n<p class=\"mb-4 text-lg md:leading-8 break-words\">A simple vista, las estrechas calles de Perico, con sus casas adosadas, dan una imagen de normalidad. Hasta que florecen los peque\u00f1os detalles: como el cojeo de las personas o la dificultad de otras para hacer tareas sencillas como sentarse.<\/p>\n<p class=\"mb-4 text-lg md:leading-8 break-words\">Pedro Arturo Revilla, de 66 a\u00f1os, es uno de ellos. \u00c9l pas\u00f3 la enfermedad, as\u00ed como \u201ctoda su familia\u201d, relata a EFE. A\u00fan sufre de las secuelas semanas despu\u00e9s, como los intensos dolores en las articulaciones e inflamaci\u00f3n en los tobillos.<\/p>\n<p class=\"mb-4 text-lg md:leading-8 break-words\">Al lado de su portal, una mujer diab\u00e9tica e hipertensa de 67 a\u00f1os interrumpe la entrevista cuando se entera de que su vecino habla del chikungu\u00f1a.<\/p>\n<p class=\"mb-4 text-lg md:leading-8 break-words\">\u201cAqu\u00ed no hay fumigaci\u00f3n ninguna, que era para que hubiese habido, con la cantidad de mosquitos que hubo aqu\u00ed y con la cantidad de enfermos que hubo. Aqu\u00ed no hacen nada\u00bb, asegura.<\/p>\n<p class=\"mb-4 text-lg md:leading-8 break-words\">Enfermedad nueva<\/p>\n<p class=\"mb-4 text-lg md:leading-8 break-words\">El chikungu\u00f1a \u2013que desde hac\u00eda una d\u00e9cada no ten\u00eda presencia en la isla\u2013 se ha sumado al dengue y al oropouche, transmitidos los primeros por el mosquito aedes aegypti y el tercero por el jej\u00e9n, en un c\u00f3ctel perfecto.<\/p>\n<p class=\"mb-4 text-lg md:leading-8 break-words\">El brote ha golpeado al pa\u00eds en medio de una profunda crisis econ\u00f3mica, con una capacidad muy reducida para afrontar las enfermedades, sus vectores y los focos de reproducci\u00f3n del mosquito, sobre todo los salideros de agua o los l\u00edquidos que se acumulan en las monta\u00f1as de basura que no se recoge en semanas.<\/p>\n<p class=\"mb-4 text-lg md:leading-8 break-words\">En una entrevista esta semana para la televisi\u00f3n estatal, Carilda Pe\u00f1a Garc\u00eda, viceministra de Salud P\u00fablica, lament\u00f3 que no se puedan hacer fumigaciones masivas por la escasez de combustible en el pa\u00eds. Sin embargo, s\u00ed aseguro que el Gobierno tiene \u201cinsecticidas\u201d y \u201cabate\u201d suficientes para limitar el da\u00f1o.<\/p>\n<p class=\"mb-4 text-lg md:leading-8 break-words\">Tambi\u00e9n afirm\u00f3 que, a diferencia del dengue, el chikungu\u00f1a no es una amenaza mortal, aunque pudiese empeorar con pacientes con alg\u00fan problema de salud previo.<\/p>\n<p><img alt=\"\" loading=\"lazy\" width=\"960\" height=\"633\" decoding=\"async\" data-nimg=\"1\" class=\"rounded-lg\" style=\"color:transparent\" src=\"https:\/\/www.europesays.com\/es\/wp-content\/uploads\/2025\/10\/82593cef16e98fb78516c002cdd5e075.jpeg\"\/><\/p>\n<p class=\"mb-4 text-lg md:leading-8 break-words\">Ra\u00fal Gonz\u00e1lez, de 63 a\u00f1os, tiene esclerosis m\u00faltiple y pas\u00f3 por el chikungu\u00f1a. Mientras muestra a EFE sus tobillos inflamados y llenos de llagas, suelta un chiste cr\u00edtico sobre la situaci\u00f3n: \u201cDeber\u00edan hacer otra versi\u00f3n de \u2018Thriller\u2019 de Michael Jackson. Los extra van a salir gratis, todo el mundo andaba caminando como zombi en la calle\u00bb.<\/p>\n<p class=\"mb-4 text-lg md:leading-8 break-words\">\u00c9l, como muchos otros, comprende que la crisis ha hecho que la respuesta del Gobierno se convirtiera en una quimera. Pero se mostr\u00f3 furioso ante la forma en la que se intent\u00f3, a su juicio, quitar gravedad al asunto en los medios estatales.<\/p>\n<p class=\"mb-4 text-lg md:leading-8 break-words\">\u201cAparte de no decir lo que realmente tenemos\u2026 como que todo est\u00e1 normal y aqu\u00ed de normal no hay nada. Tenemos problemas graves, y eso lo sabe todo el mundo. La insalubridad, la basura que no vienen a recogerla\u2026 \u00a1claro que hay mosquito si no se fumiga! Me da coraje que digan mentiras\u00bb, dice.<\/p>\n<p class=\"mb-4 text-lg md:leading-8 break-words\">Hasta el momento, no existen datos p\u00fablicos actualizados sobre enfermos con chikungu\u00f1a (presente en ocho de 15 provincias), dengue (activa en 12 provincias) u oropouche en Cuba (tambi\u00e9n en 12).<\/p>\n<p class=\"mb-4 text-lg md:leading-8 break-words\">Seg\u00fan las autoridades, en 2025 tres personas diagnosticadas con dengue han fallecido.<\/p>\n<p class=\"mb-4 text-lg md:leading-8 break-words\">Los Centros para el Control y la Prevenci\u00f3n de Enfermedades de EE.UU. (CDC, por sus siglas en ingl\u00e9s) emitieron a finales de septiembre una actualizaci\u00f3n de alerta de viaje por la presencia del chikungu\u00f1a en Cuba.<\/p>\n<p class=\"mb-4 text-lg md:leading-8 break-words\">\u201cEs horrible, horrible\u201d<\/p>\n<p class=\"mb-4 text-lg md:leading-8 break-words\">A unos 55 kil\u00f3metros de Perico, en el municipio de C\u00e1rdenas, la situaci\u00f3n es muy parecida. Para Beatriz Aguiar, de 64 a\u00f1os, el brote se le \u201csali\u00f3 de las manos a Salud P\u00fablica\u201d.<\/p>\n<p class=\"mb-4 text-lg md:leading-8 break-words\">Pese a que las autoridades han insistido en que el sistema de salud no est\u00e1 ni cerca de colapsar y que cuenta con capacidad para afrontar la situaci\u00f3n, Aguiar vio algo distinto: \u201cT\u00fa llegas al hospital y los mismos m\u00e9dicos dicen que lo que a diario lo que llega de casos es horrible, horrible\u00bb.<\/p>\n<p class=\"mb-4 text-lg md:leading-8 break-words\">La realidad, seg\u00fan relat\u00f3 a EFE una docena de vecinos entre ambos municipios, muchos contagiados se autodiagnostican y pasan la enfermedad en casa.<\/p>\n<p class=\"mb-4 text-lg md:leading-8 break-words\">En parte porque las primeras horas del chikungu\u00f1a son tan duras que dejan postrado en cama al infectado. Y tambi\u00e9n porque, insisten, de poco sirve ir a consulta porque el doctor se limitar\u00e1 a hacer el diagn\u00f3stico por observaci\u00f3n \u2013a falta de tests\u2013 para enviarlos a casa a tomar medicinas que s\u00f3lo se pueden conseguir en el mercado negro y a precios exorbitantes.<\/p>\n<p class=\"mb-4 text-lg md:leading-8 break-words\">\u00abRealmente no es culpa de las autoridades que no conozcan las cifras reales. \u00bfPero a qu\u00e9 vas a ir (al m\u00e9dico)? \u00bfA que te indiquen un paracetamol cada cuatro horas, l\u00edquidos y reposo? Hay muchas personas que no pueden comprar ni un bl\u00edster de paracetamol, porque cuesta 500 pesos (4 d\u00f3lares, al cambio oficial, el sueldo medio es de unos 54 d\u00f3lares a ese mismo cambio)\u201d, asegura Eneida Rodr\u00edgues, vecina de C\u00e1rdenas de unos 60 a\u00f1os.<\/p>\n<p><img alt=\"\" loading=\"lazy\" width=\"960\" height=\"584\" decoding=\"async\" data-nimg=\"1\" class=\"rounded-lg\" style=\"color:transparent\" src=\"https:\/\/www.europesays.com\/es\/wp-content\/uploads\/2025\/10\/5bc0e7394b14a82085da546df8553a44.jpeg\"\/><\/p>\n<p class=\"mb-4 text-lg md:leading-8 break-words\">Juan Carlos Espinosa<\/p>\n<p class=\"mb-4 text-lg md:leading-8 break-words\">(c) Agencia EFE<\/p>\n","protected":false},"excerpt":{"rendered":"Perico (Cuba), 19 oct (EFE).- Es dif\u00edcil, por no decir pr\u00e1cticamente imposible, encontrar a un vecino de Perico&hellip;\n","protected":false},"author":2,"featured_media":188663,"comment_status":"","ping_status":"","sticky":false,"template":"","format":"standard","meta":{"footnotes":""},"categories":[92],"tags":[1164,995,25,24,165,52927,52928,52926,166,23],"class_list":{"0":"post-188662","1":"post","2":"type-post","3":"status-publish","4":"format-standard","5":"has-post-thumbnail","7":"category-salud","8":"tag-cuba","9":"tag-efe","10":"tag-es","11":"tag-espana","12":"tag-health","13":"tag-las-montanas","14":"tag-pedro-arturo-revilla","15":"tag-problema-de-salud","16":"tag-salud","17":"tag-spain"},"share_on_mastodon":{"url":"https:\/\/pubeurope.com\/@es\/115404889622011336","error":""},"_links":{"self":[{"href":"https:\/\/www.europesays.com\/es\/wp-json\/wp\/v2\/posts\/188662","targetHints":{"allow":["GET"]}}],"collection":[{"href":"https:\/\/www.europesays.com\/es\/wp-json\/wp\/v2\/posts"}],"about":[{"href":"https:\/\/www.europesays.com\/es\/wp-json\/wp\/v2\/types\/post"}],"author":[{"embeddable":true,"href":"https:\/\/www.europesays.com\/es\/wp-json\/wp\/v2\/users\/2"}],"replies":[{"embeddable":true,"href":"https:\/\/www.europesays.com\/es\/wp-json\/wp\/v2\/comments?post=188662"}],"version-history":[{"count":0,"href":"https:\/\/www.europesays.com\/es\/wp-json\/wp\/v2\/posts\/188662\/revisions"}],"wp:featuredmedia":[{"embeddable":true,"href":"https:\/\/www.europesays.com\/es\/wp-json\/wp\/v2\/media\/188663"}],"wp:attachment":[{"href":"https:\/\/www.europesays.com\/es\/wp-json\/wp\/v2\/media?parent=188662"}],"wp:term":[{"taxonomy":"category","embeddable":true,"href":"https:\/\/www.europesays.com\/es\/wp-json\/wp\/v2\/categories?post=188662"},{"taxonomy":"post_tag","embeddable":true,"href":"https:\/\/www.europesays.com\/es\/wp-json\/wp\/v2\/tags?post=188662"}],"curies":[{"name":"wp","href":"https:\/\/api.w.org\/{rel}","templated":true}]}}