{"id":188664,"date":"2025-10-20T05:40:07","date_gmt":"2025-10-20T05:40:07","guid":{"rendered":"https:\/\/www.europesays.com\/es\/188664\/"},"modified":"2025-10-20T05:40:07","modified_gmt":"2025-10-20T05:40:07","slug":"la-dramatica-expulsion-de-supervivientes-all-stars-se-salda-con-una-de-las-estrellas-de-la-edicion","status":"publish","type":"post","link":"https:\/\/www.europesays.com\/es\/188664\/","title":{"rendered":"La dram\u00e1tica expulsi\u00f3n de &#8216;Supervivientes All Stars&#8217; se salda con una de las &#8216;estrellas&#8217; de la edici\u00f3n"},"content":{"rendered":"<p class=\"c-paragraph\">La \u00faltima expulsi\u00f3n de <b><a href=\"https:\/\/www.20minutos.es\/tags\/temas\/supervivientes.html\" title=\"Supervivientes\" rel=\"nofollow noopener\" target=\"_blank\">Supervivientes All Stars<\/a><\/b> enfrent\u00f3 a <b><a href=\"https:\/\/www.20minutos.es\/tags\/personas\/gloria-camila.html\" title=\"Gloria Camila\" rel=\"nofollow noopener\" target=\"_blank\">Gloria Camila<\/a><\/b> y <b><a href=\"https:\/\/www.20minutos.es\/tags\/personas\/jessica-bueno.html\" title=\"Jessica Bueno\" rel=\"nofollow noopener\" target=\"_blank\">Jessica Bueno<\/a><\/b>, las <b>dos mejores amigas del concurso<\/b>, en un duelo cargado de <b>emociones<\/b>. La decisi\u00f3n del p\u00fablico estuvo <b>muy ajustada<\/b> y cada minuto se vivi\u00f3 con tensi\u00f3n y l\u00e1grimas, convirti\u00e9ndose en uno de los momentos m\u00e1s <b>dram\u00e1ticos<\/b> de la edici\u00f3n.<\/p>\n<p class=\"c-paragraph\"><b><a href=\"https:\/\/www.20minutos.es\/tags\/autores\/sandra-barneda-1.html\" title=\"Sandra Barneda\" rel=\"nofollow noopener\" target=\"_blank\">Sandra Barneda<\/a><\/b> anunci\u00f3 los resultados con gran emoci\u00f3n: \u00ab<b>Los espectadores han decidido, con sus votos, que la concursante salvada sea&#8230; \u00a1Jessica!<\/b>\u00ab. Gloria, al escuchar su nombre, <b>rompi\u00f3 a llorar<\/b> y agradeci\u00f3 con la voz entrecortada la oportunidad de haber participado y de haber vivido esta experiencia.<\/p>\n<p class=\"c-paragraph\">Jessica tambi\u00e9n se emocion\u00f3 profundamente: \u00abSer\u00e1 triste tanto para la que se va como para la que se queda. <b>Voy a echar mucho de menos a Gloria<\/b>. Me hubiera gustado <b>vivirlo hasta el final con ella<\/b>\u00ab. Ambas mostraron la intensidad de su v\u00ednculo y c\u00f3mo la amistad se hab\u00eda convertido en un apoyo vital dentro del concurso.<\/p>\n<p class=\"c-paragraph\"><b><a href=\"https:\/\/www.20minutos.es\/tags\/personas\/laura-madrueno.html\" title=\"Laura Madrue\u00f1o\" rel=\"nofollow noopener\" target=\"_blank\">Laura Madrue\u00f1o<\/a><\/b> resalt\u00f3 la entrega y el sacrificio de las concursantes: \u00abSois dos mujeres que no se han quejado. Han pasado <b>juegos dur\u00edsimos, sin dormir casi 50 d\u00edas<\/b>, y lo han hecho todo con autenticidad y valent\u00eda. Su esfuerzo ha sido enorme y se ha visto reflejado en cada prueba\u00bb.<\/p>\n<p class=\"c-paragraph\">Gloria se despidi\u00f3 con <b>palabras llenas de emoci\u00f3n<\/b> del p\u00fablico y de Jessica: \u00abHe intentado <b>sacar la mejor versi\u00f3n de m\u00ed<\/b>, <b>mejorar, reconstruirme y demostrar<\/b> <b>la evoluci\u00f3n que he tenido <\/b>durante todos estos a\u00f1os. Voy a echar mucho de menos a Jessica y todo lo que hemos compartido en esta experiencia\u00bb.<\/p>\n<p class=\"c-paragraph\">El abrazo final entre ambas <b>reflej\u00f3 toda la intensidad de la relaci\u00f3n que hab\u00edan construido<\/b>. Los espectadores vivieron un momento cargado de l\u00e1grimas, emoci\u00f3n y ternura, que quedar\u00e1 como uno de los recuerdos m\u00e1s emotivos de esta edici\u00f3n de Supervivientes All Stars.<\/p>\n","protected":false},"excerpt":{"rendered":"La \u00faltima expulsi\u00f3n de Supervivientes All Stars enfrent\u00f3 a Gloria Camila y Jessica Bueno, las dos mejores amigas&hellip;\n","protected":false},"author":2,"featured_media":188665,"comment_status":"","ping_status":"","sticky":false,"template":"","format":"standard","meta":{"footnotes":""},"categories":[91],"tags":[11286,20414,146,147,25,24,3193,23,11287,3947],"class_list":{"0":"post-188664","1":"post","2":"type-post","3":"status-publish","4":"format-standard","5":"has-post-thumbnail","7":"category-entretenimiento","8":"tag-all","9":"tag-dramatica","10":"tag-entertainment","11":"tag-entretenimiento","12":"tag-es","13":"tag-espana","14":"tag-expulsion","15":"tag-spain","16":"tag-stars","17":"tag-supervivientes"},"share_on_mastodon":{"url":"https:\/\/pubeurope.com\/@es\/115404893418944082","error":""},"_links":{"self":[{"href":"https:\/\/www.europesays.com\/es\/wp-json\/wp\/v2\/posts\/188664","targetHints":{"allow":["GET"]}}],"collection":[{"href":"https:\/\/www.europesays.com\/es\/wp-json\/wp\/v2\/posts"}],"about":[{"href":"https:\/\/www.europesays.com\/es\/wp-json\/wp\/v2\/types\/post"}],"author":[{"embeddable":true,"href":"https:\/\/www.europesays.com\/es\/wp-json\/wp\/v2\/users\/2"}],"replies":[{"embeddable":true,"href":"https:\/\/www.europesays.com\/es\/wp-json\/wp\/v2\/comments?post=188664"}],"version-history":[{"count":0,"href":"https:\/\/www.europesays.com\/es\/wp-json\/wp\/v2\/posts\/188664\/revisions"}],"wp:featuredmedia":[{"embeddable":true,"href":"https:\/\/www.europesays.com\/es\/wp-json\/wp\/v2\/media\/188665"}],"wp:attachment":[{"href":"https:\/\/www.europesays.com\/es\/wp-json\/wp\/v2\/media?parent=188664"}],"wp:term":[{"taxonomy":"category","embeddable":true,"href":"https:\/\/www.europesays.com\/es\/wp-json\/wp\/v2\/categories?post=188664"},{"taxonomy":"post_tag","embeddable":true,"href":"https:\/\/www.europesays.com\/es\/wp-json\/wp\/v2\/tags?post=188664"}],"curies":[{"name":"wp","href":"https:\/\/api.w.org\/{rel}","templated":true}]}}