{"id":188681,"date":"2025-10-20T05:53:08","date_gmt":"2025-10-20T05:53:08","guid":{"rendered":"https:\/\/www.europesays.com\/es\/188681\/"},"modified":"2025-10-20T05:53:08","modified_gmt":"2025-10-20T05:53:08","slug":"carlos-cantero-perdimos-la-actitud-y-eso-nos-llevo-a-cometer-errores-claves-nuestro-deporte","status":"publish","type":"post","link":"https:\/\/www.europesays.com\/es\/188681\/","title":{"rendered":"Carlos Cantero: \u201cPerdimos la actitud y eso nos llev\u00f3 a cometer errores claves\u201d | Nuestro deporte"},"content":{"rendered":"<p>El entrenador del <strong>Casademont Zaragoza femenino, Carlos Cantero<\/strong>, ha comparecido en<strong> rueda de prensa tras la derrota ante el Gernika<\/strong> y ha se\u00f1alado\u00a0que, a pesar de un buen inicio ofensivo<strong>, \u00ablos errores en defensa y las ausencias claves han marcado\u00a0el desarrollo del partido\u00bb.<\/strong> Adem\u00e1s, ha destacado la importancia de <strong>\u00abrecuperar la actitud y la disciplina\u00bb<\/strong> para mejorar el rendimiento del equipo.<\/p>\n<p><strong>Valoraci\u00f3n del partido<\/strong><\/p>\n<p>El partido comenz\u00f3 muy bien, especialmente en la parte ofensiva. Sin embargo, desde el principio se notaban algunos problemas en la defensa. Como entrenador, conozco bien a mi equipo y la dificultad que supone jugar aqu\u00ed; sab\u00eda que si no solucion\u00e1bamos esos fallos defensivos, acabar\u00edan afectando tambi\u00e9n a nuestro ataque, y as\u00ed fue. En vez de dar ese paso adelante en defensa y mantener la solidez que est\u00e1bamos mostrando en ataque, cometimos m\u00e1s errores y perdimos un poco la actitud que nos caracteriza. Esto nos llev\u00f3 a una situaci\u00f3n complicada, sobre todo jugando fuera de casa, y poco a poco fuimos cayendo en un bache del que no hemos logrado salir.<\/p>\n<p><strong>Actitud<\/strong><\/p>\n<p>Estos bajones son algo que nos sucede con cierta frecuencia, pero como cuerpo t\u00e9cnico intentamos que sean lo m\u00e1s cortos y llevaderos posibles. Ahora toca volver a la ra\u00edz del problema: un cambio en la actitud y en la concentraci\u00f3n, aspectos que hemos entrenado mucho y que, sin duda, nos ayudar\u00e1n a recuperar los conceptos que nos definen como equipo. Tenemos que creer en lo que somos y en el buen equipo que podemos llegar a ser, recuperando la disciplina que en algunos momentos del partido nos ha faltado.<\/p>\n<p><strong>Bajas<\/strong><\/p>\n<p>Llevamos con bajas desde el viaje a Corea, aunque esto no es una excusa. Esta ha sido la primera vez que jugamos con un quinteto diferente, pero no deber\u00edamos llegar a un momento del partido con esa diferencia en el marcador. Quiz\u00e1, si el partido hubiese tomado otro rumbo, no estar\u00edamos hablando tanto de estas bajas. La ausencia de Merritt, por ejemplo, nos afecta, pero el mensaje que siempre transmito es que todas las jugadoras son importantes y tendr\u00e1n su momento.<\/p>\n<p><strong>Lesiones<\/strong><\/p>\n<p>Aunque no haya lesiones graves, estas bajas son un reto para el equipo, y debemos estar preparados para ello; no podemos usarlo como excusa para una derrota. Respecto a las lesiones, Leite sufri\u00f3 una torcedura de tobillo y est\u00e1 en la fase aguda del dolor. Merritt, por su parte, llevaba un tiempo arrastrando un dolor en el cuello, que ya hab\u00eda tenido antes y que parec\u00eda superado, pero que ahora ha reaparecido y le ha limitado mucho, hasta el punto de no poder ni agacharse o moverse con normalidad. Ayer pudo hacer algo del entrenamiento, pero hoy, en el d\u00eda del partido, no se encontraba en condiciones para jugar.<\/p>\n<p>Si quieres estar al d\u00eda de toda la actualidad deportiva, s\u00edguenos en redes sociales: <a href=\"https:\/\/www.instagram.com\/aragondeporte\/\" target=\"_blank\" rel=\"noindex nofollow noopener\">Instagram<\/a>, <a href=\"https:\/\/www.facebook.com\/aragondeporte\/\" target=\"_blank\" rel=\"noindex nofollow noopener\">Facebook<\/a>, <a href=\"https:\/\/x.com\/ardeportes\" target=\"_blank\" rel=\"noindex nofollow\">X<\/a> y tambi\u00e9n en el canal de <a href=\"https:\/\/whatsapp.com\/channel\/0029Vb8JrUy6rsQrHNE2y41l\" target=\"_blank\" rel=\"noindex nofollow noopener\">WhatsApp<\/a>.<\/p>\n<p>            <script async src=\"\/\/www.instagram.com\/embed.js\"><\/script><\/p>\n","protected":false},"excerpt":{"rendered":"El entrenador del Casademont Zaragoza femenino, Carlos Cantero, ha comparecido en rueda de prensa tras la derrota ante&hellip;\n","protected":false},"author":2,"featured_media":188682,"comment_status":"","ping_status":"","sticky":false,"template":"","format":"standard","meta":{"footnotes":""},"categories":[269],"tags":[4499,4502,299,298,4501,4110,634,168,25,24,4500,1448,23,167,214],"class_list":{"0":"post-188681","1":"post","2":"type-post","3":"status-publish","4":"format-standard","5":"has-post-thumbnail","7":"category-baloncesto","8":"tag-aragon","9":"tag-aragonesa","10":"tag-baloncesto","11":"tag-basketball","12":"tag-cartv","13":"tag-corporacion","14":"tag-deporte","15":"tag-deportes","16":"tag-es","17":"tag-espana","18":"tag-publica","19":"tag-radio","20":"tag-spain","21":"tag-sports","22":"tag-tv"},"share_on_mastodon":{"url":"https:\/\/pubeurope.com\/@es\/115404944404940243","error":""},"_links":{"self":[{"href":"https:\/\/www.europesays.com\/es\/wp-json\/wp\/v2\/posts\/188681","targetHints":{"allow":["GET"]}}],"collection":[{"href":"https:\/\/www.europesays.com\/es\/wp-json\/wp\/v2\/posts"}],"about":[{"href":"https:\/\/www.europesays.com\/es\/wp-json\/wp\/v2\/types\/post"}],"author":[{"embeddable":true,"href":"https:\/\/www.europesays.com\/es\/wp-json\/wp\/v2\/users\/2"}],"replies":[{"embeddable":true,"href":"https:\/\/www.europesays.com\/es\/wp-json\/wp\/v2\/comments?post=188681"}],"version-history":[{"count":0,"href":"https:\/\/www.europesays.com\/es\/wp-json\/wp\/v2\/posts\/188681\/revisions"}],"wp:featuredmedia":[{"embeddable":true,"href":"https:\/\/www.europesays.com\/es\/wp-json\/wp\/v2\/media\/188682"}],"wp:attachment":[{"href":"https:\/\/www.europesays.com\/es\/wp-json\/wp\/v2\/media?parent=188681"}],"wp:term":[{"taxonomy":"category","embeddable":true,"href":"https:\/\/www.europesays.com\/es\/wp-json\/wp\/v2\/categories?post=188681"},{"taxonomy":"post_tag","embeddable":true,"href":"https:\/\/www.europesays.com\/es\/wp-json\/wp\/v2\/tags?post=188681"}],"curies":[{"name":"wp","href":"https:\/\/api.w.org\/{rel}","templated":true}]}}