{"id":188687,"date":"2025-10-20T05:56:12","date_gmt":"2025-10-20T05:56:12","guid":{"rendered":"https:\/\/www.europesays.com\/es\/188687\/"},"modified":"2025-10-20T05:56:12","modified_gmt":"2025-10-20T05:56:12","slug":"el-acuarelista-de-elche-saorin-medalla-de-honor-de-la-asociacion-espanola-de-pintores-y-escultores","status":"publish","type":"post","link":"https:\/\/www.europesays.com\/es\/188687\/","title":{"rendered":"El acuarelista de Elche Saorin, Medalla de Honor de la Asociaci\u00f3n Espa\u00f1ola de Pintores y Escultores"},"content":{"rendered":"<p class=\"ft-text ft-helper-closenews\">El reconocido <strong>acuarelista jumillano y afincado en <\/strong><a class=\"ft-link ft-link--decoration\" href=\"https:\/\/www.informacion.es\/elche\/\" rel=\"nofollow noopener\" target=\"_blank\"><strong>Elche<\/strong><\/a><strong>, Jes\u00fas Lozano, Saorin<\/strong>, ha sido distinguido con la Medalla de Honor de la <strong>Asociaci\u00f3n Espa\u00f1ola de Pintores y Escultores (AEPE)<\/strong>, el galard\u00f3n m\u00e1s importante otorgado por esta instituci\u00f3n centenaria y uno de los reconocimientos m\u00e1s prestigiosos del panorama art\u00edstico espa\u00f1ol. La noticia le fue comunicada oficialmente el pasado 1 de octubre, mediante una carta firmada por el presidente de la AEPE, Jos\u00e9 Gabriel Astudillo L\u00f3pez, quien defendi\u00f3 el galard\u00f3n por su <strong>\u00abcalidad humana, valores, referentes, calidez y personalidad\u00bb<\/strong><\/p>\n<p class=\"ft-text\">Fundada en 1910 en la<strong> Escuela de Bellas Artes de San Fernando<\/strong>, la AEPE es la asociaci\u00f3n profesional de artistas pl\u00e1sticos m\u00e1s antigua e influyente de Espa\u00f1a. Entre sus fundadores figuran nombres ilustres como Joaqu\u00edn Sorolla, Ricardo Baroja, Jos\u00e9 Pinazo o Aureliano de Beruete. Desde 1964, los ahora reyes em\u00e9ritos ostentan la Presidencia de Honor de la entidad.<\/p>\n<p>Referentes<\/p>\n<p class=\"ft-text\">Esta Medalla de Honor, que se ha concedido en contadas ocasiones, reconoce la contribuci\u00f3n excepcional al arte y la cultura. En su historial figuran personalidades como <strong>Julio L\u00f3pez Hern\u00e1ndez, Eduardo Naranjo, Rafael Canogar o el mecenas Rafael Bot\u00ed Torres<\/strong>, entre otros.<\/p>\n<p class=\"ft-text\">Para el pintor realista esta es \u00abla distinci\u00f3n m\u00e1s importante\u00bb de su carrera art\u00edstica por tratarse de un premio al que uno no puede presentarse por iniciativa propia. Lo que para \u00e9l es un gesto \u00abprofundamente hermoso\u00bb le impulsa a seguir adelante en el mundo de las artes pl\u00e1sticas.<\/p>\n<p><img decoding=\"async\" src=\"https:\/\/www.europesays.com\/es\/wp-content\/uploads\/2025\/10\/96764855-106c-4b0f-833f-36b4437d790f_alta-libre-aspect-ratio_default_0.jpg\" width=\"1200\" height=\"675\" alt=\"Jos\u00e9 Lozano Saor\u00edn, pintor realista afincado en Elche, expondr\u00e1 dos cuadros en una colectiva en Oporto\" class=\"ft-helper-img-rd\" loading=\"lazy\" hasdataaida=\"true\"\/><\/p>\n<p class=\"ft-helper-fontColor-quaternary ft-helper-fontSize-body-S ft-helper-spacer-t-xxs\">Jos\u00e9 Lozano Saor\u00edn, pintor realista afincado en Elche, expondr\u00e1 dos cuadros en una colectiva en Oporto  \/ MAT\u00cdAS SEGARRA<\/p>\n<p>Exposiciones<\/p>\n<p class=\"ft-text\">El pintor, que este a\u00f1o ha protagonizado cinco exposiciones internacionales, entre ellas en<strong> Oporto y Nueva York<\/strong>, considera esta medalla como el \u00abbroche de oro\u00bb a un a\u00f1o especialmente intenso y fruct\u00edfero. \u00abEspero con enorme entusiasmo el d\u00eda de la entrega (que ser\u00e1 en 2026), convencido de que ser\u00e1 uno de los momentos m\u00e1s felices de mi vida art\u00edstica\u00bb, manifiesta.<\/p>\n<p>Trayectoria<\/p>\n<p class=\"ft-text\">El artista ha participado en <strong>m\u00e1s de 200 exposiciones <\/strong>por todo el mundo, atesora cerca de <strong>medio centenar de premios y una treintena de sus obras est\u00e1n en museos, colecciones p\u00fablicas y fundaciones<\/strong>. Hace dos a\u00f1os public\u00f3 \u00abSaorin, archivo de la memoria\u00bb, un libro recopilatorio que recorri\u00f3 todas sus obras desde su primera exposici\u00f3n individual en los ochenta hasta 2022.<\/p>\n<p data-close=\"closedContent\" class=\"subscribeHideForDisplay\">Suscr\u00edbete para seguir leyendo<\/p>\n","protected":false},"excerpt":{"rendered":"El reconocido acuarelista jumillano y afincado en Elche, Jes\u00fas Lozano, Saorin, ha sido distinguido con la Medalla de&hellip;\n","protected":false},"author":2,"featured_media":188688,"comment_status":"","ping_status":"","sticky":false,"template":"","format":"standard","meta":{"footnotes":""},"categories":[173],"tags":[52931,12978,229,233,231,230,232,234,146,147,25,24,9228,5782,3370,474,237,1905,52932,23],"class_list":{"0":"post-188687","1":"post","2":"type-post","3":"status-publish","4":"format-standard","5":"has-post-thumbnail","7":"category-arte-y-diseno","8":"tag-acuarelista","9":"tag-antigua","10":"tag-arte","11":"tag-arte-y-diseno","12":"tag-arts","13":"tag-arts-and-design","14":"tag-design","15":"tag-diseno","16":"tag-entertainment","17":"tag-entretenimiento","18":"tag-es","19":"tag-espana","20":"tag-honor","21":"tag-jesus","22":"tag-medalla","23":"tag-obras","24":"tag-pintores","25":"tag-san-fernando","26":"tag-saorin","27":"tag-spain"},"share_on_mastodon":{"url":"https:\/\/pubeurope.com\/@es\/115404956477544803","error":""},"_links":{"self":[{"href":"https:\/\/www.europesays.com\/es\/wp-json\/wp\/v2\/posts\/188687","targetHints":{"allow":["GET"]}}],"collection":[{"href":"https:\/\/www.europesays.com\/es\/wp-json\/wp\/v2\/posts"}],"about":[{"href":"https:\/\/www.europesays.com\/es\/wp-json\/wp\/v2\/types\/post"}],"author":[{"embeddable":true,"href":"https:\/\/www.europesays.com\/es\/wp-json\/wp\/v2\/users\/2"}],"replies":[{"embeddable":true,"href":"https:\/\/www.europesays.com\/es\/wp-json\/wp\/v2\/comments?post=188687"}],"version-history":[{"count":0,"href":"https:\/\/www.europesays.com\/es\/wp-json\/wp\/v2\/posts\/188687\/revisions"}],"wp:featuredmedia":[{"embeddable":true,"href":"https:\/\/www.europesays.com\/es\/wp-json\/wp\/v2\/media\/188688"}],"wp:attachment":[{"href":"https:\/\/www.europesays.com\/es\/wp-json\/wp\/v2\/media?parent=188687"}],"wp:term":[{"taxonomy":"category","embeddable":true,"href":"https:\/\/www.europesays.com\/es\/wp-json\/wp\/v2\/categories?post=188687"},{"taxonomy":"post_tag","embeddable":true,"href":"https:\/\/www.europesays.com\/es\/wp-json\/wp\/v2\/tags?post=188687"}],"curies":[{"name":"wp","href":"https:\/\/api.w.org\/{rel}","templated":true}]}}