{"id":188691,"date":"2025-10-20T05:59:08","date_gmt":"2025-10-20T05:59:08","guid":{"rendered":"https:\/\/www.europesays.com\/es\/188691\/"},"modified":"2025-10-20T05:59:08","modified_gmt":"2025-10-20T05:59:08","slug":"supervivientes-all-stars-vive-su-expulsion-mas-dolorosa-ajustada-y-lacrimogena-a-las-puertas-de-la-final-el-mundo","status":"publish","type":"post","link":"https:\/\/www.europesays.com\/es\/188691\/","title":{"rendered":"Supervivientes All Stars vive su expulsi\u00f3n m\u00e1s dolorosa, ajustada y lacrim\u00f3gena a las puertas de la final &#8211; El Mundo"},"content":{"rendered":"<ol>\n<li><a href=\"https:\/\/news.google.com\/rss\/articles\/CBMiiwFBVV95cUxPd2ZuQmVaeFl2bU11cmVSWEN3Skpucldnb1dKNWNKeXBuOXFYRE9STC1HTUtjTWV2UDNXQTg5YmJZQk9meU9WZ2doQS0wQ25aVXhkOFVtLU5WUS1KZGdxZ2hsakgweGxmdDB5UmVrbVpGM2czMzZPR0taN3dpUFJ3cXRzMGxVVFM1bGw00gGLAUFVX3lxTE5sUnVWN0tXejd2VjVQLTJyU2RjTFpHU3pWdndhbTlKWHEzM3pSX2hVbEowT19McTRrZ3BueFhTc0NodnZBNDVucXVFNy1yc25mdkE2bDJhdUNlR0VleFZwczlnVDhpcDMza0F1T0NqTWlERzQxNXVlSXRieWV1WGNFSFVWNV9wRUpIR1E?oc=5\" target=\"_blank\" rel=\"nofollow noopener\">Supervivientes All Stars vive su expulsi\u00f3n m\u00e1s dolorosa, ajustada y lacrim\u00f3gena a las puertas de la final<\/a>&nbsp;&nbsp;El Mundo<\/li>\n<li><a href=\"https:\/\/news.google.com\/rss\/articles\/CBMiwwFBVV95cUxONjg2M1NaMk9EbHQtbGlqSWdrYjhiQ2xHY1ZLeWZIcEdadUQtdmU4OTE1Y0x0VFB3aWE5VkFNYVNYendQbzAxUjltbFhWV3NCQm1VNGI3MjdEcUNNc1NWcHFxUmdkZUZrWDlIMUZkUnBzS2lVR19jdGNvckVoLVEyV1B6dVE1dXE3alRqX0xPRWhLODM0TDNubk9STGROcTcxZjgyRHRrMUd0X2FzRjluS3daMjJyVVUyU3VvZHliNlcxQjDSAcgBQVVfeXFMUEZWSDFfMUlrb2NyWWdkeHZfWUdHbkNFX0M2VU13ZUJPWjJ2QkJSU2ZBdFJXTlk2SzNXSy0wNzRFNnlZaGttR2hqZHV1bDBfOHg3bk9lazZLb3JGZl84R0ZpNHJkLTVSM3VqN1JkeWVvS1FObVB3cWNOb251aGI3c2ItYUVkcDloYTRZaVh2REF2SVR6SjdLQnFjNGljVHZtSFdDSU0xZmdxeGllandvMXJ1eGhUVWx2ajU4S0tCSXZqYVFlcmZoSnU?oc=5\" target=\"_blank\" rel=\"nofollow noopener\">Supervivientes All Stars 2025: nominados, salvaci\u00f3n y \u00faltima hora del reality, hoy en directo<\/a>&nbsp;&nbsp;El Confidencial<\/li>\n<li><a href=\"https:\/\/news.google.com\/rss\/articles\/CBMisAFBVV95cUxPQUtLMnc3am9OZVZDSFZUNzdtT1NPOHpRZlpXc0c2T3VtZldNeHpfSy1aMTI3SXF1V3h4RXpCV1VXRjVpS0xnTDY4TUNwVFBoT0pWZlQ3X0NvZFFucWMxOUdsSzE5VzdRMXRqWnlVaW9tVlh6TUFuNGpJTzBQVUlIVXhJVFRrZDVJYUtaRGx6aGJuZTNpaDF0WWpINWdjb18wc3ZhNUl2T2pkQW5LSVh0Xw?oc=5\" target=\"_blank\" rel=\"nofollow noopener\">Gloria Camilla se convierte en la expulsada definitiva de &#8216;Supervivientes All Stars&#8217;: \u00abTe ten\u00edas que haber quedado t\u00fa\u00bb<\/a>&nbsp;&nbsp;Semana<\/li>\n<li><a href=\"https:\/\/news.google.com\/rss\/articles\/CBMizwFBVV95cUxQb196MG1ZVG5xTjhVOE1GNU90VnFjb3ZZMDUtVW9xdzlGNVFBTV90YmEtVHFSMDc4Z3JkcjAtSDBadDJlV2YzVGFzV2JnM214d3Q2WGZZc2s5eHltQklGTG9HcHdlRWo4YjhXc3pQNUhhV1kxSi1ZUHJvSHdDVEF1d1ZPY3V5Ul9KQkNpSDlBZHdrdGxVZzBiT2Z3RkI4ajlPSFd2aF9lbUdKVmItQXJDeUs3VFRmN2l1dkVLTExvTC13Q0pveXZ4OERKTV9rQ2M?oc=5\" target=\"_blank\" rel=\"nofollow noopener\">La dram\u00e1tica expulsi\u00f3n de &#8216;Supervivientes All Stars&#8217; se salda con una de las &#8216;estrellas&#8217; de la edici\u00f3n<\/a>&nbsp;&nbsp;20Minutos<\/li>\n<\/ol>\n","protected":false},"excerpt":{"rendered":"Supervivientes All Stars vive su expulsi\u00f3n m\u00e1s dolorosa, ajustada y lacrim\u00f3gena a las puertas de la final&nbsp;&nbsp;El Mundo&hellip;\n","protected":false},"author":2,"featured_media":188692,"comment_status":"","ping_status":"","sticky":false,"template":"","format":"standard","meta":{"footnotes":""},"categories":[171],"tags":[146,147,25,24,5929,23,3947,692,807,32358,214],"class_list":{"0":"post-188691","1":"post","2":"type-post","3":"status-publish","4":"format-standard","5":"has-post-thumbnail","7":"category-tv","8":"tag-entertainment","9":"tag-entretenimiento","10":"tag-es","11":"tag-espana","12":"tag-gloria-camila","13":"tag-spain","14":"tag-supervivientes","15":"tag-telecinco","16":"tag-television","17":"tag-television-momentvs","18":"tag-tv"},"share_on_mastodon":{"url":"https:\/\/pubeurope.com\/@es\/115404968045750795","error":""},"_links":{"self":[{"href":"https:\/\/www.europesays.com\/es\/wp-json\/wp\/v2\/posts\/188691","targetHints":{"allow":["GET"]}}],"collection":[{"href":"https:\/\/www.europesays.com\/es\/wp-json\/wp\/v2\/posts"}],"about":[{"href":"https:\/\/www.europesays.com\/es\/wp-json\/wp\/v2\/types\/post"}],"author":[{"embeddable":true,"href":"https:\/\/www.europesays.com\/es\/wp-json\/wp\/v2\/users\/2"}],"replies":[{"embeddable":true,"href":"https:\/\/www.europesays.com\/es\/wp-json\/wp\/v2\/comments?post=188691"}],"version-history":[{"count":0,"href":"https:\/\/www.europesays.com\/es\/wp-json\/wp\/v2\/posts\/188691\/revisions"}],"wp:featuredmedia":[{"embeddable":true,"href":"https:\/\/www.europesays.com\/es\/wp-json\/wp\/v2\/media\/188692"}],"wp:attachment":[{"href":"https:\/\/www.europesays.com\/es\/wp-json\/wp\/v2\/media?parent=188691"}],"wp:term":[{"taxonomy":"category","embeddable":true,"href":"https:\/\/www.europesays.com\/es\/wp-json\/wp\/v2\/categories?post=188691"},{"taxonomy":"post_tag","embeddable":true,"href":"https:\/\/www.europesays.com\/es\/wp-json\/wp\/v2\/tags?post=188691"}],"curies":[{"name":"wp","href":"https:\/\/api.w.org\/{rel}","templated":true}]}}