{"id":188775,"date":"2025-10-20T06:53:08","date_gmt":"2025-10-20T06:53:08","guid":{"rendered":"https:\/\/www.europesays.com\/es\/188775\/"},"modified":"2025-10-20T06:53:08","modified_gmt":"2025-10-20T06:53:08","slug":"ataques-cruzados-y-bloqueo-de-la-ayuda-la-paz-en-gaza-pende-de-un-hilo-el-pais-expres","status":"publish","type":"post","link":"https:\/\/www.europesays.com\/es\/188775\/","title":{"rendered":"Ataques cruzados y bloqueo de la ayuda: la paz en Gaza pende de un hilo | El PA\u00cdS Expr\u00e9s"},"content":{"rendered":"<p><img fetchpriority=\"high\" decoding=\"auto\" class=\"_re  a_m-h\" height=\"414\"  width=\"414\"  src=\"https:\/\/www.europesays.com\/es\/wp-content\/uploads\/2025\/10\/C6SUQTE2UBGH7NOUAJXJOCYX6U.JPG\" loading=\"eager\"\/>Smoke rises from Gaza following an explosion, as seen from Israel, October 19, 2025. REUTERS\/Amir CohenFOTO: Amir Cohen (REUTERS)<\/p>\n<p class=\"\">Israel ha vuelto a bombardear Gaza este domingo, causando al menos 36 v\u00edctimas mortales. Benjam\u00edn Netanyahu ha ordenado a su ej\u00e9rcito que responda de forma \u201ccontundente\u201d contra \u201cobjetivos terroristas\u201d tras acusar a Ham\u00e1s de atacar y acabar con la vida de dos soldados israel\u00edes en Rafah.<\/p>\n<ul>\n<li>Los misiles cayeron sobre distintos puntos de la Franja y el Gobierno de Netanyahu orden\u00f3 el bloqueo de la entrada de ayuda humanitaria.<\/li>\n<\/ul>\n<p class=\"\"><b>Ambas partes acusan a la otra de incumplir la tregua: <\/b><\/p>\n<ul>\n<li>El ej\u00e9rcito israel\u00ed afirma que combatientes palestinos hab\u00edan abierto fuego contra tropas israel\u00edes en la zona y ha justificado su ofensiva como respuesta. <\/li>\n<li>Por su parte, la milicia palestina ha reiterado su compromiso con la tregua y ha acusado a Israel de buscar \u201cpretextos para sus cr\u00edmenes\u201d.<\/li>\n<\/ul>\n<p class=\"\"><b>Y Estados Unidos a\u00f1ade presi\u00f3n. <\/b>La Administraci\u00f3n de Trump acus\u00f3 el s\u00e1bado a Ham\u00e1s de violar el alto el fuego con ataques a la gente de Gaza.<\/p>\n<ul>\n<li>Ham\u00e1s defiende, en cambio, que \u201clo que Washington describe como civiles\u201d son en realidad \u201cmilicias financiadas por Israel\u201d con la misi\u00f3n de esparcir el caos en el enclave.<\/li>\n<\/ul>\n<p class=\"\"><b>La primera fase de la tregua se tambalea.<\/b> Las autoridades israel\u00edes tambi\u00e9n difunden la idea de que Ham\u00e1s retiene cuerpos sin vida de rehenes que podr\u00eda devolver a Israel de manera inmediata.<\/p>\n<ul>\n<li>El movimiento palestino lo niega y avisa de que una \u201cescalada\u201d israel\u00ed obstaculizar\u00eda la b\u00fasqueda de m\u00e1s cad\u00e1veres de rehenes.<\/li>\n<\/ul>\n<p class=\"\">\u00a9Foto: Amir Cohen (Reuters)<\/p>\n<p class=\"\"><a href=\"https:\/\/elpais.com\/internacional\/2025-10-19\/israel-bombardea-el-sur-y-centro-de-gaza-tras-acusar-a-hamas-de-violar-el-alto-el-fuego.html\" target=\"_self\" rel=\"nofollow noopener\" title=\"https:\/\/elpais.com\/internacional\/2025-10-19\/israel-bombardea-el-sur-y-centro-de-gaza-tras-acusar-a-hamas-de-violar-el-alto-el-fuego.html\">Si quieres saber m\u00e1s, puedes leer aqu\u00ed.<\/a><\/p>\n","protected":false},"excerpt":{"rendered":"Smoke rises from Gaza following an explosion, as seen from Israel, October 19, 2025. REUTERS\/Amir CohenFOTO: Amir Cohen&hellip;\n","protected":false},"author":2,"featured_media":188776,"comment_status":"","ping_status":"","sticky":false,"template":"","format":"standard","meta":{"footnotes":""},"categories":[42],"tags":[4163,17,18,13,14,73,69,75,11,61,62,63,64,74,19,20,9,10,15,16,12,21,22,65,66,67],"class_list":{"0":"post-188775","1":"post","2":"type-post","3":"status-publish","4":"format-standard","5":"has-post-thumbnail","7":"category-internacional","8":"tag-alto-el-fuego","9":"tag-breaking-news","10":"tag-breakingnews","11":"tag-featured-news","12":"tag-featurednews","13":"tag-franja-gaza","14":"tag-guerra","15":"tag-hamas","16":"tag-headlines","17":"tag-internacional","18":"tag-international","19":"tag-international-news","20":"tag-internationalnews","21":"tag-israel","22":"tag-latest-news","23":"tag-latestnews","24":"tag-news","25":"tag-noticias","26":"tag-noticias-destacadas","27":"tag-noticiasdestacadas","28":"tag-titulares","29":"tag-ultimas-noticias","30":"tag-ultimasnoticias","31":"tag-world","32":"tag-world-news","33":"tag-worldnews"},"share_on_mastodon":{"url":"https:\/\/pubeurope.com\/@es\/115405180446912671","error":""},"_links":{"self":[{"href":"https:\/\/www.europesays.com\/es\/wp-json\/wp\/v2\/posts\/188775","targetHints":{"allow":["GET"]}}],"collection":[{"href":"https:\/\/www.europesays.com\/es\/wp-json\/wp\/v2\/posts"}],"about":[{"href":"https:\/\/www.europesays.com\/es\/wp-json\/wp\/v2\/types\/post"}],"author":[{"embeddable":true,"href":"https:\/\/www.europesays.com\/es\/wp-json\/wp\/v2\/users\/2"}],"replies":[{"embeddable":true,"href":"https:\/\/www.europesays.com\/es\/wp-json\/wp\/v2\/comments?post=188775"}],"version-history":[{"count":0,"href":"https:\/\/www.europesays.com\/es\/wp-json\/wp\/v2\/posts\/188775\/revisions"}],"wp:featuredmedia":[{"embeddable":true,"href":"https:\/\/www.europesays.com\/es\/wp-json\/wp\/v2\/media\/188776"}],"wp:attachment":[{"href":"https:\/\/www.europesays.com\/es\/wp-json\/wp\/v2\/media?parent=188775"}],"wp:term":[{"taxonomy":"category","embeddable":true,"href":"https:\/\/www.europesays.com\/es\/wp-json\/wp\/v2\/categories?post=188775"},{"taxonomy":"post_tag","embeddable":true,"href":"https:\/\/www.europesays.com\/es\/wp-json\/wp\/v2\/tags?post=188775"}],"curies":[{"name":"wp","href":"https:\/\/api.w.org\/{rel}","templated":true}]}}