{"id":188781,"date":"2025-10-20T06:57:07","date_gmt":"2025-10-20T06:57:07","guid":{"rendered":"https:\/\/www.europesays.com\/es\/188781\/"},"modified":"2025-10-20T06:57:07","modified_gmt":"2025-10-20T06:57:07","slug":"las-charlas-de-la-racal-trataran-sobre-la-vision-de-los-visitantes-foraneos-a-los-espectaculos-taurinos-en-los-siglos-xviii-y-xix","status":"publish","type":"post","link":"https:\/\/www.europesays.com\/es\/188781\/","title":{"rendered":"Las charlas de la RACAL tratar\u00e1n sobre la visi\u00f3n de los visitantes for\u00e1neos a los espect\u00e1culos taurinos en los siglos XVIII y XIX"},"content":{"rendered":"<p>En el siglo XVIII el viaje incorpora nuevas finalidades y a partir de ellas va adquiriendo cada vez m\u00e1s importancia como herramienta de conocimiento entre la intelectualidad y el mundo art\u00edstico en un proceso que tendr\u00e1 continuidad en la siguiente centuria. Desplazarse, ver y volver para divulgar componen un m\u00e9todo emp\u00edrico de instrucci\u00f3n y aprendizaje que llega a ser una pr\u00e1ctica com\u00fan en las sociedades europeas en muchos casos fomentada y financiada por las instituciones en un proceso que, de paso, iba a contribuir a modernizar Europa. Dentro de esa pr\u00e1ctica fueron numerosos los viajeros que durante esos dos siglos llegaron a nuestro pa\u00eds y, al anotar en sus memorias y cuadernos de viajes nuestras para ellos en gran medida ex\u00f3ticas costumbres y pr\u00e1cticas, en bastantes ocasiones reflejaron desde su for\u00e1neo punto de vista el mundo de la tauromaquia. Acercarse a esa visi\u00f3n ser\u00e1 lo que haga este martes 21 de octubre el escritor y experto precisamente en literatura de viajes Paolo D\u00b4Alessandro en su intervenci\u00f3n \u2013bajo el t\u00edtulo de \u201cLa inhuman\u00edsima fiesta. Los viajeros y los toros en la Espa\u00f1a de los siglos XVIII y XIX\u201d \u2013 en los llamados \u201cMartes de la Academia\u201d que, tras la reciente inauguraci\u00f3n de su nuevo curso, vuelve a organizar, como cada a\u00f1o, la Real Academia Conquense de Artes y Letras. Ser\u00e1 a partir de las ocho de la tarde en el sal\u00f3n de actos de su sede en la \u00faltima planta del edificio de las antiguas Escuelas de San Ant\u00f3n de Cuenca, junto a la iglesia de la Virgen de la Luz, con, como siempre, entrada libre y gratuita.<\/p>\n<p><img loading=\"lazy\" data-lazyloaded=\"1\" decoding=\"async\" class=\"aligncenter size-full wp-image-447422\" src=\"https:\/\/www.europesays.com\/es\/wp-content\/uploads\/2025\/10\/Las-charlas-de-la-RACAL-trataran-sobre-la-vision-de-los-visitantes-foraneos-a-los-espectaculos-tauri.jpeg\" alt=\"Las charlas de la RACAL tratar\u00e1n sobre la visi\u00f3n de los visitantes for\u00e1neos a los espect\u00e1culos taurinos en los siglos XVIII y XIX\" width=\"613\" height=\"480\"  data-\/><\/p>\n<p><strong>\u00a0Un tema complejo y controvertido<\/strong><\/p>\n<p>\u00bfPor qu\u00e9 las corridas de toros atra\u00edan tanto a los viajeros del pasado, al margen de las sensaciones que les proporcionaban? \u00bfQuiz\u00e1 se limitaban a ver en ellas un simple rasgo identitario, una llamada at\u00e1vica, una excentricidad o un gustoso material narrativo o percib\u00edan en su mezcla de violencia y audacia un contrapunto al modelo de cultura y progreso dominante en Europa a partir del Siglo de las Luces? Son preguntas que tampoco deben dar de lado el hecho de que tambi\u00e9n es una realidad que en nuestro pa\u00eds a la profunda tradici\u00f3n taurina en \u00e9l existente se contrapone otra que, por contra, considera la corrida de toros como una r\u00e9mora al desarrollo de su progreso civilizatorio. D\u00b4Alessandro abordar\u00e1 en su charla de la RACAL esa compleja dial\u00e9ctica de reacciones, ideas y experiencias contenidas en los libros de los viajeros for\u00e1neos entrelazada con las voces de los espa\u00f1oles que a su vez han desarrollado sus posturas sobre el mismo asunto.<\/p>\n<p><strong>El conferenciante<\/strong><\/p>\n<p>Paolo D\u2019Alessandro es escritor y traductor y, como ya se ha se\u00f1alado, experto en literatura de viajes, una literatura sobre la que, por ejemplo, comisari\u00f3 la muy interesante exposici\u00f3n\u00a0\u201cPalabras de viajeros. El viaje literario y su aportaci\u00f3n a la cultura europea\u201d que se desarroll\u00f3 en la Biblioteca Nacional de Espa\u00f1a entre 2023 y 2024 y de la que tambi\u00e9n edit\u00f3 su cat\u00e1logo. Ha publicado, entre otros t\u00edtulos, \u201cViaje a las malas costumbres. Animales y crueldad en las fiestas populares\u201d o \u201cLocutorio y otras cr\u00f3nicas\u201d. Tambi\u00e9n ha editado con Attilio Brilli la traducci\u00f3n italiana del\u00a0\u201cViaje de Italia\u201d\u00a0de Leandro Fern\u00e1ndez de Morat\u00edn, y en italiano la novela\u00a0\u201cColloqui\u201d\u00a0o el ensayo\u00a0\u201cCronistoria del Caff\u00e8 dei Costanti\u201d\u00a0entre otros textos.<\/p>\n","protected":false},"excerpt":{"rendered":"En el siglo XVIII el viaje incorpora nuevas finalidades y a partir de ellas va adquiriendo cada vez&hellip;\n","protected":false},"author":2,"featured_media":188782,"comment_status":"","ping_status":"","sticky":false,"template":"","format":"standard","meta":{"footnotes":""},"categories":[277],"tags":[373,168,25,24,23,167,374],"class_list":{"0":"post-188781","1":"post","2":"type-post","3":"status-publish","4":"format-standard","5":"has-post-thumbnail","7":"category-toreo","8":"tag-bullfighting","9":"tag-deportes","10":"tag-es","11":"tag-espana","12":"tag-spain","13":"tag-sports","14":"tag-toreo"},"share_on_mastodon":{"url":"https:\/\/pubeurope.com\/@es\/115405196321518710","error":""},"_links":{"self":[{"href":"https:\/\/www.europesays.com\/es\/wp-json\/wp\/v2\/posts\/188781","targetHints":{"allow":["GET"]}}],"collection":[{"href":"https:\/\/www.europesays.com\/es\/wp-json\/wp\/v2\/posts"}],"about":[{"href":"https:\/\/www.europesays.com\/es\/wp-json\/wp\/v2\/types\/post"}],"author":[{"embeddable":true,"href":"https:\/\/www.europesays.com\/es\/wp-json\/wp\/v2\/users\/2"}],"replies":[{"embeddable":true,"href":"https:\/\/www.europesays.com\/es\/wp-json\/wp\/v2\/comments?post=188781"}],"version-history":[{"count":0,"href":"https:\/\/www.europesays.com\/es\/wp-json\/wp\/v2\/posts\/188781\/revisions"}],"wp:featuredmedia":[{"embeddable":true,"href":"https:\/\/www.europesays.com\/es\/wp-json\/wp\/v2\/media\/188782"}],"wp:attachment":[{"href":"https:\/\/www.europesays.com\/es\/wp-json\/wp\/v2\/media?parent=188781"}],"wp:term":[{"taxonomy":"category","embeddable":true,"href":"https:\/\/www.europesays.com\/es\/wp-json\/wp\/v2\/categories?post=188781"},{"taxonomy":"post_tag","embeddable":true,"href":"https:\/\/www.europesays.com\/es\/wp-json\/wp\/v2\/tags?post=188781"}],"curies":[{"name":"wp","href":"https:\/\/api.w.org\/{rel}","templated":true}]}}