{"id":188800,"date":"2025-10-20T07:10:10","date_gmt":"2025-10-20T07:10:10","guid":{"rendered":"https:\/\/www.europesays.com\/es\/188800\/"},"modified":"2025-10-20T07:10:10","modified_gmt":"2025-10-20T07:10:10","slug":"un-cubano-revive-el-lado-mas-oscuro-de-goya-en-una-impactante-pelicula-animada","status":"publish","type":"post","link":"https:\/\/www.europesays.com\/es\/188800\/","title":{"rendered":"Un cubano revive el lado m\u00e1s oscuro de Goya en una impactante pel\u00edcula animada"},"content":{"rendered":"<p>El director y dise\u00f1ador hispanocubano <strong>James A. Castillo<\/strong> se adentra en el universo m\u00e1s inquietante de <strong>Francisco de Goya<\/strong> con la pel\u00edcula de animaci\u00f3n El fantasma de la Quinta, una obra que explora la relaci\u00f3n entre el arte, la muerte y la locura desde una mirada profundamente humana.<\/p>\n<p>En entrevista con EFE, publicada por <a href=\"https:\/\/laconexionusa.com\/el-cubano-james-a-castillo-retrata-a-goya-en-la-quinta-del-sordo-en-un-filme-de-animacion\/\" rel=\"nofollow noopener\" target=\"_blank\">La Conexi\u00f3n USA<\/a>, Castillo explic\u00f3 que el proyecto naci\u00f3 de su inter\u00e9s por llevar la animaci\u00f3n a territorios poco explorados, en este caso el terror, y de la necesidad de reflexionar sobre \u201cla mortalidad y el arte\u201d.<\/p>\n<p>\u201cGoya reun\u00eda todos los temas que quer\u00eda tratar: la historia de Espa\u00f1a, la muerte, el arte, su cr\u00edtica a la Iglesia y la Inquisici\u00f3n\u201d, se\u00f1al\u00f3 el realizador, quien confes\u00f3 que desde ni\u00f1o lo marc\u00f3 la visi\u00f3n del famoso cuadro Saturno devorando a su hijo.<\/p>\n<p>El filme, presentado en el <strong>Festival de Sitges (Espa\u00f1a)<\/strong>, retrata al Goya de 1819, un hombre de 72 a\u00f1os, viudo, enfermo y sordo, que se refugia en la <strong>Quinta del Sordo<\/strong> buscando paz, pero termina enfrentado a sus propios fantasmas mientras crea las c\u00e9lebres Pinturas negras sobre las paredes de su casa.<\/p>\n<p>Castillo decidi\u00f3 narrar la historia desde la perspectiva de la finca misma, convertida en un \u201cnarrador omnisciente\u201d que observa con horror, compasi\u00f3n y fascinaci\u00f3n al artista en su declive.<\/p>\n<p><strong>\u201cQuise centrarme en Francisco, el hombre detr\u00e1s del genio\u201d<\/strong>, explic\u00f3 el director, quien concibe la pel\u00edcula como un intento de arrancar la p\u00e1tina hist\u00f3rica del personaje y mostrar su fragilidad. En su visi\u00f3n, Goya no es solo el pintor universal, sino un ser humano atrapado entre la enfermedad, la soledad y sus visiones interiores.<\/p>\n<p>A lo largo del proceso creativo, el cineasta cont\u00f3 con la colaboraci\u00f3n del guionista <strong>Julio Serrano<\/strong>, quien ayud\u00f3 a construir la atm\u00f3sfera emocional del relato. La ausencia de informaci\u00f3n precisa sobre los \u00faltimos a\u00f1os del pintor \u2014marcados por la muerte de su esposa y de su mejor amigo, Mart\u00edn Zapater\u2014 permiti\u00f3 a Castillo especular libremente sobre lo que pudo haber ocurrido en aquella casa, sin perder el respeto por el trasfondo hist\u00f3rico.<\/p>\n<p>El realizador record\u00f3 que las Pinturas negras permanecieron ocultas durante sesenta a\u00f1os, y que el propio Goya muri\u00f3 sin saber que alg\u00fan d\u00eda ser\u00edan vistas. Esa idea de la creaci\u00f3n como un acto \u00edntimo, condenado al silencio, atraviesa toda la pel\u00edcula.<\/p>\n<p>Con El fantasma de la Quinta, <strong>James A. Castillo<\/strong>, artista de origen cubano formado entre La Habana, Espa\u00f1a y Reino Unido, rescata la figura de Goya desde una sensibilidad contempor\u00e1nea, donde la animaci\u00f3n se convierte en veh\u00edculo para explorar los l\u00edmites del arte, la locura y la memoria. Una mirada que, desde lo cubano y lo universal, devuelve vida y emoci\u00f3n a uno de los cap\u00edtulos m\u00e1s oscuros de la historia del arte.<\/p>\n<p>Preguntas frecuentes sobre \u00abEl fantasma de la Quinta\u00bb y Francisco de Goya\u00bfDe qu\u00e9 trata la pel\u00edcula \u00abEl fantasma de la Quinta\u00bb?<\/p>\n<p itemprop=\"text\"><strong>\u00abEl fantasma de la Quinta\u00bb es una pel\u00edcula de animaci\u00f3n que explora la vida de Francisco de Goya en sus \u00faltimos a\u00f1os,<\/strong> centr\u00e1ndose en su lucha con la enfermedad, la soledad y las visiones oscuras que inspiraron sus famosas Pinturas negras. La historia se narra desde la perspectiva de su casa, la Quinta del Sordo, en un intento de humanizar al genio detr\u00e1s del arte.<\/p>\n<p>\u00bfQui\u00e9n dirigi\u00f3 \u00abEl fantasma de la Quinta\u00bb y cu\u00e1l fue su inspiraci\u00f3n?<\/p>\n<p itemprop=\"text\"><strong>La pel\u00edcula fue dirigida por el hispanocubano James A. Castillo,<\/strong> quien se inspir\u00f3 en la vida de Goya y su obra para explorar temas como la mortalidad y el arte. Castillo fue influenciado desde ni\u00f1o por el cuadro \u00abSaturno devorando a su hijo\u00bb, y busc\u00f3 llevar la animaci\u00f3n a territorios poco explorados, como el terror, para ofrecer una reflexi\u00f3n profunda sobre el ser humano detr\u00e1s del pintor.<\/p>\n<p>\u00bfC\u00f3mo se aborda el tema de las Pinturas negras en la pel\u00edcula?<\/p>\n<p itemprop=\"text\"><strong>En \u00abEl fantasma de la Quinta\u00bb, las Pinturas negras son una manifestaci\u00f3n del estado mental de Goya,<\/strong> quien, viudo y enfermo, se enfrenta a sus propios fantasmas mientras pinta en las paredes de su casa. La pel\u00edcula sugiere que estas obras, ocultas durante a\u00f1os, son un reflejo \u00edntimo y silencioso del sufrimiento y la creatividad del artista en sus \u00faltimos d\u00edas.<\/p>\n<p>\u00bfCu\u00e1l es el enfoque de James A. Castillo sobre Francisco de Goya en la pel\u00edcula?<\/p>\n<p itemprop=\"text\"><strong>James A. Castillo busca mostrar a Francisco de Goya como un ser humano vulnerable,<\/strong> atrapado entre la enfermedad y la soledad, m\u00e1s all\u00e1 de su figura de pintor universal. La pel\u00edcula intenta despojar al personaje de su p\u00e1tina hist\u00f3rica para revelar su fragilidad y sus luchas internas, resaltando su cr\u00edtica a la Iglesia y la Inquisici\u00f3n, as\u00ed como su obsesi\u00f3n con la muerte y el arte.<\/p>\n","protected":false},"excerpt":{"rendered":"El director y dise\u00f1ador hispanocubano James A. Castillo se adentra en el universo m\u00e1s inquietante de Francisco de&hellip;\n","protected":false},"author":2,"featured_media":188801,"comment_status":"","ping_status":"","sticky":false,"template":"","format":"standard","meta":{"footnotes":""},"categories":[169],"tags":[229,7542,177,12374,52942,209,146,147,25,24,176,2661,175,23,1018],"class_list":{"0":"post-188800","1":"post","2":"type-post","3":"status-publish","4":"format-standard","5":"has-post-thumbnail","7":"category-cine","8":"tag-arte","9":"tag-arte-y-cultura","10":"tag-cine","11":"tag-cine-espanol","12":"tag-cubanos-en-espana","13":"tag-cultura","14":"tag-entertainment","15":"tag-entretenimiento","16":"tag-es","17":"tag-espana","18":"tag-film","19":"tag-internacionales","20":"tag-movies","21":"tag-spain","22":"tag-videos"},"share_on_mastodon":{"url":"https:\/\/pubeurope.com\/@es\/115405247433113044","error":""},"_links":{"self":[{"href":"https:\/\/www.europesays.com\/es\/wp-json\/wp\/v2\/posts\/188800","targetHints":{"allow":["GET"]}}],"collection":[{"href":"https:\/\/www.europesays.com\/es\/wp-json\/wp\/v2\/posts"}],"about":[{"href":"https:\/\/www.europesays.com\/es\/wp-json\/wp\/v2\/types\/post"}],"author":[{"embeddable":true,"href":"https:\/\/www.europesays.com\/es\/wp-json\/wp\/v2\/users\/2"}],"replies":[{"embeddable":true,"href":"https:\/\/www.europesays.com\/es\/wp-json\/wp\/v2\/comments?post=188800"}],"version-history":[{"count":0,"href":"https:\/\/www.europesays.com\/es\/wp-json\/wp\/v2\/posts\/188800\/revisions"}],"wp:featuredmedia":[{"embeddable":true,"href":"https:\/\/www.europesays.com\/es\/wp-json\/wp\/v2\/media\/188801"}],"wp:attachment":[{"href":"https:\/\/www.europesays.com\/es\/wp-json\/wp\/v2\/media?parent=188800"}],"wp:term":[{"taxonomy":"category","embeddable":true,"href":"https:\/\/www.europesays.com\/es\/wp-json\/wp\/v2\/categories?post=188800"},{"taxonomy":"post_tag","embeddable":true,"href":"https:\/\/www.europesays.com\/es\/wp-json\/wp\/v2\/tags?post=188800"}],"curies":[{"name":"wp","href":"https:\/\/api.w.org\/{rel}","templated":true}]}}