{"id":188806,"date":"2025-10-20T07:13:09","date_gmt":"2025-10-20T07:13:09","guid":{"rendered":"https:\/\/www.europesays.com\/es\/188806\/"},"modified":"2025-10-20T07:13:09","modified_gmt":"2025-10-20T07:13:09","slug":"daniel-guzman-con-16-anos-la-policia-me-pego-una-paliza-y-estuve-tres-dias-en-comisaria-icon","status":"publish","type":"post","link":"https:\/\/www.europesays.com\/es\/188806\/","title":{"rendered":"Daniel Guzm\u00e1n: \u201cCon 16 a\u00f1os la polic\u00eda me peg\u00f3 una paliza y estuve tres d\u00edas en comisar\u00eda\u201d | ICON"},"content":{"rendered":"<p class=\"\">A Daniel Guzm\u00e1n (52 a\u00f1os, Madrid) hay que sacarlo a la calle. Solo all\u00ed se explican su vida y su cine, que a menudo son casi lo mismo. Para esta entrevista quedamos en el centro de Madrid delante del edificio donde ha grabado su \u00faltima pel\u00edcula, <a href=\"https:\/\/elpais.com\/cultura\/cine\/2025-10-17\/la-deuda-daniel-guzman-y-una-anciana-de-91-anos-conmueven-con-una-pelicula-para-la-buena-gente.html\" target=\"_blank\" rel=\"noreferrer nofollow noopener\" title=\"https:\/\/elpais.com\/cultura\/cine\/2025-10-17\/la-deuda-daniel-guzman-y-una-anciana-de-91-anos-conmueven-con-una-pelicula-para-la-buena-gente.html\">La deuda<\/a>. En la historia, su personaje se zambulle en una angustiante huida hacia delante para evitar ser desahuciado por un fondo que quiere rehabilitar el bloque. En la vida real, se trata del Edificio Montano, una reliquia del siglo XIX que tambi\u00e9n est\u00e1 en obras. Mientras posa para la c\u00e1mara, un corro de hombres encamisados se re\u00fane en la puerta. Uno de ellos se acerca sonriente, charla un rato y se aleja. \u201cVan a hacer un coliving. Me lo ha dicho con la boca peque\u00f1a y yo le he respondido: \u2018Pues entonces te va a encantar la peli, macho\u201d, resume entre risas.<\/p>\n<p class=\"\">Al bajar la calle lo interceptan otras dos personas m\u00e1s para pedirle fotos. El personaje que interpret\u00f3 en <a href=\"https:\/\/elpais.com\/icon\/2021-12-11\/salieron-buenos-capitulos-pero-el-equipo-revento-historia-oral-completa-y-definitiva-de-aqui-no-hay-quien-viva.html\" target=\"_blank\" rel=\"noreferrer nofollow noopener\" title=\"https:\/\/elpais.com\/icon\/2021-12-11\/salieron-buenos-capitulos-pero-el-equipo-revento-historia-oral-completa-y-definitiva-de-aqui-no-hay-quien-viva.html\">Aqu\u00ed no hay quien viva<\/a> sigue triunfando entre los j\u00f3venes, aunque hace una d\u00e9cada que apart\u00f3 la interpretaci\u00f3n para escribir, dirigir y producir sus propias pel\u00edculas. Con La deuda, cierra un ciclo, junto a A cambio de nada (2015) y Canallas (2022), en el que se ha dejado la piel, y casi la salud, por retratar los conflictos, los v\u00ednculos y los barrios de su atormentada adolescencia. <\/p>\n<blockquote class=\"a_q\">\n<p>\u201cSiempre he tenido la necesidad de ser libre por mi problema con la autoridad, pero al mismo tiempo, como un perro, busco que me acaricien cuando me vean\u201d<\/p>\n<\/blockquote>\n<p class=\"\">\u201cPara entender tu vida suele ser m\u00e1s f\u00e1cil gastarte 60 euros en terapia que cinco millones en una pel\u00edcula. Pero a m\u00ed, cuando se me mete una historia en el cuerpo, la tengo que contar\u201d, explica despu\u00e9s sentado en una taberna. Pega un sorbo a su t\u00e9 y suelta: \u201cTengo que psicoanalizarme\u201d. Lo repite varias veces en la conversaci\u00f3n, como invitando a hacerlo con \u00e9l. Empezamos, como no, por la infancia.<\/p>\n<p class=\"\"><b>Hitchcock dec\u00eda que la primera vez que pis\u00f3 una comisar\u00eda fue porque su padre lo llev\u00f3 por portarse mal y esa an\u00e9cdota tan tonta hab\u00eda marcado por completo su vida y su cine\u2026<\/b> No es ninguna tonter\u00eda, me parece maravilloso. Me recuerda a una experiencia que tuve con mi madre. Mi madre fum\u00f3 durante mucho tiempo, una o dos cajas al d\u00eda en sus \u00e9pocas m\u00e1s dif\u00edciles. Yo cog\u00eda los paquetes y hac\u00eda que fumaba con 4 o 5 a\u00f1os. Un d\u00eda me dijo: \u2018\u00bfQuieres fumar? Pues venga, yo te lo enciendo y t\u00fa absorbe el humo con fuerza\u2019. Acab\u00e9 vomitando, ahog\u00e1ndome, bebiendo leche y nunca he vuelto a fumar. Esos recuerdos de la infancia se graban a fuego.<\/p>\n<p><img decoding=\"auto\" class=\"_re lazyload a_m-h\" height=\"298\"  width=\"414\"  src=\"https:\/\/www.europesays.com\/es\/wp-content\/uploads\/2025\/10\/MIIKIJRYDZC3ZLONO4SK6TSINQ.jpg\" loading=\"lazy\"\/>El actor y director Daniel Guzm\u00e1n en el barrio donde ha rodado su \u00faltima pel\u00edcula en Madrid.Jaime Villanueva <\/p>\n<p class=\"\"><b>En su caso, \u00bfrecuerda cu\u00e1ndo pis\u00f3 por primera vez una comisar\u00eda?<\/b> Con 16 a\u00f1os, por un tema de un robo. La detenci\u00f3n fue bastante violenta para un ni\u00f1o de esa edad, me pegaron una paliza y estuve tres d\u00edas en comisar\u00eda hasta pasar a disposici\u00f3n judicial. Despu\u00e9s me devolvieron esposado al barrio, eso te estigmatiza mucho y te acompa\u00f1a de por vida. Quiz\u00e1 de ah\u00ed viene mi problema con la autoridad. No soporto que me manden y cada vez que veo a alguien con una placa abusar de un pobre o un manifestante me entra una ira que no s\u00e9 c\u00f3mo gestionar. Y eso est\u00e1 en mis historias, claro. Mis pel\u00edculas est\u00e1n llenas de interrogatorios, polic\u00edas y descampados.<\/p>\n<p class=\"\"><b>En sus redes se define como un \u201cperro callejero\u201d, \u00bfsigue sinti\u00e9ndose as\u00ed?<\/b> S\u00ed, tiene mucho que ver con el cine quinqui y el mundo de la delincuencia que yo viv\u00ed entre los a\u00f1os ochenta y noventa. Un perro callejero necesita encontrar su lugar viviendo en la calle sin collar, pero tambi\u00e9n va buscando afecto. Adem\u00e1s si no conoce las reglas de la calle, le pueden hacer mucho da\u00f1o: le atropellan o le dan una patada. En el fondo es lo que les pasa a mis personajes y a m\u00ed mismo. Siempre he tenido la necesidad de ser libre por mi problema con la autoridad, pero al mismo tiempo, como un perro, busco que me acaricien cuando me vean.<\/p>\n<blockquote class=\"a_q\">\n<p>\u201cTodo el mundo ha visto \u2018Aqu\u00ed no hay quien viva\u2019 o lo sigue viendo. A veces vienen algunos y me dicen: \u201cqu\u00e9 viejo est\u00e1s, t\u00edo\u201d. \u00a1Es que hace 20 a\u00f1os que lo grab\u00e9!\u00bb<\/p>\n<\/blockquote>\n<p class=\"\"><b>Para alguien que ha vivido y rodado tanto en la calle, \u00bfc\u00f3mo cambia ser tan conocido? <\/b>No sabes lo que es la intimidad hasta que la pierdes. Me pesa mucho no poder observar por la calle como antes por sentir que todo el mundo te est\u00e1 observando a ti. Yo siempre analizaba mucho la calle, all\u00ed me han pasado todo tipo de historias, pero lleg\u00f3 un momento que eso cambi\u00f3. Aqu\u00ed no hay quien viva fue un fen\u00f3meno social y despu\u00e9s ha seguido siendo n\u00famero uno en plataformas. Sociol\u00f3gicamente es muy interesante porque me pillan tres generaciones, los de 60 a\u00f1os, los de 40 y los de 20. Todo el mundo lo ha visto o lo sigue viendo. A veces vienen algunos y me dicen: \u201c\u00a1Qu\u00e9 viejo est\u00e1s, t\u00edo!\u201d. \u00a1Es que hace 20 a\u00f1os que lo grab\u00e9! Si pudiera elegir me gustar\u00eda ser una cara desconocida, pero entonces no podr\u00eda haber desarrollado el resto de mi carrera. Es una factura, un peaje que hay que pasar.<\/p>\n<p class=\"\"><b>Su pr\u00f3xima pel\u00edcula se titula <\/b><b>La deuda<\/b><b>, \u00bftiende a arrastrar todas estas deudas emocionales? <\/b>Absolutamente. Tanto las deudas emocionales como la culpa est\u00e1n completamente enraizadas en nuestra cultura. En una sociedad tan religiosa la culpa sirve como mecanismo para tenernos controlados. La culpa se supone que acaba con el perd\u00f3n de los curas o de un ser en el espacio, pero en realidad somos nosotros los que deber\u00edamos perdonarnos y aceptarnos a nosotros mismos.<\/p>\n<p><img decoding=\"auto\" class=\"_re lazyload a_m-h\" height=\"295\"  width=\"414\"  src=\"https:\/\/www.europesays.com\/es\/wp-content\/uploads\/2025\/10\/6E2P2ZTK3VFU7C3BEMTQNS4RYA.jpg\" loading=\"lazy\"\/>El actor y director Daniel Guzm\u00e1n en el barrio donde ha rodado su \u00faltima pel\u00edcula en Madrid.Jaime Villanueva <\/p>\n<p class=\"\"><b>Pero, \u00bfha sido religioso en alg\u00fan momento?<\/b> No, no, yo soy ateo. En mi familia nunca han sido muy religiosos, ni siquiera mi abuela, que fue una tipa adelantada a su tiempo. Vamos, dada mi trayectoria, soy bastante punki. Me cri\u00e9 con Evaristo y <a href=\"https:\/\/elpais.com\/cultura\/2021-09-17\/la-polla-records-como-unos-pueblerinos-crearon-el-grupo-mas-grande-del-punk-espanol.html\" target=\"_blank\" rel=\"noreferrer nofollow noopener\" title=\"https:\/\/elpais.com\/cultura\/2021-09-17\/la-polla-records-como-unos-pueblerinos-crearon-el-grupo-mas-grande-del-punk-espanol.html\">La Polla Records<\/a> y ahora estoy montando un grupo de m\u00fasica de versiones suyas. Yo no canto ni en la ducha, as\u00ed que grito y me dejo la garganta. Nuestro primer concierto va a ser el <a href=\"https:\/\/elpais.com\/especiales\/2015\/aniversario-20-n\/\" target=\"_blank\" rel=\"noreferrer nofollow noopener\" title=\"https:\/\/elpais.com\/especiales\/2015\/aniversario-20-n\/\">20N<\/a>, para que veas lo que me importan a m\u00ed los dogmas y el cristianismo. Pero el conflicto con las deudas y la culpa, y hasta qu\u00e9 punto nos impiden evolucionar, me parec\u00eda un temazo.<\/p>\n<p class=\"\"><b>\u00bfY qu\u00e9 hay de las deudas econ\u00f3micas? Cada vez que acaba una pel\u00edcula jura que ser\u00e1 su \u00faltima.<\/b> Son procesos que te acaban desgastando f\u00edsica y econ\u00f3micamente. Para tener una autor\u00eda, es decir, para que no me quiten p\u00e1ginas de guion o personajes, me tengo que producir yo mismo. No tengo estructura, todo pasa por m\u00ed. Si una pel\u00edcula te quita dos a\u00f1os de tu vida solo para producirla, imag\u00ednate cuando adem\u00e1s act\u00faas, escribes y diriges. Es una esquizofrenia, no quiero seguir haci\u00e9ndolo, es de ser un ignorante. Sobre todo, cuando despu\u00e9s est\u00e1 solo una semana en la cartelera. El cine ha cambiado mucho con la llegada de las plataformas. Antes te transformaba, pero eso ya no es posible. Con tantos estrenos solo uno o dos sobreviven cada semana y a tu pel\u00edcula no le da tiempo a convertirse en una herramienta social, una herramienta para entender la vida que, al final, es lo que hace el cine.<\/p>\n<blockquote class=\"a_q\">\n<p>\u201cTal vez deber\u00eda dedicarme a otra cosa que no tenga nada que ver con el cine. Si tu trabajo te pasa por encima, es mejor cambiar\u201d<\/p>\n<\/blockquote>\n<p class=\"\"><b>Aun as\u00ed sigue estrenando pel\u00edculas, \u00bfpor qu\u00e9?<\/b> Eso me pregunto yo, me tienen que psicoanalizar. Como necesite contar una historia, muevo el mundo para hacerlo. Intento hacer pel\u00edculas que se queden con el p\u00fablico. Que te cuestionen, que te incomoden y que, cuando veas un delito, alguien robando un m\u00f3vil, por ejemplo, te aleje de ser de esa persona que se tira encima de \u00e9l y le pisa el cuello. A lo mejor, gracias al cine, no te conviertes en el polic\u00eda que le aprieta el cuello y lo mata o, cuando ves lo que est\u00e1 pasando en Gaza, dejas de mirar hacia otro lado y paras La Vuelta Ciclista. A lo mejor el cine, y no quiero ser demagogo, te pone en el lugar de los que no lo tienen tan f\u00e1cil y los entiendes.<\/p>\n<p class=\"\"><b>En Espa\u00f1a existe cierto prejuicio del p\u00fablico hacia el cine social, \u00bfde d\u00f3nde cree que viene?<\/b> M\u00e1s que un movimiento cultural, vino de un impulso industrial. A partir del a\u00f1o 2010 las televisiones crearon productoras porque la ley les obligaba a invertir en cine. Buscaban hacer solo pel\u00edculas de entretenimiento, comedias y terror. Los cineastas independientes reivindic\u00e1bamos la excepci\u00f3n cultural y el cine diverso, pero ellos dec\u00edan que el cine social no le interesaba a nadie porque las pel\u00edculas eran tristes y oscuras. Pero no es verdad, en los a\u00f1os noventa era el m\u00e1s taquillero y, para m\u00ed, el barrio es donde hay m\u00e1s alegr\u00eda y color y donde m\u00e1s te r\u00edes de ti mismo. No hay solo un tipo de cine social, puede haber comedias o thrillers, y justo por esa diversidad es tan necesario. <\/p>\n<p><img decoding=\"auto\" class=\"_re lazyload a_m-h\" height=\"291\"  width=\"414\"  src=\"https:\/\/www.europesays.com\/es\/wp-content\/uploads\/2025\/10\/2NN4NH2REVBZDJTEGK4KVLKM6Q.jpg\" loading=\"lazy\"\/>El actor y director Daniel Guzm\u00e1n en el barrio donde ha rodado su \u00faltima pel\u00edcula en Madrid.Jaime Villanueva <\/p>\n<p class=\"\"><b>En <\/b><b>La deuda<\/b><b> aborda la gentrificaci\u00f3n, un problema que el cine lleva a\u00f1os retratando. \u00bfPor qu\u00e9 es necesario seguir haci\u00e9ndolo?<\/b> Hombre, dentro del capitalismo, una pel\u00edcula no va a hacer mucho. Al final esto es parte del sistema econ\u00f3mico de un pa\u00eds que ha apostado todo al ladrillo, al turismo y a los servicios. Las grandes ciudades llevan d\u00e9cadas fagocit\u00e1ndose a s\u00ed mismas y especulando con el bien de la vivienda. Pero el cine s\u00ed que puede ser una lupa para amplificar el problema y generar pensamiento cr\u00edtico. Mira lo del coliving de antes. Estaban todos: el t\u00e9cnico de urbanismo, el de la constructora y el propietario\u2026 Es un edificio m\u00edtico donde se ha rodado mucho y me han dicho que la m\u00eda iba a ser la \u00faltima pel\u00edcula porque han cambiado la licencia y van a reformarlo entero. La gentrificaci\u00f3n pura y dura. \u00a1Qu\u00e9 casualidad que justo se vaya a convertir en lo que cuenta la pel\u00edcula!<\/p>\n<p class=\"\"><b>Imagino que eligi\u00f3 la zona precisamente por eso.<\/b> Aqu\u00ed vive mi madre y aqu\u00ed viv\u00ed con mi abuela. En la \u00faltima etapa de su vida sufri\u00f3 un trombo pulmonar y todas las tardes \u00edbamos al centro de salud. Le pon\u00edan la mascarilla y no pod\u00edamos hablar, as\u00ed que nos pas\u00e1bamos 15 minutos sonri\u00e9ndonos con los ojos. La pel\u00edcula se me ocurri\u00f3 all\u00ed. Camin\u00e1bamos todos los d\u00edas por estas calles desde las que se ven a lo lejos los edificios grandes que van comi\u00e9ndose el Madrid antiguo. Al final, siempre busco volver a los lugares donde he echado ra\u00edces para contar mis historias y los espacios acaban convirti\u00e9ndose en un personaje m\u00e1s. Me gusta ver a mis personajes como las flores que salen a la luz entre medias del asfalto, el hormig\u00f3n y el ladrillo.<\/p>\n<p class=\"\"><b>Uno de ellos fue su propia abuela a quien dirigi\u00f3 a\u00f1os antes de fallecer. \u00bfHa podido volver a ver la pel\u00edcula?<\/b> No soy capaz, es imposible. No puedo ver ni una imagen de A cambio de nada. Es m\u00e1s, cuando estoy en el ordenador buscando fotos y aparece mi abuela la paso r\u00e1pido porque no puedo. All\u00ed tengo un asunto que solucionar.<\/p>\n<p class=\"\"><b>De hecho, en las siguientes pel\u00edculas ha recreado su figura con otros personajes ancianos.<\/b> Mira, Hitchcock dec\u00eda que no se ten\u00eda que grabar con ni\u00f1os y animales, pues yo adem\u00e1s lo hago con ancianos. Hitchcock me matar\u00eda, pero a m\u00ed me sale solo. Quiz\u00e1 esa conexi\u00f3n venga de mi propia experiencia, pero creo que tambi\u00e9n es por mi relaci\u00f3n en general con los ancianos. Es una relaci\u00f3n puramente ego\u00edsta, me r\u00edo mucho con ellos y aprendo mucho por su sentido com\u00fan y su educaci\u00f3n. Las relaciones intergeneracionales son mucho m\u00e1s ricas que el resto. Tienen otro punto de vista porque est\u00e1n cerca del final y hay que aprender de eso porque en tres telediarios estamos all\u00ed con un simple \u2018corte a\u2019. En nada estar\u00e9 recordando esta entrevista con mis nietos.<\/p>\n<p class=\"\"><b>\u00bfY qu\u00e9 le gustar\u00eda poder decirles a sus nietos que hizo despu\u00e9s de esta pel\u00edcula?<\/b> No s\u00e9 si seguir\u00e9 trabajando en el cine, tal vez como actor o director si me llaman. Pero no creo que siga levantando estos monstruos de 5 millones de euros, porque ya no lo hacen casi ni los estudios. Me he desgastado, quiero vivir, viajar, estar con mis colegas del grupo de m\u00fasica, dedicarme a otras cosas\u2026 A lo mejor me da por hacer un podcast. Lo que me ha hecho feliz mucho tiempo no tiene por qu\u00e9 seguir haci\u00e9ndolo y tal vez deber\u00eda dedicarme a otra cosa que no tenga nada que ver con el cine. Si tu trabajo te pasa por encima, es mejor cambiar.<\/p>\n","protected":false},"excerpt":{"rendered":"A Daniel Guzm\u00e1n (52 a\u00f1os, Madrid) hay que sacarlo a la calle. Solo all\u00ed se explican su vida&hellip;\n","protected":false},"author":2,"featured_media":188807,"comment_status":"","ping_status":"","sticky":false,"template":"","format":"standard","meta":{"footnotes":""},"categories":[91],"tags":[1014,8666,177,26334,13245,9265,146,147,25,24,586,23,3633],"class_list":{"0":"post-188806","1":"post","2":"type-post","3":"status-publish","4":"format-standard","5":"has-post-thumbnail","7":"category-entretenimiento","8":"tag-actores","9":"tag-aqui-no-hay-quien-viva","10":"tag-cine","11":"tag-cine-autor","12":"tag-daniel-guzman","13":"tag-directores-cine","14":"tag-entertainment","15":"tag-entretenimiento","16":"tag-es","17":"tag-espana","18":"tag-policia","19":"tag-spain","20":"tag-vivienda"},"share_on_mastodon":{"url":"https:\/\/pubeurope.com\/@es\/115405259211729132","error":""},"_links":{"self":[{"href":"https:\/\/www.europesays.com\/es\/wp-json\/wp\/v2\/posts\/188806","targetHints":{"allow":["GET"]}}],"collection":[{"href":"https:\/\/www.europesays.com\/es\/wp-json\/wp\/v2\/posts"}],"about":[{"href":"https:\/\/www.europesays.com\/es\/wp-json\/wp\/v2\/types\/post"}],"author":[{"embeddable":true,"href":"https:\/\/www.europesays.com\/es\/wp-json\/wp\/v2\/users\/2"}],"replies":[{"embeddable":true,"href":"https:\/\/www.europesays.com\/es\/wp-json\/wp\/v2\/comments?post=188806"}],"version-history":[{"count":0,"href":"https:\/\/www.europesays.com\/es\/wp-json\/wp\/v2\/posts\/188806\/revisions"}],"wp:featuredmedia":[{"embeddable":true,"href":"https:\/\/www.europesays.com\/es\/wp-json\/wp\/v2\/media\/188807"}],"wp:attachment":[{"href":"https:\/\/www.europesays.com\/es\/wp-json\/wp\/v2\/media?parent=188806"}],"wp:term":[{"taxonomy":"category","embeddable":true,"href":"https:\/\/www.europesays.com\/es\/wp-json\/wp\/v2\/categories?post=188806"},{"taxonomy":"post_tag","embeddable":true,"href":"https:\/\/www.europesays.com\/es\/wp-json\/wp\/v2\/tags?post=188806"}],"curies":[{"name":"wp","href":"https:\/\/api.w.org\/{rel}","templated":true}]}}